{"id":64454,"date":"2023-10-28T11:06:55","date_gmt":"2023-10-28T09:06:55","guid":{"rendered":"https:\/\/miradordeatarfe.es\/?p=64454"},"modified":"2023-10-27T11:50:04","modified_gmt":"2023-10-27T09:50:04","slug":"este-sabado-a-las-3-seran-las-2-que-consecuencias-lleva","status":"publish","type":"post","link":"https:\/\/miradordeatarfe.es\/?p=64454","title":{"rendered":"Este s\u00e1bado, a las 3 ser\u00e1n las 2.\u00bf QUE CONSECUENCIAS LLEVA?"},"content":{"rendered":"<h2 id=\"h-consecuencias-para-la-salud-del-cambio-de-hora\" class=\"wp-block-heading\" style=\"text-align: justify;\">Consecuencias para la salud del cambio de hora<\/h2>\n<p style=\"text-align: justify;\">Los efectos m\u00e1s perjudiciales para la salud los trae el verdadero cambio de hora, el que tiene lugar en primavera. \u201cEl cambio de hora de marzo produce una serie de <strong>efectos agudos<\/strong>, a corto plazo\u201d, se\u00f1ala Bonmat\u00ed. \u201cSe acorta el tiempo de sue\u00f1o, con todo lo que ello puede conllevar, hay mayor <strong>somnolencia<\/strong> durante el d\u00eda, mayor tendencia a los cambios de humor y <strong>peor estado de \u00e1nimo<\/strong>\u201d. Adem\u00e1s,\u00a0 \u201clas<strong> alteraciones digestivas<\/strong> tambi\u00e9n son frecuentes, pues nuestro metabolismo no entiende los cambios de hora\u201d. Incluso \u201cparece que las visitas a urgencias se incrementan, as\u00ed como los<strong> infartos de miocardio<\/strong> y los accidentes cerebrovasculares\u201d.<\/p>\n<p style=\"text-align: justify;\">Todo esto ocurre a corto plazo. Es dif\u00edcil cuantificar si tambi\u00e9n hay efectos a largo plazo, porque \u201cse pueden confundir los efectos del cambio de hora con los producidos por el cambio estacional natural en el <strong>fotoperiodo<\/strong>\u201d.<\/p>\n<p style=\"text-align: justify;\">Adem\u00e1s, influyen diversos factores, desde los patrones de sue\u00f1o de cada persona hasta su ubicaci\u00f3n geogr\u00e1fica. Sin embargo, \u201cde forma indirecta s\u00ed podemos intuir que puede haber efectos negativos acumulativos relacionados con el cambio de hora, debidos a la falta de sue\u00f1o y la <strong>disrupci\u00f3n circadiana<\/strong>\u201d.<\/p>\n<p style=\"text-align: justify;\">Los ritmos circadianos son los que marcan los fen\u00f3menos fisiol\u00f3gicos que siguen <strong>periodos de 24 horas.<\/strong> Por ejemplo, el sue\u00f1o. Cada d\u00eda, dormimos una serie de horas y nos mantenemos despiertos lo que queda hasta completar las 24 horas. Comemos una serie de veces, m\u00e1s o menos a la misma hora y, en general, seguimos ciclos que se repiten una y otra vez. Esto, entre otros desencadenantes, est\u00e1 controlado por las horas de luz. Cuando esta entra a trav\u00e9s de nuestros ojos, el cerebro interpreta que es de d\u00eda y que, por lo tanto, debemos estar despiertos. En cambio, a medida que oscurece, se segrega una hormona llamada <strong>melatonina<\/strong>, que, entre otras funciones, se encarga de generarnos la somnolencia que necesitamos para dormir.\u00a0<\/p>\n<p style=\"text-align: justify;\">Las horas de luz van variando a lo largo del a\u00f1o, como bien nos recuerda Mari \u00c1ngeles Bonmat\u00ed. \u201cHay que dejar claro que los d\u00edas no se acortan o alargan gracias a los cambios de hora, sino a los cambios estacionales que se producen como consecuencia de la <strong>traslaci\u00f3n de la Tierra alrededor del Sol<\/strong>\u201d, explica la cronobi\u00f3loga. \u201cCon el cambio de hora lo \u00fanico que hacemos es retrasar o adelantar el reloj que rige nuestros horarios, lo que implica, sobre todo en el cambio de marzo, aumentar la discrepancia entre nuestro reloj interno, el horario solar y el social\u201d.<\/p>\n<p style=\"text-align: justify;\">Es por eso por lo que ese cambio de hora artificial nos sienta tan mal. Porque estamos entrando en conflicto con los ciclos que normalmente gobiernan nuestro cerebro con la precisi\u00f3n de un reloj suizo.\u00a0<\/p>\n<h2 id=\"h-deberia-haber-solo-un-cambio-de-hora\" class=\"wp-block-heading\" style=\"text-align: justify;\">\u00bfDeber\u00eda haber solo un cambio de hora?<\/h2>\n<p style=\"text-align: justify;\">En los \u00faltimos a\u00f1os, expertos de todo el mundo han insistido en que <strong>se deber\u00eda abandonar el cambio de hora<\/strong>. No obstante, hay ciertas discrepancias sobre cu\u00e1l debe ser la hora elegida.<\/p>\n<p style=\"text-align: justify;\">Por ejemplo, en <strong>Estados Unidos<\/strong>, el Senado aprob\u00f3 en 2022 <a href=\"https:\/\/www.washingtonpost.com\/wellness\/2022\/03\/16\/daylight-saving-bill-health-effects\/\">la decisi\u00f3n de abandonar el cambio de hora y dejar un horario fijo<\/a>. No obstante, se opt\u00f3 por mantener el conocido como horario de verano, de modo que se gener\u00f3 una intensa respuesta entre los cient\u00edficos.<\/p>\n<p style=\"text-align: justify;\">La <strong>Academia Americana de Medicina del Sue\u00f1o <\/strong>emiti\u00f3 un comunicado, se\u00f1alando su acuerdo con abandonar el cambio de hora, pero su desacuerdo en la selecci\u00f3n del horario. Ellos se\u00f1alaban que lo mejor para la salud es mantener el mal llamado horario de invierno, pues es el que coincide con el horario solar y, por lo tanto, aquel por el que se rigen nuestros ritmos circadianos de forma natural.<\/p>\n<aside class=\"scaip scaip-4    \">\n<aside id=\"newspack-ads-widget-24\" class=\"widget_newspack-ads-widget clearfix\"><\/aside>\n<\/aside>\n<p style=\"text-align: justify;\">Est\u00e1 de acuerdo tambi\u00e9n Bonmat\u00ed, quien recuerda que \u201cperder una hora supone alejarnos de lo que marca nuestro <strong>reloj interno<\/strong>\u201d.<\/p>\n<p style=\"text-align: justify;\">Por todo esto, este s\u00e1bado en realidad <strong>no tenemos un cambio de hora, sino una vuelta\u00a0 a la normalidad<\/strong>. Al menos, a lo que nuestro cerebro interpreta como normal. Y, como ya hemos visto con tantos otros fen\u00f3menos, debemos tomarnos mucho m\u00e1s en serio lo que dicta nuestro cerebro.\u00a0<\/p>\n<section id=\"block-25\" class=\"below-content widget widget_block\">\n<div class=\"wp-block-group is-style-default hiper-newsletter-box has-background is-layout-constrained wp-block-group-is-layout-constrained\">\n<div class=\"wp-block-group__inner-container\">\n<p class=\"has-white-color has-text-color\" style=\"text-align: justify;\"><span class=\"byline\"> por <span class=\"author vcard\"><a class=\"url fn n\" href=\"https:\/\/hipertextual.com\/author\/azucenamartin\"><strong>Azucena Mart\u00edn<\/strong><\/a><\/span> <\/span><\/p>\n<p>ART\u00cdCULO COMPLETO: https:\/\/hipertextual.com\/2023\/10\/dato-cambio-hora-otono?utm_source=pocket-newtab-es-es<\/p>\n<\/div>\n<\/div>\n<\/section>\n","protected":false},"excerpt":{"rendered":"<p>Consecuencias para la salud del cambio de hora Los efectos m\u00e1s perjudiciales para la salud&#8230;<\/p>\n","protected":false},"author":1,"featured_media":64455,"comment_status":"closed","ping_status":"closed","sticky":false,"template":"","format":"standard","meta":{"_coblocks_attr":"","_coblocks_dimensions":"","_coblocks_responsive_height":"","_coblocks_accordion_ie_support":"","jetpack_post_was_ever_published":false,"_jetpack_newsletter_access":"","_jetpack_dont_email_post_to_subs":false,"_jetpack_newsletter_tier_id":0,"_jetpack_memberships_contains_paywalled_content":false,"_jetpack_memberships_contains_paid_content":false,"footnotes":"","jetpack_publicize_message":"","jetpack_publicize_feature_enabled":true,"jetpack_social_post_already_shared":true,"jetpack_social_options":{"image_generator_settings":{"template":"highway","default_image_id":0,"enabled":false},"version":2}},"categories":[1161,44,10],"tags":[],"class_list":["post-64454","post","type-post","status-publish","format-standard","has-post-thumbnail","hentry","category-ciudadania","category-noticias-de-hoy","category-salud"],"jetpack_publicize_connections":[],"jetpack_featured_media_url":"https:\/\/i0.wp.com\/miradordeatarfe.es\/wp-content\/uploads\/2023\/10\/lukas-blazek-UAvYasdkzq8-unsplash-scaled-1.webp?fit=1200%2C795&ssl=1","jetpack_likes_enabled":true,"jetpack_sharing_enabled":true,"_links":{"self":[{"href":"https:\/\/miradordeatarfe.es\/index.php?rest_route=\/wp\/v2\/posts\/64454","targetHints":{"allow":["GET"]}}],"collection":[{"href":"https:\/\/miradordeatarfe.es\/index.php?rest_route=\/wp\/v2\/posts"}],"about":[{"href":"https:\/\/miradordeatarfe.es\/index.php?rest_route=\/wp\/v2\/types\/post"}],"author":[{"embeddable":true,"href":"https:\/\/miradordeatarfe.es\/index.php?rest_route=\/wp\/v2\/users\/1"}],"replies":[{"embeddable":true,"href":"https:\/\/miradordeatarfe.es\/index.php?rest_route=%2Fwp%2Fv2%2Fcomments&post=64454"}],"version-history":[{"count":1,"href":"https:\/\/miradordeatarfe.es\/index.php?rest_route=\/wp\/v2\/posts\/64454\/revisions"}],"predecessor-version":[{"id":64456,"href":"https:\/\/miradordeatarfe.es\/index.php?rest_route=\/wp\/v2\/posts\/64454\/revisions\/64456"}],"wp:featuredmedia":[{"embeddable":true,"href":"https:\/\/miradordeatarfe.es\/index.php?rest_route=\/wp\/v2\/media\/64455"}],"wp:attachment":[{"href":"https:\/\/miradordeatarfe.es\/index.php?rest_route=%2Fwp%2Fv2%2Fmedia&parent=64454"}],"wp:term":[{"taxonomy":"category","embeddable":true,"href":"https:\/\/miradordeatarfe.es\/index.php?rest_route=%2Fwp%2Fv2%2Fcategories&post=64454"},{"taxonomy":"post_tag","embeddable":true,"href":"https:\/\/miradordeatarfe.es\/index.php?rest_route=%2Fwp%2Fv2%2Ftags&post=64454"}],"curies":[{"name":"wp","href":"https:\/\/api.w.org\/{rel}","templated":true}]}}