{"id":64466,"date":"2023-10-30T09:35:48","date_gmt":"2023-10-30T08:35:48","guid":{"rendered":"https:\/\/miradordeatarfe.es\/?p=64466"},"modified":"2023-10-27T11:39:55","modified_gmt":"2023-10-27T09:39:55","slug":"las-obras-que-garantizaran-el-abastecimiento-de-granada-y-parte-del-cinturon","status":"publish","type":"post","link":"https:\/\/miradordeatarfe.es\/?p=64466","title":{"rendered":"Las obras que garantizar\u00e1n el abastecimiento de Granada y parte del Cintur\u00f3n"},"content":{"rendered":"<div id=\"main\">\n<div class=\"item\">\n<h3 style=\"text-align: justify;\">Las obras que garantizar\u00e1n el abastecimiento de Granada y parte del Cintur\u00f3n finalizar\u00e1n en noviembre, tras una inversi\u00f3n de 5,5 millones de euros<\/h3>\n<p style=\"text-align: justify;\">El delegado del Gobierno de Espa\u00f1a en Andaluc\u00eda, Pedro Fern\u00e1ndez, recuerda que el Ministerio para la Transici\u00f3n Ecol\u00f3gica, que sufraga esta obra, moviliza este a\u00f1o en Andaluc\u00eda cerca de 262 millones en materia de agua.<\/p>\n<p style=\"text-align: justify;\">Las obras de emergencia financiadas por el Ministerio para la Transici\u00f3n Ecol\u00f3gica y el Reto Demogr\u00e1fico (MITECO) en el Sistema Colomera- Cubillas, que garantizar\u00e1n el abastecimiento de agua a Granada y parte de su cintur\u00f3n metropolitano, finalizar\u00e1n el pr\u00f3ximo mes de noviembre, seg\u00fan ha anunciado el delegado del Gobierno de Espa\u00f1a en Andaluc\u00eda, Pedro Fern\u00e1ndez, durante una visita hoy a los trabajos, que ejecuta la Confederaci\u00f3n Hidrogr\u00e1fica del Guadalquivir (CHG) y que han supuesto una inversi\u00f3n de 5,5 millones de euros.\u00a0<\/p>\n<h3 class=\"sumari\" style=\"text-align: justify;\">Beneficiar\u00e1 de forma inmediata a 130.000 personas\u00a0<\/h3>\n<p style=\"text-align: justify;\">Las obras comenzaron en septiembre de 2022 \u201cy, tras cumplirse los plazos previstos, su puesta en funcionamiento asegurar\u00e1 el suministro de agua a m\u00e1s de medio mill\u00f3n de habitantes, si bien de forma inmediata beneficiar\u00e1 en torno a 130.000 personas que se suministran directamente del sistema Colomera-Cubillas, lo que da muestras del inter\u00e9s del Gobierno de Espa\u00f1a por afrontar con urgencia el d\u00e9ficit h\u00eddrico que est\u00e1 padeciendo esta zona, especialmente en \u00e9poca estival\u201d, ha asegurado Pedro Fern\u00e1ndez, que ha recordado que las obras se enmarca en el Real Decreto-ley 4\/2022, de 15 de marzo de 2022, por el que el Gobierno adopt\u00f3 medidas urgentes de apoyo al sector agrario por causa de la sequ\u00eda y que alcanza los 650 millones de euros en medidas econ\u00f3micas, fiscales y actuaciones de garant\u00eda de agua en Espa\u00f1a.\u00a0<\/p>\n<p style=\"text-align: justify;\">\u201cDe las inversiones previstas en el primer decreto de sequ\u00eda, Andaluc\u00eda se beneficia de 12 millones de euros, 6,82 millones de euros solo en la provincia de Granada, es decir, el 50 por ciento\u201d, ha detallado Pedro Fern\u00e1ndez, que ha explicado que inicialmente el decreto recog\u00eda 8,67 millones de euros, a lo que posteriormente se a\u00f1adi\u00f3 la declaraci\u00f3n de emergencia de las obras de interconexi\u00f3n del embalse de La Colada, en la demarcaci\u00f3n Hidrogr\u00e1fica del Guadiana, y la Estaci\u00f3n de tratamiento de agua potable de Sierra Boyera (C\u00f3rdoba), lo que sum\u00f3 los 12 millones de euros\u201d.\u00a0<\/p>\n<p style=\"text-align: justify;\">Adem\u00e1s, ha avanzado que en 2023 se han puesto en marcha la totalidad de las \u2018Actuaciones de ejecuci\u00f3n inmediata\u2019 en las cuencas afectadas por la sequ\u00eda contempladas en el RDL 4\/2023, de 11 de mayo, el segundo decreto de sequ\u00eda, con una inversi\u00f3n adicional de 14,76 millones. En este segundo decreto, ha subrayado, \u201cse encuentran los m\u00e1s de 820.000 euros para las actuaciones en la provincia granadina, como la adecuaci\u00f3n de la toma de la comunidad de regantes Canal de Jabal\u00f3n, en el embalse del Negrat\u00edn, el acondicionamiento de la obra de toma de la comunidad de regantes de Deifontes y la bater\u00eda de pozos de emergencia en la estaci\u00f3n de El Chaparral\u201d.\u00a0<\/p>\n<p class=\"sumari\" style=\"text-align: justify;\"><strong>Estas actuaciones \u201cno son decisiones de ahora, sino que contin\u00faan la senda de una apuesta iniciada en 2018\u201d, resalta Pedro Fern\u00e1ndez<\/strong><\/p>\n<p style=\"text-align: justify;\">El delegado del Gobierno ha puesto el foco en que estas actuaciones \u201cno son decisiones de ahora, sino que contin\u00faan la senda de una apuesta iniciada en 2018\u201d. \u201cActualmente el MITECO ejecuta actuaciones en Andaluc\u00eda por valor de 783 millones, que se pondr\u00e1n en servicio en el ciclo de planificaci\u00f3n hidrol\u00f3gica (antes del fin de 2027) y solo en 2023 se movilizar\u00e1 en materia de agua 261,87 millones\u201d, ha asegurado, refiri\u00e9ndose a los 165M\u20ac previstos en los Presupuestos Generales del Estado (PGE) para el a\u00f1o 2023; 82,1 millones de euros distribuidos en Conferencia Sectorial de Medio Ambiente procedentes de los fondos europeos del Plan de Recuperaci\u00f3n, Transformaci\u00f3n y Resiliencia (PRTR) y 14,76 millones que se ejecutan para obras de emergencia por sequ\u00eda.\u00a0<\/p>\n<p style=\"text-align: justify;\">\u201cTodo ello muestra claramente que el Gobierno est\u00e1 concienciado sobre la necesidad de solventar, en la medida de sus competencias y con la mayor urgencia, las consecuencias del d\u00e9ficit h\u00eddrico en nuestra comunidad, actuando con celeridad e invirtiendo en la puesta en marcha de infraestructuras que ayuden a paliar la falta de lluvias en Andaluc\u00eda\u201d, ha a\u00f1adido.<\/p>\n<h4 style=\"text-align: justify;\">Mayor y mejor abastecimiento<\/h4>\n<p style=\"text-align: justify;\">Los trabajos en el sistema Colomera-Cubillas, al 93% de su nivel de ejecuci\u00f3n, han consistido en la construcci\u00f3n de una nueva tuber\u00eda para el uso exclusivo del abastecimiento de Granada y su \u00e1rea metropolitana conectando los sondeos existentes junto a la Ronda Sur (A-395) con el dep\u00f3sito de Loaysa, de forma que se flexibilice el uso de los sondeos en cualquier situaci\u00f3n, evitando cuellos de botella e interferencias con otros usuarios.<\/p>\n<p style=\"text-align: justify;\">La soluci\u00f3n adoptada consiste en la construcci\u00f3n de una nueva tuber\u00eda que conecta 6 de los sondeos existentes con la red de distribuci\u00f3n existente en la zona del dep\u00f3sito de Loaysa, con una longitud de 2.480 m en su ramal principal.<\/p>\n<p><strong> <span class=\"autor\"> IndeGranada<\/span><\/strong><\/p>\n<p>FOTO:\u00a0 Pedro Fern\u00e1ndez, en su visita este viernes a las obras.<\/p>\n<p>https:\/\/www.elindependientedegranada.es\/economia\/obras-que-garantizaran-abastecimiento-granada-parte-cinturon-finalizaran-noviembre<\/p>\n<\/div>\n<\/div>\n","protected":false},"excerpt":{"rendered":"<p>Las obras que garantizar\u00e1n el abastecimiento de Granada y parte del Cintur\u00f3n finalizar\u00e1n en noviembre,&#8230;<\/p>\n","protected":false},"author":1,"featured_media":64467,"comment_status":"closed","ping_status":"closed","sticky":false,"template":"","format":"standard","meta":{"_coblocks_attr":"","_coblocks_dimensions":"","_coblocks_responsive_height":"","_coblocks_accordion_ie_support":"","jetpack_post_was_ever_published":false,"_jetpack_newsletter_access":"","_jetpack_dont_email_post_to_subs":false,"_jetpack_newsletter_tier_id":0,"_jetpack_memberships_contains_paywalled_content":false,"_jetpack_memberships_contains_paid_content":false,"footnotes":"","jetpack_publicize_message":"","jetpack_publicize_feature_enabled":true,"jetpack_social_post_already_shared":true,"jetpack_social_options":{"image_generator_settings":{"template":"highway","default_image_id":0,"enabled":false},"version":2}},"categories":[2,1161,44],"tags":[],"class_list":["post-64466","post","type-post","status-publish","format-standard","has-post-thumbnail","hentry","category-atarfe","category-ciudadania","category-noticias-de-hoy"],"jetpack_publicize_connections":[],"jetpack_featured_media_url":"https:\/\/i0.wp.com\/miradordeatarfe.es\/wp-content\/uploads\/2023\/10\/obras_cubillas.jpg?fit=650%2C434&ssl=1","jetpack_likes_enabled":true,"jetpack_sharing_enabled":true,"_links":{"self":[{"href":"https:\/\/miradordeatarfe.es\/index.php?rest_route=\/wp\/v2\/posts\/64466","targetHints":{"allow":["GET"]}}],"collection":[{"href":"https:\/\/miradordeatarfe.es\/index.php?rest_route=\/wp\/v2\/posts"}],"about":[{"href":"https:\/\/miradordeatarfe.es\/index.php?rest_route=\/wp\/v2\/types\/post"}],"author":[{"embeddable":true,"href":"https:\/\/miradordeatarfe.es\/index.php?rest_route=\/wp\/v2\/users\/1"}],"replies":[{"embeddable":true,"href":"https:\/\/miradordeatarfe.es\/index.php?rest_route=%2Fwp%2Fv2%2Fcomments&post=64466"}],"version-history":[{"count":1,"href":"https:\/\/miradordeatarfe.es\/index.php?rest_route=\/wp\/v2\/posts\/64466\/revisions"}],"predecessor-version":[{"id":64468,"href":"https:\/\/miradordeatarfe.es\/index.php?rest_route=\/wp\/v2\/posts\/64466\/revisions\/64468"}],"wp:featuredmedia":[{"embeddable":true,"href":"https:\/\/miradordeatarfe.es\/index.php?rest_route=\/wp\/v2\/media\/64467"}],"wp:attachment":[{"href":"https:\/\/miradordeatarfe.es\/index.php?rest_route=%2Fwp%2Fv2%2Fmedia&parent=64466"}],"wp:term":[{"taxonomy":"category","embeddable":true,"href":"https:\/\/miradordeatarfe.es\/index.php?rest_route=%2Fwp%2Fv2%2Fcategories&post=64466"},{"taxonomy":"post_tag","embeddable":true,"href":"https:\/\/miradordeatarfe.es\/index.php?rest_route=%2Fwp%2Fv2%2Ftags&post=64466"}],"curies":[{"name":"wp","href":"https:\/\/api.w.org\/{rel}","templated":true}]}}