{"id":64477,"date":"2023-10-29T11:29:15","date_gmt":"2023-10-29T10:29:15","guid":{"rendered":"https:\/\/miradordeatarfe.es\/?p=64477"},"modified":"2023-10-29T14:02:07","modified_gmt":"2023-10-29T13:02:07","slug":"la-granada-ziri-1013-1090-por-jose-enrique-granados","status":"publish","type":"post","link":"https:\/\/miradordeatarfe.es\/?p=64477","title":{"rendered":"\u00abLa Granada Zir\u00ed (1013-1090).\u00bbpor Jos\u00e9 Enrique Granados"},"content":{"rendered":"<div class=\"xdj266r x11i5rnm xat24cr x1mh8g0r x1vvkbs x126k92a\">\n<h3 dir=\"auto\" style=\"text-align: justify;\">En la tesis de Bilal J.J. Sarr Marroco titulada \u201cLa Granada Zir\u00ed (1013-1090). An\u00e1lisis de una Taifa Andalus\u00ed, leemos:<\/h3>\n<div dir=\"auto\" style=\"text-align: justify;\">\u201c<em>Para concluir nuestro comentario sobre este jugoso texto, hemos de quedarnos con la \u00faltima frase de Abd All\u0101h: \u00abEn consecuencia, y en tanto Elvira quedaba arruinada, comenzaron a edificar en aquel sitio, y cada uno de los hombres del grupo, lo mismo andalus\u00ed que ber\u00e9ber, procedi\u00f3 a levantar all\u00ed su casa\u00bb. En esta queda meridianamente claro que Mad\u012bnat Ilb\u012bra qued\u00f3 en ruinas tras su abandono total, el citado texto sobre su mezquita no viene m\u00e1s que a refrendar esta idea. <\/em><\/div>\n<div dir=\"auto\" style=\"text-align: justify;\">\u00a0<\/div>\n<div dir=\"auto\" style=\"text-align: justify;\"><em>Sin embargo, se ha comprobado, al menos la pervivencia del top\u00f3nimo Ilb\u012bra, en la zona, durante la \u00e9poca isl\u00e1mica. De hecho, el mismo autor de Loja cita una alquer\u00eda denominada Ilb\u012bra, en los alrededores de la capital, ya en el siglo XIV. Puede que sea esta misma Ilbira la que aparece en relaci\u00f3n al gran historiador tunecino Ibn Jald\u00fdn; del que se conoce que, en su exilio hacia al-\u00c1ndalus, obtiene de parte del monarca nazar\u00ed Muhammad V como recompensa de su exitosa expedici\u00f3n diplom\u00e1tica a Sevilla, en la que sella una paz importante con Pedro I el Cruel en 1363, unas tierras de regad\u00edo en la misma como \u00e9l mismo nos narra en su Tarif. All\u00ed podr\u00eda haber estado hasta febrero de 1365, fecha en la que parte a Bug\u00eda. Sin embargo, es probable que este top\u00f3nimo no sea m\u00e1s que a una alquer\u00eda pr\u00f3xima a Madinat Ilbira pero ya en otro lugar.<\/em><\/div>\n<div dir=\"auto\" style=\"text-align: justify;\">\u00a0<\/div>\n<div dir=\"auto\" style=\"text-align: justify;\"><em>Precisamente, otras referencias creemos que cierran todas estas posibles dudas. En primer lugar, tenemos noticia de la existencia de una r\u00e1bita que aprovechaba que Ilbira era ya un lugar privilegiado para el retiro y la reflexi\u00f3n. Con ello estamos hablando de la r\u00e1bita de al-Uquad citada por Ibn Battuta (1304-1377) en sus viajes a mediados del siglo XIV:<\/em><\/div>\n<\/div>\n<div class=\"x11i5rnm xat24cr x1mh8g0r x1vvkbs xtlvy1s x126k92a\" style=\"text-align: justify;\">\n<div dir=\"auto\"><em>&lt;&lt;Encontr\u00e9 en Granada al jeque de jeques y suf\u00ed relevante, el alfaqu\u00ed Abu \u2019Ali\u2019Umar, hijo del p\u00edo y devoto jeque Abu \u2018Abd All\u0101h M. b. al-Mahruq, en cuya zag\u00fc\u00eda, extramuros de la ciudad, permanec\u00ed varios d\u00edas recibiendo sus agasajos. Con \u00e9l visit\u00e9 el morabito, famoso por su baraca, que se conoce por R\u00e1bida del \u00c1guila. Este es el nombre de un monte que se alza sobre la poblaci\u00f3n a una distancia de ocho millas, pr\u00f3ximo a la ciudad de Elvira, hoy en d\u00eda en ruinas&gt;&gt;<\/em><\/div>\n<div dir=\"auto\">\u00a0<\/div>\n<\/div>\n<div class=\"x11i5rnm xat24cr x1mh8g0r x1vvkbs xtlvy1s x126k92a\">\n<div dir=\"auto\" style=\"text-align: justify;\"><em>Y, en segundo lugar, sabemos que este fue el lugar de exilio del alfaqu\u00ed Abu Ishaq al Ilbiri, poco despu\u00e9s de su abandono. Este precisamente escribir\u00eda desde all\u00ed, probablemente supervisando una Elvira ya abandonada, un poema en el que llora a las ruinas de Ilbira<\/em>\u201d.<\/div>\n<\/div>\n<div dir=\"auto\">\u00a0<\/div>\n<div dir=\"auto\"><a href=\"https:\/\/i0.wp.com\/miradordeatarfe.es\/wp-content\/uploads\/2023\/10\/385726258_787805143352970_8992630840957723933_n.jpg?ssl=1\"><img data-recalc-dims=\"1\" loading=\"lazy\" decoding=\"async\" class=\"alignnone wp-image-64478 \" src=\"https:\/\/i0.wp.com\/miradordeatarfe.es\/wp-content\/uploads\/2023\/10\/385726258_787805143352970_8992630840957723933_n.jpg?resize=634%2C851&#038;ssl=1\" alt=\"\" width=\"634\" height=\"851\" srcset=\"https:\/\/i0.wp.com\/miradordeatarfe.es\/wp-content\/uploads\/2023\/10\/385726258_787805143352970_8992630840957723933_n.jpg?w=526&amp;ssl=1 526w, https:\/\/i0.wp.com\/miradordeatarfe.es\/wp-content\/uploads\/2023\/10\/385726258_787805143352970_8992630840957723933_n.jpg?resize=224%2C300&amp;ssl=1 224w\" sizes=\"auto, (max-width: 634px) 100vw, 634px\" \/><\/a><\/div>\n<div class=\"x11i5rnm xat24cr x1mh8g0r x1vvkbs xtlvy1s x126k92a\">\n<div dir=\"auto\">\u00a0<\/div>\n<\/div>\n<div class=\"x11i5rnm xat24cr x1mh8g0r x1vvkbs xtlvy1s x126k92a\">\n<div dir=\"auto\">Imagen de Chauen (Marruecos) cuando era Protectorado Espa\u00f1ol. La composici\u00f3n de la pintura con la monta\u00f1a al fondo me ha recordado la silueta del Tajo Colorao y el cerro del Sombrerete, donde se encontraba Medina Elvira.<\/div>\n<div dir=\"auto\">\u00a0<\/div>\n<\/div>\n<div class=\"x11i5rnm xat24cr x1mh8g0r x1vvkbs xtlvy1s x126k92a\">\n<div dir=\"auto\">Gacetilla y curiosidades elvirenses<\/div>\n<div dir=\"auto\">\u00a0<\/div>\n<\/div>\n<div dir=\"auto\">foto portada: <span class=\"fotoPie\">Imagen de la exposici\u00f3n &#8216;La Granada zir\u00ed y el universo ber\u00e9ber&#8217;<\/span> &#8211; JUNTA DE ANDALUC\u00cdA<\/div>\n","protected":false},"excerpt":{"rendered":"<p>En la tesis de Bilal J.J. Sarr Marroco titulada \u201cLa Granada Zir\u00ed (1013-1090). An\u00e1lisis de&#8230;<\/p>\n","protected":false},"author":1,"featured_media":64479,"comment_status":"closed","ping_status":"closed","sticky":false,"template":"","format":"standard","meta":{"_coblocks_attr":"","_coblocks_dimensions":"","_coblocks_responsive_height":"","_coblocks_accordion_ie_support":"","jetpack_post_was_ever_published":false,"_jetpack_newsletter_access":"","_jetpack_dont_email_post_to_subs":false,"_jetpack_newsletter_tier_id":0,"_jetpack_memberships_contains_paywalled_content":false,"_jetpack_memberships_contains_paid_content":false,"footnotes":"","jetpack_publicize_message":"","jetpack_publicize_feature_enabled":true,"jetpack_social_post_already_shared":false,"jetpack_social_options":{"image_generator_settings":{"template":"highway","default_image_id":0,"enabled":false},"version":2}},"categories":[38,5359,10431,44],"tags":[],"class_list":["post-64477","post","type-post","status-publish","format-standard","has-post-thumbnail","hentry","category-opinion-de-jose-enrique-granados","category-madinat-ilbira","category-medina-elvira-2","category-noticias-de-hoy"],"jetpack_publicize_connections":[],"jetpack_featured_media_url":"https:\/\/i0.wp.com\/miradordeatarfe.es\/wp-content\/uploads\/2023\/10\/Screenshot-2023-10-27-at-12-39-44-La-Alhambra-de-Granada-ofrece-visitas-guiadas-a-la-muestra-La-Granada-ziri-y-el-universo-bereber.png?fit=466%2C308&ssl=1","jetpack_likes_enabled":true,"jetpack_sharing_enabled":true,"_links":{"self":[{"href":"https:\/\/miradordeatarfe.es\/index.php?rest_route=\/wp\/v2\/posts\/64477","targetHints":{"allow":["GET"]}}],"collection":[{"href":"https:\/\/miradordeatarfe.es\/index.php?rest_route=\/wp\/v2\/posts"}],"about":[{"href":"https:\/\/miradordeatarfe.es\/index.php?rest_route=\/wp\/v2\/types\/post"}],"author":[{"embeddable":true,"href":"https:\/\/miradordeatarfe.es\/index.php?rest_route=\/wp\/v2\/users\/1"}],"replies":[{"embeddable":true,"href":"https:\/\/miradordeatarfe.es\/index.php?rest_route=%2Fwp%2Fv2%2Fcomments&post=64477"}],"version-history":[{"count":1,"href":"https:\/\/miradordeatarfe.es\/index.php?rest_route=\/wp\/v2\/posts\/64477\/revisions"}],"predecessor-version":[{"id":64480,"href":"https:\/\/miradordeatarfe.es\/index.php?rest_route=\/wp\/v2\/posts\/64477\/revisions\/64480"}],"wp:featuredmedia":[{"embeddable":true,"href":"https:\/\/miradordeatarfe.es\/index.php?rest_route=\/wp\/v2\/media\/64479"}],"wp:attachment":[{"href":"https:\/\/miradordeatarfe.es\/index.php?rest_route=%2Fwp%2Fv2%2Fmedia&parent=64477"}],"wp:term":[{"taxonomy":"category","embeddable":true,"href":"https:\/\/miradordeatarfe.es\/index.php?rest_route=%2Fwp%2Fv2%2Fcategories&post=64477"},{"taxonomy":"post_tag","embeddable":true,"href":"https:\/\/miradordeatarfe.es\/index.php?rest_route=%2Fwp%2Fv2%2Ftags&post=64477"}],"curies":[{"name":"wp","href":"https:\/\/api.w.org\/{rel}","templated":true}]}}