{"id":64481,"date":"2023-11-02T10:48:47","date_gmt":"2023-11-02T09:48:47","guid":{"rendered":"https:\/\/miradordeatarfe.es\/?p=64481"},"modified":"2023-10-30T13:25:44","modified_gmt":"2023-10-30T12:25:44","slug":"el-pintor-atarfeno-antonio-castro-expuso-sus-pinturas-en-estas-fiestas-navidenas","status":"publish","type":"post","link":"https:\/\/miradordeatarfe.es\/?p=64481","title":{"rendered":"EL PINTOR ATARFE\u00d1O ANTONIO CASTRO EXPUSO SUS PINTURAS EN ESTAS FIESTAS NAVIDE\u00d1AS."},"content":{"rendered":"<h3 style=\"text-align: justify;\">El pintor, Antonio Castro, es natural de Fuente Vaqueros (Granada). Hace mas de treinta a\u00f1os fij\u00f3 su residencia en Atarfe, por tanto se considera tan atarfe\u00f1o como el que m\u00e1s.<\/h3>\n<p style=\"text-align: justify;\">Desde muy temprana edad dej\u00f3 entrever su fuerte vocaci\u00f3n art\u00edstica iniciando su formaci\u00f3n pict\u00f3rica, propiamente dicha, a los 12 a\u00f1os con conocidos pintores granadinos de esta \u00e9poca.<\/p>\n<p style=\"text-align: justify;\">Su mejor tarjeta de presentaci\u00f3n viene avalada por sus cuarenta a\u00f1os de oficio y buen hacer en el mundo de la pintura, tiempo que ha dado a la obra del pintor la profundidad y soltura de que ahora goza.<\/p>\n<p style=\"text-align: justify;\">A lo largo de su trayectoria art\u00edstica, viene exhibiendo su obra, tanto en exposiciones individuales como colectivas, muy especialmente en Andaluc\u00eda, siempre con gran \u00e9xito por parte de la critica.<\/p>\n<p style=\"text-align: justify;\">Comparte su dedicaci\u00f3n ,casi exclusiva a la pintura, con la docencia. Su faceta de profesor se hace notar a trav\u00e9s de sus cuadros, realizados con una variedad de t\u00e9cnicas, formas y estilos, y al mismo tiempo con una sencillez exquisita.<\/p>\n<p style=\"text-align: justify;\">De su obra art\u00edstica podemos destacar infinidad de retratos, entre ellos los de sus majestades los Reyes de Espa\u00f1a. Toreros como Enrique Ponce, Curro Romero,Anto\u00f1ete, Morante de la Puebla etc. Una obra conmemorativa para las pe\u00f1as taurinas de America del Sur&#8230;. pinturas intimistas, y un sin fin de bodegones y paisajes de nuestro entorno con un trazo y colorido inimitable.<\/p>\n<h3>ARTICULO PUBLICADO EN MIRADOR DE ATARFE EN PAPEL NUMERO 18 ENERO 2003<\/h3>\n<p><a href=\"https:\/\/i0.wp.com\/miradordeatarfe.es\/wp-content\/uploads\/2023\/10\/pintor-1.jpg?ssl=1\"><img data-recalc-dims=\"1\" loading=\"lazy\" decoding=\"async\" class=\"alignnone wp-image-64482 size-full\" src=\"https:\/\/i0.wp.com\/miradordeatarfe.es\/wp-content\/uploads\/2023\/10\/pintor-1.jpg?resize=640%2C480&#038;ssl=1\" alt=\"\" width=\"640\" height=\"480\" srcset=\"https:\/\/i0.wp.com\/miradordeatarfe.es\/wp-content\/uploads\/2023\/10\/pintor-1.jpg?w=1600&amp;ssl=1 1600w, https:\/\/i0.wp.com\/miradordeatarfe.es\/wp-content\/uploads\/2023\/10\/pintor-1.jpg?resize=300%2C225&amp;ssl=1 300w, https:\/\/i0.wp.com\/miradordeatarfe.es\/wp-content\/uploads\/2023\/10\/pintor-1.jpg?resize=1024%2C768&amp;ssl=1 1024w, https:\/\/i0.wp.com\/miradordeatarfe.es\/wp-content\/uploads\/2023\/10\/pintor-1.jpg?resize=768%2C576&amp;ssl=1 768w, https:\/\/i0.wp.com\/miradordeatarfe.es\/wp-content\/uploads\/2023\/10\/pintor-1.jpg?resize=1536%2C1152&amp;ssl=1 1536w, https:\/\/i0.wp.com\/miradordeatarfe.es\/wp-content\/uploads\/2023\/10\/pintor-1.jpg?resize=1320%2C990&amp;ssl=1 1320w\" sizes=\"auto, (max-width: 640px) 100vw, 640px\" \/><\/a><\/p>\n","protected":false},"excerpt":{"rendered":"<p>El pintor, Antonio Castro, es natural de Fuente Vaqueros (Granada). Hace mas de treinta a\u00f1os&#8230;<\/p>\n","protected":false},"author":1,"featured_media":64483,"comment_status":"closed","ping_status":"closed","sticky":false,"template":"","format":"standard","meta":{"_coblocks_attr":"","_coblocks_dimensions":"","_coblocks_responsive_height":"","_coblocks_accordion_ie_support":"","jetpack_post_was_ever_published":false,"_jetpack_newsletter_access":"","_jetpack_dont_email_post_to_subs":false,"_jetpack_newsletter_tier_id":0,"_jetpack_memberships_contains_paywalled_content":false,"_jetpack_memberships_contains_paid_content":false,"footnotes":"","jetpack_publicize_message":"","jetpack_publicize_feature_enabled":true,"jetpack_social_post_already_shared":true,"jetpack_social_options":{"image_generator_settings":{"template":"highway","default_image_id":0,"enabled":false},"version":2}},"categories":[12,6926,44],"tags":[],"class_list":["post-64481","post","type-post","status-publish","format-standard","has-post-thumbnail","hentry","category-cultura","category-mirador-de-atarfe-en-papel","category-noticias-de-hoy"],"jetpack_publicize_connections":[],"jetpack_featured_media_url":"https:\/\/i0.wp.com\/miradordeatarfe.es\/wp-content\/uploads\/2023\/10\/pintor.jpg?fit=1600%2C1200&ssl=1","jetpack_likes_enabled":true,"jetpack_sharing_enabled":true,"_links":{"self":[{"href":"https:\/\/miradordeatarfe.es\/index.php?rest_route=\/wp\/v2\/posts\/64481","targetHints":{"allow":["GET"]}}],"collection":[{"href":"https:\/\/miradordeatarfe.es\/index.php?rest_route=\/wp\/v2\/posts"}],"about":[{"href":"https:\/\/miradordeatarfe.es\/index.php?rest_route=\/wp\/v2\/types\/post"}],"author":[{"embeddable":true,"href":"https:\/\/miradordeatarfe.es\/index.php?rest_route=\/wp\/v2\/users\/1"}],"replies":[{"embeddable":true,"href":"https:\/\/miradordeatarfe.es\/index.php?rest_route=%2Fwp%2Fv2%2Fcomments&post=64481"}],"version-history":[{"count":1,"href":"https:\/\/miradordeatarfe.es\/index.php?rest_route=\/wp\/v2\/posts\/64481\/revisions"}],"predecessor-version":[{"id":64484,"href":"https:\/\/miradordeatarfe.es\/index.php?rest_route=\/wp\/v2\/posts\/64481\/revisions\/64484"}],"wp:featuredmedia":[{"embeddable":true,"href":"https:\/\/miradordeatarfe.es\/index.php?rest_route=\/wp\/v2\/media\/64483"}],"wp:attachment":[{"href":"https:\/\/miradordeatarfe.es\/index.php?rest_route=%2Fwp%2Fv2%2Fmedia&parent=64481"}],"wp:term":[{"taxonomy":"category","embeddable":true,"href":"https:\/\/miradordeatarfe.es\/index.php?rest_route=%2Fwp%2Fv2%2Fcategories&post=64481"},{"taxonomy":"post_tag","embeddable":true,"href":"https:\/\/miradordeatarfe.es\/index.php?rest_route=%2Fwp%2Fv2%2Ftags&post=64481"}],"curies":[{"name":"wp","href":"https:\/\/api.w.org\/{rel}","templated":true}]}}