{"id":64485,"date":"2023-12-27T11:00:18","date_gmt":"2023-12-27T10:00:18","guid":{"rendered":"https:\/\/miradordeatarfe.es\/?p=64485"},"modified":"2023-10-27T13:02:59","modified_gmt":"2023-10-27T11:02:59","slug":"maraton-del-juguete-organizado-por-radio-iliberis-2003","status":"publish","type":"post","link":"https:\/\/miradordeatarfe.es\/?p=64485","title":{"rendered":"MARAT\u00d3N DEL JUGUETE ORGANIZADO POR RADIO ILIBERIS (2003)"},"content":{"rendered":"<h3 style=\"text-align: justify;\"><strong><b>\u00a0<\/b><\/strong><em><i>EL PASADO DIA 27 DE DICIEMBRE\u00a0 DE 2003 SE BATI\u00d3 EL RECORD DE PERMANENCIA Y DE RECOGIDA DE JUGUETES EN UNA ACTIVIDAD LLENA DE SENTIMIENTOS<\/i><\/em><\/h3>\n<p style=\"text-align: justify;\">El pasado d\u00eda 27 de Diciembre tuvo lugar en la emisora municipal Radio Iliberis el Marat\u00f3n del juguete. Este marat\u00f3n se realiz\u00f3 desde las 9 de la ma\u00f1ana del d\u00eda 27 hasta las 9 de la noche del 28 de Diciembre. Un total de 36 horas de radio consecutivas para recaudar juguetes para los ni\u00f1os y ni\u00f1as m\u00e1s necesitados en esta \u00e9poca del a\u00f1o. \u00a0<\/p>\n<p style=\"text-align: justify;\">Esta experiencia fue realizada por dos j\u00f3venes de la emisora Antonio \u00a0y Juan Jos\u00e9 Suarez que se mantuvieron ayudados por otros compa\u00f1eros \u00a0treinta y seis horas en las ondas, intentando convencer a la audiencia \u00a0y pidiendo la colaboraci\u00f3n de personas ,instituciones y personas de reconocido prestigio social.<\/p>\n<p style=\"text-align: justify;\">Esta experiencia bate el record de duraci\u00f3n no s\u00f3lo de nuestra emisora sino de las diferentes emisoras de la provincia de Granada.<\/p>\n<p style=\"text-align: justify;\">En las treinta y seis horas hubo intervenciones de diferentes personalidades de nuestro municipio: Concejales, Directores de Centros educativos, Empresarios, Presidentes y presidentas de diferentes colectivos sociales y por supuesto de muchos vecinos y vecinas que animaban a la participaci\u00f3n con un juguete.<\/p>\n<p style=\"text-align: justify;\">Perola solidaridad no fue solo de nuestra gente \u00a0de Atarfe, sino de muchas personas y comercios que desde distintos lugares \u00a0de la provincia de Granada se hicieron presentes por la magia de las ondas en una actividad llena de emoci\u00f3n y sentimiento y especial menci\u00f3n merece la colaboraci\u00f3n de la cantante granadina Marina Heredia y el tambi\u00e9n cantante Marcos Llunas .<\/p>\n<p style=\"text-align: justify;\">En este marat\u00f3n se recogieron mas de 1000 juguetes que tuvieron como destino \u201cLa ciudad de los Ni\u00f1os\u201d \u00a0<\/p>\n<p style=\"text-align: justify;\">Desde estas l\u00edneas queremos agradecer a toda la gente su colaboraci\u00f3n y apoyo, y esperemos que en el 2003 logremos superar esa cantidad de juguetes por la sonrisa y alegr\u00eda de aquellos que menos tienen.<\/p>\n<p><strong>Por Antonio Suarez<\/strong><\/p>\n","protected":false},"excerpt":{"rendered":"<p>\u00a0EL PASADO DIA 27 DE DICIEMBRE\u00a0 DE 2003 SE BATI\u00d3 EL RECORD DE PERMANENCIA Y&#8230;<\/p>\n","protected":false},"author":1,"featured_media":64486,"comment_status":"closed","ping_status":"closed","sticky":false,"template":"","format":"standard","meta":{"_coblocks_attr":"","_coblocks_dimensions":"","_coblocks_responsive_height":"","_coblocks_accordion_ie_support":"","jetpack_post_was_ever_published":false,"_jetpack_newsletter_access":"","_jetpack_dont_email_post_to_subs":false,"_jetpack_newsletter_tier_id":0,"_jetpack_memberships_contains_paywalled_content":false,"_jetpack_memberships_contains_paid_content":false,"footnotes":"","jetpack_publicize_message":"","jetpack_publicize_feature_enabled":true,"jetpack_social_post_already_shared":true,"jetpack_social_options":{"image_generator_settings":{"template":"highway","default_image_id":0,"enabled":false},"version":2}},"categories":[186,6926,44],"tags":[],"class_list":["post-64485","post","type-post","status-publish","format-standard","has-post-thumbnail","hentry","category-instituciones","category-mirador-de-atarfe-en-papel","category-noticias-de-hoy"],"jetpack_publicize_connections":[],"jetpack_featured_media_url":"https:\/\/i0.wp.com\/miradordeatarfe.es\/wp-content\/uploads\/2023\/10\/DSCF0016.jpg?fit=1600%2C1200&ssl=1","jetpack_likes_enabled":true,"jetpack_sharing_enabled":true,"_links":{"self":[{"href":"https:\/\/miradordeatarfe.es\/index.php?rest_route=\/wp\/v2\/posts\/64485","targetHints":{"allow":["GET"]}}],"collection":[{"href":"https:\/\/miradordeatarfe.es\/index.php?rest_route=\/wp\/v2\/posts"}],"about":[{"href":"https:\/\/miradordeatarfe.es\/index.php?rest_route=\/wp\/v2\/types\/post"}],"author":[{"embeddable":true,"href":"https:\/\/miradordeatarfe.es\/index.php?rest_route=\/wp\/v2\/users\/1"}],"replies":[{"embeddable":true,"href":"https:\/\/miradordeatarfe.es\/index.php?rest_route=%2Fwp%2Fv2%2Fcomments&post=64485"}],"version-history":[{"count":1,"href":"https:\/\/miradordeatarfe.es\/index.php?rest_route=\/wp\/v2\/posts\/64485\/revisions"}],"predecessor-version":[{"id":64487,"href":"https:\/\/miradordeatarfe.es\/index.php?rest_route=\/wp\/v2\/posts\/64485\/revisions\/64487"}],"wp:featuredmedia":[{"embeddable":true,"href":"https:\/\/miradordeatarfe.es\/index.php?rest_route=\/wp\/v2\/media\/64486"}],"wp:attachment":[{"href":"https:\/\/miradordeatarfe.es\/index.php?rest_route=%2Fwp%2Fv2%2Fmedia&parent=64485"}],"wp:term":[{"taxonomy":"category","embeddable":true,"href":"https:\/\/miradordeatarfe.es\/index.php?rest_route=%2Fwp%2Fv2%2Fcategories&post=64485"},{"taxonomy":"post_tag","embeddable":true,"href":"https:\/\/miradordeatarfe.es\/index.php?rest_route=%2Fwp%2Fv2%2Ftags&post=64485"}],"curies":[{"name":"wp","href":"https:\/\/api.w.org\/{rel}","templated":true}]}}