{"id":64491,"date":"2023-12-28T11:26:11","date_gmt":"2023-12-28T10:26:11","guid":{"rendered":"https:\/\/miradordeatarfe.es\/?p=64491"},"modified":"2023-12-28T11:44:41","modified_gmt":"2023-12-28T10:44:41","slug":"tras-las-obras-llevadas-a-cabo-apertura-de-la-parroquia-de-la-encarnacion-diciembre-2003","status":"publish","type":"post","link":"https:\/\/miradordeatarfe.es\/?p=64491","title":{"rendered":"TRAS LAS OBRAS LLEVADAS A CABO, APERTURA DE LA PARROQUIA DE LA ENCARNACI\u00d3N  (DICIEMBRE 2003)"},"content":{"rendered":"<h3 style=\"text-align: justify;\">EL 28 DE DICIEMBRE DE 2003 CON LA PRESENCIA DEL SE\u00d1OR ARZOBISPO Y LA CORPORACI\u00d3N MUNICIPAL SE ABRI\u00d3 A LOS ATARFE\u00d1OS LA <em><i>NUEVA IGLESIA DE LA ENCARNACI\u00d3N.<\/i><\/em>\u00a0PARA CONOCIMIENTO DE NUESTROS LECTORES OFRECEMOS ESTE ARTICULO DONDE SE PUEDE DETECTAR LA IMPORTANCIA DE NUESTRO PRINCIPAL MONUMENTO HIST\u00d3RICO<\/h3>\n<h3 style=\"text-align: justify;\"><strong>\u00a0INSTITUCI\u00d3N PARROQUIAL<\/strong><\/h3>\n<p style=\"text-align: justify;\">En 1.501, Diego Hurtado de Mendoza, arzobispo de Sevilla, instituy\u00f3 en la \u00a0Iglesia Parroquial Santa Mar\u00eda de la Encarnaci\u00f3n de Atarfe con sus anejos: Elvira, Hotaya, Abulelvir y Diarcale, un beneficio simple servidero y una sacrist\u00eda.<\/p>\n<p style=\"text-align: justify;\">\u00a0En el censo eclesi\u00e1stico \u00a0de 1587 s\u00f3lo aparece \u00a0Atarfe con pila bautismal y 73 vecinos.<\/p>\n<p style=\"text-align: justify;\">En 1787 el arzobispo Antonio Jorge erigi\u00f3 en propio, perpetuo, colativo y sujeto a aposici\u00f3n, el curato de Atarfe y lo declar\u00f3 suficientemente dotado y congruo seg\u00fan su clase.<\/p>\n<p style=\"text-align: justify;\">A mediados del siglo XIX su Iglesia (La encarnaci\u00f3n) estaba servida por un cura, un teniente, un beneficiado, dos sacerdotes particulares y un sacrist\u00e1n presb\u00edtero.<\/p>\n<p style=\"text-align: justify;\">En el arreglo parroquial de 1906 se mantuvo la parroquia con categor\u00eda de ascenso; dej\u00e1ndole la jurisdicci\u00f3n que ten\u00eda, que llegaba por la parte de Granada hasta los linderos de los pueblos lim\u00edtrofes y de San Ildefonso de la capital.<\/p>\n<p><a href=\"https:\/\/i0.wp.com\/miradordeatarfe.es\/wp-content\/uploads\/2023\/10\/DSCF0037.jpg?ssl=1\"><img data-recalc-dims=\"1\" loading=\"lazy\" decoding=\"async\" class=\"alignnone wp-image-64493 size-full\" src=\"https:\/\/i0.wp.com\/miradordeatarfe.es\/wp-content\/uploads\/2023\/10\/DSCF0037.jpg?resize=640%2C480&#038;ssl=1\" alt=\"\" width=\"640\" height=\"480\" srcset=\"https:\/\/i0.wp.com\/miradordeatarfe.es\/wp-content\/uploads\/2023\/10\/DSCF0037.jpg?w=1600&amp;ssl=1 1600w, https:\/\/i0.wp.com\/miradordeatarfe.es\/wp-content\/uploads\/2023\/10\/DSCF0037.jpg?resize=300%2C225&amp;ssl=1 300w, https:\/\/i0.wp.com\/miradordeatarfe.es\/wp-content\/uploads\/2023\/10\/DSCF0037.jpg?resize=1024%2C768&amp;ssl=1 1024w, https:\/\/i0.wp.com\/miradordeatarfe.es\/wp-content\/uploads\/2023\/10\/DSCF0037.jpg?resize=768%2C576&amp;ssl=1 768w, https:\/\/i0.wp.com\/miradordeatarfe.es\/wp-content\/uploads\/2023\/10\/DSCF0037.jpg?resize=1536%2C1152&amp;ssl=1 1536w, https:\/\/i0.wp.com\/miradordeatarfe.es\/wp-content\/uploads\/2023\/10\/DSCF0037.jpg?resize=1320%2C990&amp;ssl=1 1320w\" sizes=\"auto, (max-width: 640px) 100vw, 640px\" \/><\/a><\/p>\n<h3 style=\"text-align: justify;\"><strong>LA IGLESIA PARROQUIAL<\/strong><\/h3>\n<p style=\"text-align: justify;\">Hubo una Iglesia, despu\u00e9s de que durante algunos a\u00f1os se hiciera uso de la mezquita, adapt\u00e1ndola para uso cristiano.<\/p>\n<p style=\"text-align: justify;\">La construcci\u00f3n de la iglesia actual est\u00e1 unida a uno de los grandes arquitectos de los siglos XVI y XVII Ambrosio de Vico. La construye entre 1617 y 1623, interviniendo como maestro carpintero Crist\u00f3bal Calvo y como maestro alba\u00f1il Antonio Berm\u00fadez.<\/p>\n<p style=\"text-align: justify;\">Originariamente ten\u00eda planta de cruz latina, con nave, crucero y Capilla Mayor, con el a\u00f1adido de dos capillas laterales, adosadas al crucero. En la restauraci\u00f3n actual, se ha descubierto el artesonado original de una de estas capillas, que estaba oculto por la techumbre de yeser\u00eda que se le hizo al ampliar las dos naves laterales a principios de siglo XIX.<\/p>\n<p style=\"text-align: justify;\">En el alzado los muros son de ladrillo y cajones de mamposter\u00eda (tierra, arena y cal). La torre est\u00e1 dividida en cuatro pisos mediante cornisas. Al exterior es donde destacan los juegos de vol\u00famenes al gusto de Vico siendo bastante pobre incluso en las portadas: la principal, a los pies de la Iglesia, s\u00f3lo dibuja un arco de medio punto y una hornacina que aloja una imagen de la Virgen. Esta imagen estaba muy deteriorada y ha sido tallada de nuevo sac\u00e1ndole un molde a la original, por los se\u00f1ores Barranco y Sol\u00eds. Las portadas laterales enmarcan el hueco con pilastras y entablamiento.<\/p>\n<p style=\"text-align: justify;\"><a href=\"https:\/\/i0.wp.com\/miradordeatarfe.es\/wp-content\/uploads\/2023\/10\/DSCF0029.jpg?ssl=1\"><img data-recalc-dims=\"1\" loading=\"lazy\" decoding=\"async\" class=\"wp-image-64492 size-large alignleft\" src=\"https:\/\/i0.wp.com\/miradordeatarfe.es\/wp-content\/uploads\/2023\/10\/DSCF0029.jpg?resize=640%2C480&#038;ssl=1\" alt=\"\" width=\"640\" height=\"480\" srcset=\"https:\/\/i0.wp.com\/miradordeatarfe.es\/wp-content\/uploads\/2023\/10\/DSCF0029.jpg?resize=1024%2C768&amp;ssl=1 1024w, https:\/\/i0.wp.com\/miradordeatarfe.es\/wp-content\/uploads\/2023\/10\/DSCF0029.jpg?resize=300%2C225&amp;ssl=1 300w, https:\/\/i0.wp.com\/miradordeatarfe.es\/wp-content\/uploads\/2023\/10\/DSCF0029.jpg?resize=768%2C576&amp;ssl=1 768w, https:\/\/i0.wp.com\/miradordeatarfe.es\/wp-content\/uploads\/2023\/10\/DSCF0029.jpg?resize=1536%2C1152&amp;ssl=1 1536w, https:\/\/i0.wp.com\/miradordeatarfe.es\/wp-content\/uploads\/2023\/10\/DSCF0029.jpg?resize=1320%2C990&amp;ssl=1 1320w, https:\/\/i0.wp.com\/miradordeatarfe.es\/wp-content\/uploads\/2023\/10\/DSCF0029.jpg?w=1600&amp;ssl=1 1600w\" sizes=\"auto, (max-width: 640px) 100vw, 640px\" \/><\/a>El interior se divide en tres naves. La techumbre de la nave central, del crucero y de los brazos del crucero es un artesonado mud\u00e9jar del siglo XVII con policrom\u00eda en rojo, azul y oro.<\/p>\n<p style=\"text-align: justify;\">La techumbre de la Capilla Mayor es una b\u00f3veda de medio ca\u00f1\u00f3n, que posiblemente fue realizada en la reforma de principios del siglo XIX. Entre esta falsa b\u00f3veda y el tejado se ha descubierto el \u00a0antiguo artesonado mud\u00e9jar de la Capilla Mayor, que ha sido saneado, pues se encontraba muy deteriorado.<\/p>\n<p style=\"text-align: justify;\">Originariamente la Capilla Mayor ten\u00eda un retablote madera dorada denominado en la documentaci\u00f3n local de \u201ccascar\u00f3n dorado\u201d, que fue trasladado a la ermita de Santa Ana en el a\u00f1o 1.808.<\/p>\n<p style=\"text-align: justify;\">De las obras de arte que conserva la Iglesia de la Encarnaci\u00f3n haremos menci\u00f3n de las siguientes:<\/p>\n<p style=\"text-align: justify;\">Un retablo de estilo Barroco de la escuela andaluza, fechado en el siglo XVII. Es el \u00fanico que se conserva \u00edntegro en la parroquia.<\/p>\n<p style=\"text-align: justify;\">Dos retablos del siglo XVIII, de estilo Barroco de la escuela granadina.<\/p>\n<p style=\"text-align: justify;\">Otros tres de estilo Neocl\u00e1sico de la escuela granadina, fechados en la primera mitad del siglo XIX y otros tres m\u00e1s recientes fechados a principios des siglo XX.<\/p>\n<p style=\"text-align: justify;\">En cuanto a los lienzos, la mayor\u00eda son de estilo Barroco de la escuela granadina, destacando un \u201cDescendimiento\u201d del siglo XVII (1600 \u2013 1649). La serie denominada \u201cApostolado\u201d (12 cuadros) que durante la limpieza actual, con motivo de la restauraci\u00f3n de la Iglesia se ha averiguado su autor. Se trata de Jer\u00f3nimo de Rueda y Navarrete, pintor granadino del siglo XVIII. El lienzo de \u201cLa Encarnaci\u00f3n \u201cque preside el muro testero de la Capilla Mayor y otro de \u201cLa coronaci\u00f3n de la Virgen de la Inmaculada\u201d en el cual se aprecian rasgos de la escuela de Alonso Cano. Estos dos \u00faltimos cuadros han sido restaurados por D\u00aa In\u00e9s Osuna Cerd\u00e1, doctora en Bellas Artes (restauraci\u00f3n).<\/p>\n<p style=\"text-align: justify;\">Las esculturas son de estilo Barroco realizadas \u00a0durante el siglo XVIII de autor an\u00f3nimo granadino, perteneciente a la escuela granadina. Destacan por su calidad art\u00edstica un San Antonio de Papua, San Cayetano, La Virgen del Rosario, un Resucitado, San Sebasti\u00e1n, una imagen peque\u00f1a de San Jos\u00e9 y otra de la Inmaculada Concepci\u00f3n de la escuela de Alonso Cano.<\/p>\n<p>&nbsp;<\/p>\n<p style=\"text-align: justify;\"><strong>INTERVENCI\u00d3N EN LAS OBRAS DE ARTE<\/strong><\/p>\n<p style=\"text-align: justify;\"><strong>\u00a0<\/strong>La intervenci\u00f3n en las obras de arte de la parroquia se ha llevado a cabo durante siete meses por un grupo de personas voluntarias \u00a0dirigidas por do\u00f1a In\u00e9s Alejandra Osuna Cerd\u00e1, doctora en Bellas Artes en la modalidad de restauraci\u00f3n.<\/p>\n<p style=\"text-align: justify;\">En los retablos se ha procedido a la eliminaci\u00f3n del polvo y de la suciedad superficial, as\u00ed como de todas aquellas sustancias que perjudicaban a las obras o que afectaban a su imagen ocult\u00e1ndola o alter\u00e1ndola, como es el caso de las gotas de cera o repintes realizados con purpurina. Se han vuelto a adherir las capas de oro a la madera en las zonas donde se encontraba desprendido.<\/p>\n<p style=\"text-align: justify;\">Las esculturas se han limpiado con la m\u00e1xima precauci\u00f3n utilizando t\u00e9cnicas y materiales adecuados, inici\u00e1ndose con sistemas y disolventes muy suaves. Se han recuperado las faltas de policrom\u00eda, d\u00e1ndoles a todas una capa de protecci\u00f3n.<\/p>\n<p style=\"text-align: justify;\">La pintura mural que se encuentra en la zona superior del \u00e1bside, con \u00e1ngeles entre nubes se ha podido respetar \u00edntegra, sin embargo ha sido necesario restaurar las grietas y las zonas da\u00f1adas por la humedad. La restauraci\u00f3n de esta pintura ha sido realizada por t\u00e9cnicos especializados en restauraci\u00f3n de pintura mural.<\/p>\n<p style=\"text-align: justify;\">Los lienzos de \u201cLa Encarnaci\u00f3n\u201d y \u201cLa Coronaci\u00f3n de la Virgen\u201d son los \u00fanicos que han sido restaurados en su totalidad por do\u00f1a In\u00e9s Osuna Cerd\u00e1, aplic\u00e1ndose en ellos los tratamientos m\u00e1s adecuados a sus da\u00f1os: fijaci\u00f3n de la pintura al lienzo, limpieza con disolventes, recuperaci\u00f3n de la falta de pintura y capa de protecci\u00f3n. En el lienzo de \u201cLa Coronaci\u00f3n de la Virgen\u201d se procedi\u00f3 a un reentelado, ya que su tela original presentaba roturas y grietas en sus bordes.<\/p>\n<p style=\"text-align: justify;\">El resto de los lienzos se han limpiado m\u00e1s superficialmente, d\u00e1ndoles a todos \u00a0una capa de protecci\u00f3n.<\/p>\n<p style=\"text-align: justify;\">Los marcos, peanas y cornucopias se han limpiado en su totalidad, limpi\u00e1ndose sus pinturas y dorados, eliminando de ellos todos los repintes de purpurina, encolando los fragmentos sueltos, fijando los dorados \u00a0a la madera y coloc\u00e1ndole adem\u00e1s las piezas de madera o los listones que les faltaban.<\/p>\n<p style=\"text-align: justify;\"><em><i>Todos estos trabajos se han realizado con el m\u00e1ximo respeto hacia las obras de arte.<\/i><\/em><\/p>\n<h3>Por M\u00aa Victoria Correa Aguilar.<\/h3>\n<p>Responsable de la Comisi\u00f3n Lit\u00fargica de la Parroquia de Atarfe<\/p>\n<h3>PUBLICADO EN EL MIRADOR DE ATARFE EN PAPEL EN EL N\u00daMERO\u00a0 25 DE ENERO DE 2004<\/h3>\n<p style=\"text-align: justify;\"><a href=\"https:\/\/i0.wp.com\/miradordeatarfe.es\/wp-content\/uploads\/2023\/10\/Dsc03728.jpg?ssl=1\"><img data-recalc-dims=\"1\" loading=\"lazy\" decoding=\"async\" class=\"alignnone wp-image-64495 size-full\" src=\"https:\/\/i0.wp.com\/miradordeatarfe.es\/wp-content\/uploads\/2023\/10\/Dsc03728.jpg?resize=640%2C853&#038;ssl=1\" alt=\"\" width=\"640\" height=\"853\" srcset=\"https:\/\/i0.wp.com\/miradordeatarfe.es\/wp-content\/uploads\/2023\/10\/Dsc03728.jpg?w=960&amp;ssl=1 960w, https:\/\/i0.wp.com\/miradordeatarfe.es\/wp-content\/uploads\/2023\/10\/Dsc03728.jpg?resize=225%2C300&amp;ssl=1 225w, https:\/\/i0.wp.com\/miradordeatarfe.es\/wp-content\/uploads\/2023\/10\/Dsc03728.jpg?resize=768%2C1024&amp;ssl=1 768w\" sizes=\"auto, (max-width: 640px) 100vw, 640px\" \/><\/a><\/p>\n<p style=\"text-align: justify;\">\u00a0<\/p>\n<p>&nbsp;<\/p>\n","protected":false},"excerpt":{"rendered":"<p>EL 28 DE DICIEMBRE DE 2003 CON LA PRESENCIA DEL SE\u00d1OR ARZOBISPO Y LA CORPORACI\u00d3N&#8230;<\/p>\n","protected":false},"author":1,"featured_media":64494,"comment_status":"closed","ping_status":"closed","sticky":false,"template":"","format":"standard","meta":{"_coblocks_attr":"","_coblocks_dimensions":"","_coblocks_responsive_height":"","_coblocks_accordion_ie_support":"","jetpack_post_was_ever_published":false,"_jetpack_newsletter_access":"","_jetpack_dont_email_post_to_subs":false,"_jetpack_newsletter_tier_id":0,"_jetpack_memberships_contains_paywalled_content":false,"_jetpack_memberships_contains_paid_content":false,"footnotes":"","jetpack_publicize_message":"","jetpack_publicize_feature_enabled":true,"jetpack_social_post_already_shared":true,"jetpack_social_options":{"image_generator_settings":{"template":"highway","default_image_id":0,"enabled":false},"version":2}},"categories":[1225,6926,44],"tags":[],"class_list":["post-64491","post","type-post","status-publish","format-standard","has-post-thumbnail","hentry","category-ha-de-atarfe","category-mirador-de-atarfe-en-papel","category-noticias-de-hoy"],"jetpack_publicize_connections":[],"jetpack_featured_media_url":"https:\/\/i0.wp.com\/miradordeatarfe.es\/wp-content\/uploads\/2023\/10\/DSCF0030.jpg?fit=1200%2C1600&ssl=1","jetpack_likes_enabled":true,"jetpack_sharing_enabled":true,"_links":{"self":[{"href":"https:\/\/miradordeatarfe.es\/index.php?rest_route=\/wp\/v2\/posts\/64491","targetHints":{"allow":["GET"]}}],"collection":[{"href":"https:\/\/miradordeatarfe.es\/index.php?rest_route=\/wp\/v2\/posts"}],"about":[{"href":"https:\/\/miradordeatarfe.es\/index.php?rest_route=\/wp\/v2\/types\/post"}],"author":[{"embeddable":true,"href":"https:\/\/miradordeatarfe.es\/index.php?rest_route=\/wp\/v2\/users\/1"}],"replies":[{"embeddable":true,"href":"https:\/\/miradordeatarfe.es\/index.php?rest_route=%2Fwp%2Fv2%2Fcomments&post=64491"}],"version-history":[{"count":4,"href":"https:\/\/miradordeatarfe.es\/index.php?rest_route=\/wp\/v2\/posts\/64491\/revisions"}],"predecessor-version":[{"id":64499,"href":"https:\/\/miradordeatarfe.es\/index.php?rest_route=\/wp\/v2\/posts\/64491\/revisions\/64499"}],"wp:featuredmedia":[{"embeddable":true,"href":"https:\/\/miradordeatarfe.es\/index.php?rest_route=\/wp\/v2\/media\/64494"}],"wp:attachment":[{"href":"https:\/\/miradordeatarfe.es\/index.php?rest_route=%2Fwp%2Fv2%2Fmedia&parent=64491"}],"wp:term":[{"taxonomy":"category","embeddable":true,"href":"https:\/\/miradordeatarfe.es\/index.php?rest_route=%2Fwp%2Fv2%2Fcategories&post=64491"},{"taxonomy":"post_tag","embeddable":true,"href":"https:\/\/miradordeatarfe.es\/index.php?rest_route=%2Fwp%2Fv2%2Ftags&post=64491"}],"curies":[{"name":"wp","href":"https:\/\/api.w.org\/{rel}","templated":true}]}}