{"id":64500,"date":"2023-10-29T11:06:31","date_gmt":"2023-10-29T10:06:31","guid":{"rendered":"https:\/\/miradordeatarfe.es\/?p=64500"},"modified":"2023-10-29T14:02:00","modified_gmt":"2023-10-29T13:02:00","slug":"atarfe-rinde-un-merecido-homenaje-a-la-bicampeona-del-mundo-de-atletismo-maria-perez","status":"publish","type":"post","link":"https:\/\/miradordeatarfe.es\/?p=64500","title":{"rendered":"Atarfe rinde un merecido homenaje a la bicampeona del mundo de atletismo: MAR\u00cdA P\u00c9REZ"},"content":{"rendered":"<h3 style=\"text-align: justify;\"><span class=\"yt-core-attributed-string yt-core-attributed-string--white-space-pre-wrap\" role=\"text\">En un emotivo acto, nuestros\u00a0 deportistas, representados por los miembros del Club de Atletismo de Atarfe, se han unido al evento en el que el Ayuntamiento ha dedicado a Mar\u00eda P\u00e9rez un impresionante\u00a0 grafiti, realizado por el famoso artista urbano\u00a0 el NI\u00d1O DE LAS PINTURAS.<\/span><\/h3>\n<p class=\"voc-subtitle\" style=\"text-align: justify;\">Natural de Orce, el pueblo donde surgieron los primeros pobladores de Europa. Comenz\u00f3 a practicar la marcha atl\u00e9tica en el colegio, a la edad de 11 a\u00f1os, bajo la direcci\u00f3n de <strong>Jacinto Garz\u00f3n<\/strong>, quien ha sido su entrenador desde entonces y nunca ha cambiado de entrenador. Se prepara para ser maestra de Educaci\u00f3n Infantil. \u200b Es p\u00fablicamente lesbiana<\/p>\n<p style=\"text-align: justify;\">La <strong>marcha<\/strong>\u00a0<strong>espa\u00f1ola<\/strong> est\u00e1 de dulce, vive momentos m\u00e1gicos\u00a0 y uno de los motivos para ello es <strong>Mar\u00eda<\/strong> <strong>P\u00e9rez<\/strong>. La granadina se ha alzado al cuello dos preseas de oro en los <strong>Mundiales de Budapest<\/strong>, la primera en 20 kil\u00f3metros y la segunda en 35, \u00e9sta con un m\u00e9rito may\u00fascula tras los problemas musculares que sufri\u00f3 en la primera prueba, con s\u00f3lo cuatro d\u00edas de diferencia. La de Orce ha demostrado que<strong> es la mejor especialista del planeta en esta disciplina.<\/strong><\/p>\n<p style=\"text-align: justify;\"><a href=\"https:\/\/i0.wp.com\/miradordeatarfe.es\/wp-content\/uploads\/2023\/10\/Screenshot-2023-10-28-at-16-50-38-Maria-Perez-Garcia-Wikipedia-la-enciclopedia-libre.png?ssl=1\"><img data-recalc-dims=\"1\" loading=\"lazy\" decoding=\"async\" class=\"alignnone wp-image-64501 size-full\" src=\"https:\/\/i0.wp.com\/miradordeatarfe.es\/wp-content\/uploads\/2023\/10\/Screenshot-2023-10-28-at-16-50-38-Maria-Perez-Garcia-Wikipedia-la-enciclopedia-libre.png?resize=532%2C225&#038;ssl=1\" alt=\"\" width=\"532\" height=\"225\" srcset=\"https:\/\/i0.wp.com\/miradordeatarfe.es\/wp-content\/uploads\/2023\/10\/Screenshot-2023-10-28-at-16-50-38-Maria-Perez-Garcia-Wikipedia-la-enciclopedia-libre.png?w=532&amp;ssl=1 532w, https:\/\/i0.wp.com\/miradordeatarfe.es\/wp-content\/uploads\/2023\/10\/Screenshot-2023-10-28-at-16-50-38-Maria-Perez-Garcia-Wikipedia-la-enciclopedia-libre.png?resize=300%2C127&amp;ssl=1 300w\" sizes=\"auto, (max-width: 532px) 100vw, 532px\" \/><\/a><\/p>\n<p style=\"text-align: justify;\"><span class=\"yt-core-attributed-string yt-core-attributed-string--white-space-pre-wrap\" role=\"text\"> Este gesto del<strong> Atletismo de Atarfe<\/strong> y nuestro <strong>Ayuntamiento<\/strong> es un reconocimiento a los logros de esta gran atleta y simboliza la presencia destacada de las mujeres en lo m\u00e1s alto del deporte mundial. <\/span><\/p>\n<p style=\"text-align: justify;\"><span class=\"yt-core-attributed-string yt-core-attributed-string--white-space-pre-wrap\" role=\"text\">\u00a0El objetivo de las Concejal\u00edas de Igualdad y la de Deportes es visibilizar el deporte femenino y promover la pr\u00e1ctica de las distintas disciplinas entre las ni\u00f1as de Atarfe, sin ponerse l\u00edmites en sus metas.<\/span><\/p>\n<p style=\"text-align: justify;\"><span class=\"yt-core-attributed-string yt-core-attributed-string--white-space-pre-wrap\" role=\"text\"> Atarfe mostr\u00f3 su <strong class=\"mce\">reconocimiento<\/strong> y \u00aborgullo\u00bb de los triunfos de Mar\u00eda P\u00e9rez, y destac\u00f3 el trabajo que desde los centros educativos y desde el Club de Atletismo atarfe\u00f1o realizan todas las personas implicadas en el Atletismo para trasladar a los m\u00e1s peque\u00f1os, valores como el esfuerzo, la constancia y el tes\u00f3n.<br \/>\n<\/span><\/p>\n<p style=\"text-align: justify;\"><iframe loading=\"lazy\" title=\"YouTube video player\" src=\"\/\/www.youtube.com\/embed\/sFQJRA5MkI8?si=5hZvIpZWKAvzuI88\" width=\"560\" height=\"315\" frameborder=\"0\" allowfullscreen=\"allowfullscreen\"><\/iframe><\/p>\n","protected":false},"excerpt":{"rendered":"<p>En un emotivo acto, nuestros\u00a0 deportistas, representados por los miembros del Club de Atletismo de&#8230;<\/p>\n","protected":false},"author":1,"featured_media":64503,"comment_status":"closed","ping_status":"closed","sticky":false,"template":"","format":"standard","meta":{"_coblocks_attr":"","_coblocks_dimensions":"","_coblocks_responsive_height":"","_coblocks_accordion_ie_support":"","jetpack_post_was_ever_published":false,"_jetpack_newsletter_access":"","_jetpack_dont_email_post_to_subs":false,"_jetpack_newsletter_tier_id":0,"_jetpack_memberships_contains_paywalled_content":false,"_jetpack_memberships_contains_paid_content":false,"footnotes":"","jetpack_publicize_message":"","jetpack_publicize_feature_enabled":true,"jetpack_social_post_already_shared":false,"jetpack_social_options":{"image_generator_settings":{"template":"highway","default_image_id":0,"enabled":false},"version":2}},"categories":[6916,182,44],"tags":[],"class_list":["post-64500","post","type-post","status-publish","format-standard","has-post-thumbnail","hentry","category-ayuntamiento-de-atarfe","category-deportes","category-noticias-de-hoy"],"jetpack_publicize_connections":[],"jetpack_featured_media_url":"https:\/\/i0.wp.com\/miradordeatarfe.es\/wp-content\/uploads\/2023\/10\/maxresdefault.jpg?fit=1280%2C720&ssl=1","jetpack_likes_enabled":true,"jetpack_sharing_enabled":true,"_links":{"self":[{"href":"https:\/\/miradordeatarfe.es\/index.php?rest_route=\/wp\/v2\/posts\/64500","targetHints":{"allow":["GET"]}}],"collection":[{"href":"https:\/\/miradordeatarfe.es\/index.php?rest_route=\/wp\/v2\/posts"}],"about":[{"href":"https:\/\/miradordeatarfe.es\/index.php?rest_route=\/wp\/v2\/types\/post"}],"author":[{"embeddable":true,"href":"https:\/\/miradordeatarfe.es\/index.php?rest_route=\/wp\/v2\/users\/1"}],"replies":[{"embeddable":true,"href":"https:\/\/miradordeatarfe.es\/index.php?rest_route=%2Fwp%2Fv2%2Fcomments&post=64500"}],"version-history":[{"count":1,"href":"https:\/\/miradordeatarfe.es\/index.php?rest_route=\/wp\/v2\/posts\/64500\/revisions"}],"predecessor-version":[{"id":64502,"href":"https:\/\/miradordeatarfe.es\/index.php?rest_route=\/wp\/v2\/posts\/64500\/revisions\/64502"}],"wp:featuredmedia":[{"embeddable":true,"href":"https:\/\/miradordeatarfe.es\/index.php?rest_route=\/wp\/v2\/media\/64503"}],"wp:attachment":[{"href":"https:\/\/miradordeatarfe.es\/index.php?rest_route=%2Fwp%2Fv2%2Fmedia&parent=64500"}],"wp:term":[{"taxonomy":"category","embeddable":true,"href":"https:\/\/miradordeatarfe.es\/index.php?rest_route=%2Fwp%2Fv2%2Fcategories&post=64500"},{"taxonomy":"post_tag","embeddable":true,"href":"https:\/\/miradordeatarfe.es\/index.php?rest_route=%2Fwp%2Fv2%2Ftags&post=64500"}],"curies":[{"name":"wp","href":"https:\/\/api.w.org\/{rel}","templated":true}]}}