{"id":64504,"date":"2023-10-30T11:36:57","date_gmt":"2023-10-30T10:36:57","guid":{"rendered":"https:\/\/miradordeatarfe.es\/?p=64504"},"modified":"2023-10-28T17:05:36","modified_gmt":"2023-10-28T15:05:36","slug":"yolanda-y-el-fuego-amigo-por-remedios-sanchez","status":"publish","type":"post","link":"https:\/\/miradordeatarfe.es\/?p=64504","title":{"rendered":"\u00abYOLANDA Y EL FUEGO AMIGO\u00bb por  Remedios S\u00e1nchez"},"content":{"rendered":"<h3 style=\"text-align: justify;\">Ya avisaba Andreotti, parafraseando a Churchill, que en la vida hay que distinguir entre amigos, conocidos, adversarios, enemigos y compa\u00f1eros de partido<\/h3>\n<p style=\"text-align: justify;\">No han hecho falta ni veinticuatro horas desde el anuncio del acuerdo de gobierno entre PSOE y Podemos para demostrar que lo de Sumar \u00a0tiene que ver m\u00e1s con restar o dividir que otra cosa, sobre todo si se atienden a las declaraciones de Pablo Iglesias, que se resiste a dejar que sea \u00a0su sucesora la que tome las decisiones dentro de la multi-coalici\u00f3n\/avispero de intereses m\u00faltiples que es el partido de Yolanda D\u00edaz.<\/p>\n<p style=\"text-align: justify;\">Ya avisaba Andreotti, parafraseando a Churchill, que en la vida hay que distinguir entre amigos, conocidos, adversarios, enemigos y compa\u00f1eros de partido. Los adversarios est\u00e1n siempre en la bancada de enfrente y los enemigos, que normalmente suelen coincidir con los compa\u00f1eros de partido, justamente detr\u00e1s, como protegi\u00e9ndote la espalda, pero prestos a clavar el estilete veneciano llegado el momento preciso y sin que se les mueva un m\u00fasculo de la cara.<\/p>\n<p style=\"text-align: justify;\">El problema empieza cuando al l\u00edder\/lideresa de turno se le olvidan estas cosas primordiales y se cree que lo naturalmente asumido es que los flashes y los focos vayan todos hacia su persona con el cari\u00f1o fraternal de sus colegas; pero es la clave para la supervivencia en la selva del poder est\u00e1 en conocerse bien las reglas del juego y en no perder de vista la ley de la gravedad: que todo lo que sube acaba por bajar y no siempre a la misma velocidad. Sobre todo cuando lo que est\u00e1 en juego son sillones, sueldos y coches oficiales, que por lo visto enganchan mucho al personal.<\/p>\n<p style=\"text-align: justify;\">Yolanda D\u00edaz vive en una perpetua cruzada con Podemos casi desde el mismo d\u00eda que quiso coger el tim\u00f3n \u00a0(de verdad, salt\u00e1ndose el parip\u00e9 que ten\u00eda planeado Pablo Iglesias, mandam\u00e1s en la sombra o sombra de un mandam\u00e1s, que en su caso ha acabado por ser lo mismo) del Titanic morado y otras se\u00f1oras afines al amado l\u00edder ca\u00eddo en desgracia por la fuerza de los votos entraron en p\u00e1nico viendo que la rubia gallega las pod\u00eda mandar al paro con viento fresco.<\/p>\n<p style=\"text-align: justify;\">Me refiero, claro, a las de siempre: Montero, Belarra, Rodriguez Pam y adl\u00e1teres, personajes m\u00e1s plausibles de formar parte de una telenovela turca que de un Consejo de Ministros, aunque sea made in Spain.<\/p>\n<p style=\"text-align: justify;\">Y ahora que se avecina el combate final, que ya tienen pie y medio fuera de las prebendas, se est\u00e1n alcanzando los mayores niveles de estulticia pol\u00edtica jam\u00e1s vistos, esas rabietas que anta\u00f1o se guardaban en los armarios de los partidos serios pero que hoy son carne de rueda de prensa, de entrevista o de comunicado a los medios. No se dan cuanta del da\u00f1o que hacen, no ya a sus propios grupos, sino a la imagen global que tiene la ciudadan\u00eda media de la pol\u00edtica nacional donde s\u00f3lo Pedro S\u00e1nchez parece haberse estudiando de memoria \u2018El pr\u00edncipe\u2019 de Maquiavelo o \u2018El arte de la guerra\u2019 de Sun Tzu para aplicarlos concienzudamente y con deleitoso esmero.<\/p>\n<p style=\"text-align: justify;\">Es decir, que en el ap\u00e9ndice de Sumar que es Podemos, como en casi todos sitios, sobra ambici\u00f3n y falta inteligencia estrat\u00e9gica, esa capacidad para valorar la conveniencia de hacerse el muerto cuando la batalla est\u00e1 objetivamente perdida. Porque Yolanda D\u00edaz tendr\u00e1 problemas para explicarse sobre la supresi\u00f3n de los vuelos cortos, pero lo que tiene meridianamente claro es que ella viajar\u00e1 en Falcon al precio que sea.<\/p>\n<p><span class=\"a_m_m\">Foto: Olmo Calvo<\/span><\/p>\n","protected":false},"excerpt":{"rendered":"<p>Ya avisaba Andreotti, parafraseando a Churchill, que en la vida hay que distinguir entre amigos,&#8230;<\/p>\n","protected":false},"author":1,"featured_media":64505,"comment_status":"closed","ping_status":"closed","sticky":false,"template":"","format":"standard","meta":{"_coblocks_attr":"","_coblocks_dimensions":"","_coblocks_responsive_height":"","_coblocks_accordion_ie_support":"","jetpack_post_was_ever_published":false,"_jetpack_newsletter_access":"","_jetpack_dont_email_post_to_subs":false,"_jetpack_newsletter_tier_id":0,"_jetpack_memberships_contains_paywalled_content":false,"_jetpack_memberships_contains_paid_content":false,"footnotes":"","jetpack_publicize_message":"","jetpack_publicize_feature_enabled":true,"jetpack_social_post_already_shared":true,"jetpack_social_options":{"image_generator_settings":{"template":"highway","default_image_id":0,"enabled":false},"version":2}},"categories":[44,7671,6914],"tags":[],"class_list":["post-64504","post","type-post","status-publish","format-standard","has-post-thumbnail","hentry","category-noticias-de-hoy","category-politica","category-opinion-de-reme-sanchez"],"jetpack_publicize_connections":[],"jetpack_featured_media_url":"https:\/\/i0.wp.com\/miradordeatarfe.es\/wp-content\/uploads\/2023\/10\/5MQ5WFIXUJDMPBV23JZNOUZR5Q.jpg?fit=1960%2C1103&ssl=1","jetpack_likes_enabled":true,"jetpack_sharing_enabled":true,"_links":{"self":[{"href":"https:\/\/miradordeatarfe.es\/index.php?rest_route=\/wp\/v2\/posts\/64504","targetHints":{"allow":["GET"]}}],"collection":[{"href":"https:\/\/miradordeatarfe.es\/index.php?rest_route=\/wp\/v2\/posts"}],"about":[{"href":"https:\/\/miradordeatarfe.es\/index.php?rest_route=\/wp\/v2\/types\/post"}],"author":[{"embeddable":true,"href":"https:\/\/miradordeatarfe.es\/index.php?rest_route=\/wp\/v2\/users\/1"}],"replies":[{"embeddable":true,"href":"https:\/\/miradordeatarfe.es\/index.php?rest_route=%2Fwp%2Fv2%2Fcomments&post=64504"}],"version-history":[{"count":1,"href":"https:\/\/miradordeatarfe.es\/index.php?rest_route=\/wp\/v2\/posts\/64504\/revisions"}],"predecessor-version":[{"id":64506,"href":"https:\/\/miradordeatarfe.es\/index.php?rest_route=\/wp\/v2\/posts\/64504\/revisions\/64506"}],"wp:featuredmedia":[{"embeddable":true,"href":"https:\/\/miradordeatarfe.es\/index.php?rest_route=\/wp\/v2\/media\/64505"}],"wp:attachment":[{"href":"https:\/\/miradordeatarfe.es\/index.php?rest_route=%2Fwp%2Fv2%2Fmedia&parent=64504"}],"wp:term":[{"taxonomy":"category","embeddable":true,"href":"https:\/\/miradordeatarfe.es\/index.php?rest_route=%2Fwp%2Fv2%2Fcategories&post=64504"},{"taxonomy":"post_tag","embeddable":true,"href":"https:\/\/miradordeatarfe.es\/index.php?rest_route=%2Fwp%2Fv2%2Ftags&post=64504"}],"curies":[{"name":"wp","href":"https:\/\/api.w.org\/{rel}","templated":true}]}}