{"id":64521,"date":"2023-10-31T08:34:29","date_gmt":"2023-10-31T07:34:29","guid":{"rendered":"https:\/\/miradordeatarfe.es\/?p=64521"},"modified":"2023-10-28T19:02:05","modified_gmt":"2023-10-28T17:02:05","slug":"quiero-reducir-las-emisiones-de-co2-pero-no-me-puedo-permitir-un-vehiculo-electrico","status":"publish","type":"post","link":"https:\/\/miradordeatarfe.es\/?p=64521","title":{"rendered":"\u00abQuiero reducir las emisiones de CO2, pero no me puedo permitir un veh\u00edculo el\u00e9ctrico\u00bb"},"content":{"rendered":"<h3>Hace unos meses sufr\u00ed una <strong>aver\u00eda irreparable en mi veh\u00edculo<\/strong>, lo cual me ha obligado a hacer un cambio.<\/h3>\n<p>En situaciones en las que el transporte p\u00fablico no es una alternativa, mi prioridad es encontrar un <strong>veh\u00edculo h\u00edbrido o el\u00e9ctrico<\/strong> para reducir al m\u00e1ximo mi huella de carbono al desplazarme.<\/p>\n<div class=\"ep-detail-body\">\n<p>Desafortunadamente, el dinero es un problema y un veh\u00edculo de estas caracter\u00edsticas tiene un <strong>precio de compra desorbitado<\/strong> (incluso siendo de segunda mano). Imagino que cientos de personas se encuentran en esta situaci\u00f3n y, <strong>en contra de nuestra voluntad<\/strong>, tenemos que adquirir un veh\u00edculo de combusti\u00f3n.<\/p>\n<p>En mi d\u00eda a d\u00eda utilizo el transporte p\u00fablico todo lo posible, pero creo que todav\u00eda queda un <strong>largo camino por recorrer<\/strong> hacia la <strong>transici\u00f3n al coche el\u00e9ctrico<\/strong>.<\/p>\n<\/div>\n<div class=\"ep-comentarios disabled\" data-actas=\"disquscomments\" data-comments-disabled-class=\"disabled\" data-comments-title=\"&quot;Quiero reducir las emisiones de CO2, pero no me puedo permitir un veh\u00edculo el\u00e9ctrico&quot;\" data-comments-tags=\"te_xxentre\" data-comments-scroll-button=\".comments-scroll-button\" data-comments-id=\"T_SRVD_UGC-93752244\" data-comments-url=\"https:\/\/www.elperiodico.com\/es\/entre-todos\/participacion\/quiero-reducir-emisiones-permitir-vehiculo-electrico-carta-lector-lluc-ventura-93752244\" data-comments-type=\"button\" data-comments-loader=\".comment-loader\" data-gtm-vis-recent-on-screen13575534_1137=\"10988\" data-gtm-vis-first-on-screen13575534_1137=\"10988\" data-gtm-vis-total-visible-time13575534_1137=\"100\" data-gtm-vis-has-fired13575534_1137=\"1\">\u00a0<\/div>\n<p>CARTA AL DIRECTOR DE UN PERI\u00d3DICO DE TIRADA NACIONAL<\/p>\n","protected":false},"excerpt":{"rendered":"<p>Hace unos meses sufr\u00ed una aver\u00eda irreparable en mi veh\u00edculo, lo cual me ha obligado&#8230;<\/p>\n","protected":false},"author":1,"featured_media":64522,"comment_status":"closed","ping_status":"closed","sticky":false,"template":"","format":"standard","meta":{"_coblocks_attr":"","_coblocks_dimensions":"","_coblocks_responsive_height":"","_coblocks_accordion_ie_support":"","jetpack_post_was_ever_published":false,"_jetpack_newsletter_access":"","_jetpack_dont_email_post_to_subs":false,"_jetpack_newsletter_tier_id":0,"_jetpack_memberships_contains_paywalled_content":false,"_jetpack_memberships_contains_paid_content":false,"footnotes":"","jetpack_publicize_message":"","jetpack_publicize_feature_enabled":true,"jetpack_social_post_already_shared":true,"jetpack_social_options":{"image_generator_settings":{"template":"highway","default_image_id":0,"enabled":false},"version":2}},"categories":[7725,44,6937],"tags":[],"class_list":["post-64521","post","type-post","status-publish","format-standard","has-post-thumbnail","hentry","category-atarfe-sostenible","category-noticias-de-hoy","category-sociedad"],"jetpack_publicize_connections":[],"jetpack_featured_media_url":"https:\/\/i0.wp.com\/miradordeatarfe.es\/wp-content\/uploads\/2023\/10\/ed4bf335-c9cc-4ee6-9247-e9e64b37cc06_alta-libre-aspect-ratio_default_0.jpg?fit=1200%2C675&ssl=1","jetpack_likes_enabled":true,"jetpack_sharing_enabled":true,"_links":{"self":[{"href":"https:\/\/miradordeatarfe.es\/index.php?rest_route=\/wp\/v2\/posts\/64521","targetHints":{"allow":["GET"]}}],"collection":[{"href":"https:\/\/miradordeatarfe.es\/index.php?rest_route=\/wp\/v2\/posts"}],"about":[{"href":"https:\/\/miradordeatarfe.es\/index.php?rest_route=\/wp\/v2\/types\/post"}],"author":[{"embeddable":true,"href":"https:\/\/miradordeatarfe.es\/index.php?rest_route=\/wp\/v2\/users\/1"}],"replies":[{"embeddable":true,"href":"https:\/\/miradordeatarfe.es\/index.php?rest_route=%2Fwp%2Fv2%2Fcomments&post=64521"}],"version-history":[{"count":1,"href":"https:\/\/miradordeatarfe.es\/index.php?rest_route=\/wp\/v2\/posts\/64521\/revisions"}],"predecessor-version":[{"id":64523,"href":"https:\/\/miradordeatarfe.es\/index.php?rest_route=\/wp\/v2\/posts\/64521\/revisions\/64523"}],"wp:featuredmedia":[{"embeddable":true,"href":"https:\/\/miradordeatarfe.es\/index.php?rest_route=\/wp\/v2\/media\/64522"}],"wp:attachment":[{"href":"https:\/\/miradordeatarfe.es\/index.php?rest_route=%2Fwp%2Fv2%2Fmedia&parent=64521"}],"wp:term":[{"taxonomy":"category","embeddable":true,"href":"https:\/\/miradordeatarfe.es\/index.php?rest_route=%2Fwp%2Fv2%2Fcategories&post=64521"},{"taxonomy":"post_tag","embeddable":true,"href":"https:\/\/miradordeatarfe.es\/index.php?rest_route=%2Fwp%2Fv2%2Ftags&post=64521"}],"curies":[{"name":"wp","href":"https:\/\/api.w.org\/{rel}","templated":true}]}}