{"id":64527,"date":"2023-10-30T08:53:50","date_gmt":"2023-10-30T07:53:50","guid":{"rendered":"https:\/\/miradordeatarfe.es\/?p=64527"},"modified":"2023-10-30T13:18:53","modified_gmt":"2023-10-30T12:18:53","slug":"aitana-bonmati-a-un-paso-del-balon-de-oro-sufro-porque-siempre-quiero-mas","status":"publish","type":"post","link":"https:\/\/miradordeatarfe.es\/?p=64527","title":{"rendered":"Aitana Bonmat\u00ed, a un paso del Bal\u00f3n de Oro: \u201cSufro porque siempre quiero m\u00e1s\u201d"},"content":{"rendered":"<h3 class=\"a_st\">Impulsada por su ambici\u00f3n y su calidad, la estrella del Bar\u00e7a y la selecci\u00f3n es la favorita para el premio que se entrega este lunes en Par\u00eds. No olvida que la insultaban por ser ni\u00f1a y dar patadas a un bal\u00f3n. Hoy es una estrella. Y no quiere perder m\u00e1s tiempo con temas como el \u2018caso Rubiales\u2019. Solo quiere entrenar, jugar y ganar.<\/h3>\n<div class=\"a_c clearfix\" data-dtm-region=\"articulo_cuerpo\">\n<p class=\"\"><a href=\"https:\/\/elpais.com\/deportes\/futbol\/2023-09-26\/aitana-bonmati-espero-que-no-tengamos-que-vivir-esta-situacion-nunca-mas.html\" target=\"_blank\" rel=\"noopener\" data-link-track-dtm=\"\" data-mrf-link=\"https:\/\/elpais.com\/deportes\/futbol\/2023-09-26\/aitana-bonmati-espero-que-no-tengamos-que-vivir-esta-situacion-nunca-mas.html\">Aitana Bonmat\u00ed<\/a> (Sant Pere de Ribes, 25 a\u00f1os) no es una jugadora de f\u00fatbol. Bonmat\u00ed es f\u00fatbol. F\u00fatbol es todo su ser menudo, musculoso, tenaz y volc\u00e1nico. Ha entrenado esta ma\u00f1ana, se ha duchado, ha comido, se sienta para que la maquille Manuela Pane. En la base del espejo pone su m\u00f3vil y un suplemento de prote\u00edna. Esto no es f\u00fatbol, pero entiende que ya es parte de su trabajo. Fue una ni\u00f1a siempre pegada a un ch\u00e1ndal, ahora es una celebridad que pasa por una sesi\u00f3n de maquillaje antes de ser retratada. \u201cNo me desagrada, pero no es mi mundo, mi mundo es el deporte\u201d, dice mientras Pane le seca la melena. Cuenta que le gusta el pop anglosaj\u00f3n, la m\u00fasica catalana. Anglos como Post Malone, Ed Sheeran, Coldplay. Catalanes como The Tyets, La Pegatina. \u201c\u00bfNo conoces La Pegatina? Es rumba\u201d. De rumba casi no le suenan los cl\u00e1sicos, como El Pesca\u00edlla o Peret. \u201cSeguro que alguna del Peret habr\u00e9 escuchado\u2026\u201d. Le gustan los colombianos Morat, una banda de pop. \u201cMorat con t\u201d, aclara. Porque luego est\u00e1 Morad con d, ese rapero catal\u00e1n con tantos fans como l\u00edos policiales.<\/p>\n<p class=\"\">Echa mano al m\u00f3vil cuando quiere asegurarse de algo de lo que menciona. Procura usarlo con moderaci\u00f3n. \u201cQuita mucho tiempo y es un estr\u00e9s. Demasiados <i>inputs\u201d,<\/i> concluye. Gui\u00f1a un ojo.<\/p>\n<p class=\"\">Su rostro es ani\u00f1ado. Su esencia expresiva \u2014l\u00ednea de boca, tensi\u00f3n facial, intensidad en la mirada, cuello fuerte, cuello recto\u2014 es la de una adulta ejecutiva. R\u00ede cuando se le pregunta qu\u00e9 hace para relajarse, porque ahora mismo no tiene ni el m\u00e1s m\u00ednimo descanso.<\/p>\n<p class=\"\">En unos d\u00edas viajar\u00e1 a Par\u00eds para la entrega del <a href=\"https:\/\/elpais.com\/noticias\/premio-balon-oro\/\" target=\"_blank\" rel=\"noopener\" data-link-track-dtm=\"\" data-mrf-link=\"https:\/\/elpais.com\/noticias\/premio-balon-oro\/\">Bal\u00f3n de Oro<\/a> \u2014ella es la candidata favorita para recibirlo\u2014, y despu\u00e9s espera poder ir retomando el control de sus tiempos, de la organizaci\u00f3n propia que tanto valora: \u201cSoy consciente de que vivo de mi cuerpo y de que no puedo pasarme el d\u00eda a <i>full.<\/i> Tengo que poder gestionarme\u201d.<\/p>\n<figure class=\"a_m a_m-v \"><span class=\"_db a_m_w _pr lb_btn\"><img data-recalc-dims=\"1\" loading=\"lazy\" decoding=\"async\" class=\"_re lazyload a_m-v alignleft\" src=\"https:\/\/i0.wp.com\/imagenes.elpais.com\/resizer\/a_nakEI1rpkfCVRFlkf3rura1kQ%3D\/414x0\/cloudfront-eu-central-1.images.arcpublishing.com\/prisa\/QSAV4OEBAZAOVF6D6JA7KYJJSY.jpg?resize=414%2C618&#038;ssl=1\" sizes=\"auto, (min-width:1199px) 1155px,(min-width:1001px) calc(100vw - 44px),(min-width:768px) 767px, 100vw\" srcset=\"https:\/\/imagenes.elpais.com\/resizer\/a_nakEI1rpkfCVRFlkf3rura1kQ=\/414x0\/cloudfront-eu-central-1.images.arcpublishing.com\/prisa\/QSAV4OEBAZAOVF6D6JA7KYJJSY.jpg 414w,https:\/\/imagenes.elpais.com\/resizer\/hspwWYf1ViygCRzKF-gLdrwRcgY=\/828x0\/cloudfront-eu-central-1.images.arcpublishing.com\/prisa\/QSAV4OEBAZAOVF6D6JA7KYJJSY.jpg 640w,https:\/\/imagenes.elpais.com\/resizer\/PdS3I9SN5ALikZWetu4TyarIUpg=\/980x0\/cloudfront-eu-central-1.images.arcpublishing.com\/prisa\/QSAV4OEBAZAOVF6D6JA7KYJJSY.jpg 1000w,https:\/\/imagenes.elpais.com\/resizer\/N3oavVWrEUPI47HPi8_oDXmaCTo=\/1960x0\/cloudfront-eu-central-1.images.arcpublishing.com\/prisa\/QSAV4OEBAZAOVF6D6JA7KYJJSY.jpg 1960w\" alt=\"Bonmat\u00ed viste chaqueta y zapatillas Blazer Mid \u201977 Vintage, de Nike, y jersey, camisa y pantal\u00f3n de Gucci. \" width=\"414\" height=\"618\" \/><\/span><figcaption class=\"a_m_p\">Bonmat\u00ed viste chaqueta y zapatillas Blazer Mid \u201977 Vintage, de Nike, y jersey, camisa y pantal\u00f3n de Gucci. <span class=\"a_m_m\">Caterina Barjau<\/span><\/figcaption><\/figure>\n<p class=\"\">La maquilladora le aplica con un pincel crema hidratante. La brocha se ve tan suave, la crema tan fresca. Dan ganas de pedir una pasada. La campeona y MVP de la <a href=\"https:\/\/elpais.com\/deportes\/mundial-futbol-femenino\/2023-08-20\/espana-inglaterra-en-directo-final-del-mundial-de-australia-y-nueva-zelanda-en-vivo.html\" target=\"_blank\" rel=\"noopener\" data-link-track-dtm=\"\" data-mrf-link=\"https:\/\/elpais.com\/deportes\/mundial-futbol-femenino\/2023-08-20\/espana-inglaterra-en-directo-final-del-mundial-de-australia-y-nueva-zelanda-en-vivo.html\">Copa del Mundo<\/a> de Australia y Nueva Zelanda, la futbolista del momento, de peque\u00f1a no jugaba a maquillarse. Dice que est\u00e1 aprendiendo. Le rizan las pesta\u00f1as. \u00bfC\u00f3mo se llama eso? \u201cYo tengo uno, pero no me s\u00e9 el nombre\u201d, dice Bonmat\u00ed. La maquilladora: \u201cRizador\u201d.<\/p>\n<p class=\"\">A Aitana Bonmat\u00ed Conca, hija de madre y padre profesores de Lengua y Literatura Catalana, le gusta leer. Dice que su casa m\u00e1s que un hogar parece una biblioteca. Dice \u201cmi casa\u201d, aunque es la casa de sus padres. Vive como ellos en Ribes, pero su casa es otra, vive sola. Le interesa la II Guerra Mundial. Uno de sus libros favoritos es <a href=\"https:\/\/elpais.com\/diario\/2007\/04\/11\/cultura\/1176242404_850215.html\" target=\"_blank\" rel=\"noopener\" data-link-track-dtm=\"\" data-mrf-link=\"https:\/\/elpais.com\/diario\/2007\/04\/11\/cultura\/1176242404_850215.html\"><i>Si esto es un hombre, <\/i><\/a>de Primo Levi, testimonio de su cautiverio en Auschwitz, y est\u00e1 leyendo <a href=\"https:\/\/elpais.com\/cultura\/2014\/09\/05\/babelia\/1409932346_750217.html\" target=\"_blank\" rel=\"noopener\" data-link-track-dtm=\"\" data-mrf-link=\"https:\/\/elpais.com\/cultura\/2014\/09\/05\/babelia\/1409932346_750217.html\"><i>Open,<\/i><\/a> la biograf\u00eda que le bord\u00f3 a Andre Agassi el escritor J. R. Moehringer. Pese al rebumbio en que est\u00e1 metida, Bonmat\u00ed saca ratos y la est\u00e1 acabando. La tiene perpleja: \u201cTantos a\u00f1os jugando al tenis y odi\u00e1ndolo. \u00bfC\u00f3mo es posible?\u201d. Esto no lo comprende. S\u00ed se siente interpelada por la experiencia universal de sufrimiento y renuncias que requiere el camino a la \u00e9lite del deporte.<\/p>\n<p class=\"\">Han terminado, pero no le gusta c\u00f3mo le ha quedado el pelo suelto, las ondas. Pane opina que se ve bien. Ella insiste en que prefiere una coleta que le despeje la cara. Se lo hacen. Queda contenta. Le gusta la blusa Nike que lleva, que transparenta. \u201cUn poco atrevida para m\u00ed, \u00bfno?\u201d, dice. Pide un caf\u00e9 para coger fuerzas para la sesi\u00f3n de fotos. Cuando se lo traen da unas \u201c\u00a1gracias!\u201d muy sentidas, le brilla la cara. Le pasan un azucarillo. \u201cNo, no,<i> jo sense sucre\u201d,<\/i> responde Bonmat\u00ed, que ha hecho de su liviano f\u00edsico una m\u00e1quina \u00f3ptima.<\/p>\n<p class=\"\">Seg\u00fan datos de la organizaci\u00f3n de futbolistas Fifpro, desde julio de 2018 ha sido en el \u00e1mbito internacional la futbolista que m\u00e1s partidos ha disputado (242) y la que m\u00e1s consecutivos (140). El descanso y la nutrici\u00f3n son fundamentales para ella. El periodista propuso desayunar con ella en Ribes. Le dijeron que no. Esta ma\u00f1ana se ha levantado a las ocho y ha desayunado dos tostadas de pan de espelta con aguacate y queso manchego, \u201cdel seco, si puede ser\u201d, un caf\u00e9 con leche de avena, un kiwi amarillo. \u201cSuelo hacer siempre lo mismo\u201d.<\/p>\n<p class=\"\">Para Bonmat\u00ed la comida es energ\u00eda. De ni\u00f1a, los fines de semana sal\u00eda de casa por la ma\u00f1ana y jugaba en la calle hasta la noche. Se llevaba un bocadillo. No recuerda de qu\u00e9 era, no ten\u00eda ning\u00fan bocadillo favorito. \u201cNo era lo importante. Lo \u00fanico importante era llevarme el bal\u00f3n\u201d, recuerda, porque en efecto la ni\u00f1a Aitana tampoco era una ni\u00f1a, la ni\u00f1a Aitana era f\u00fatbol. La funci\u00f3n del bocadillo se limitaba a permitirle recuperar fuerzas para correr m\u00e1s, dar m\u00e1s pases, robar m\u00e1s balones, ir m\u00e1s duro al choque, estar m\u00e1s fina en las paredes, m\u00e1s el\u00e9ctrica en los regates, para competir, para ganar.<\/p>\n<p class=\"\">Y para luchar. En su libro <i>Unidas somos m\u00e1s fuertes<\/i> (2022) cuenta que de peque\u00f1a era \u201cfr\u00eda y dura\u201d. \u00bfPor qu\u00e9 lo dice? Responde realizadas las fotos, ya sentados en el banquillo de visitantes del estadio Johan Cruyff: \u201cMi infancia no fue f\u00e1cil porque yo era la \u00fanica ni\u00f1a en un mundo de hombres, y las peleas, los insultos que recib\u00eda creo que me los guardaba, no era capaz de sacarlos y simplemente me pon\u00eda una coraza\u201d.<\/p>\n<p class=\"\">\u2014A veces acababais a los pu\u00f1os.<\/p>\n<p class=\"\">\u2014Alguna vez, no era lo habitual. Lo habitual eran los insultos.<\/p>\n<p class=\"\">\u2014Te ten\u00edan frita.<\/p>\n<p class=\"\">\u2014Bastante.<\/p>\n<p class=\"\">R\u00ede Bonmat\u00ed, que estaba relajada en la sesi\u00f3n de maquillaje, pas\u00f3 bien las fotos y sigue de \u00e1nimo abierto y generoso, pues carga un tonel de cansancio.<\/p>\n<figure class=\"a_m a_m-v \"><span class=\"_db a_m_w _pr lb_btn\"><img data-recalc-dims=\"1\" loading=\"lazy\" decoding=\"async\" class=\"_re lazyload a_m-v alignright\" src=\"https:\/\/i0.wp.com\/imagenes.elpais.com\/resizer\/jkDuJdIt8uX-EPai-sRebAMYjvk%3D\/414x0\/cloudfront-eu-central-1.images.arcpublishing.com\/prisa\/KF5O3S6IJ5B7JN4Q72MFE3EJ2I.jpg?resize=414%2C518&#038;ssl=1\" sizes=\"auto, (min-width:1199px) 1155px,(min-width:1001px) calc(100vw - 44px),(min-width:768px) 767px, 100vw\" srcset=\"https:\/\/imagenes.elpais.com\/resizer\/jkDuJdIt8uX-EPai-sRebAMYjvk=\/414x0\/cloudfront-eu-central-1.images.arcpublishing.com\/prisa\/KF5O3S6IJ5B7JN4Q72MFE3EJ2I.jpg 414w,https:\/\/imagenes.elpais.com\/resizer\/keynrG3suNvEr57BFuRQLPHIjvc=\/828x0\/cloudfront-eu-central-1.images.arcpublishing.com\/prisa\/KF5O3S6IJ5B7JN4Q72MFE3EJ2I.jpg 640w,https:\/\/imagenes.elpais.com\/resizer\/vIKUk3RoMIkOW5uSTIyGRaoFdh4=\/980x0\/cloudfront-eu-central-1.images.arcpublishing.com\/prisa\/KF5O3S6IJ5B7JN4Q72MFE3EJ2I.jpg 1000w,https:\/\/imagenes.elpais.com\/resizer\/q3qaSEXBYs0mS9VO9ajI5uZfavM=\/1960x0\/cloudfront-eu-central-1.images.arcpublishing.com\/prisa\/KF5O3S6IJ5B7JN4Q72MFE3EJ2I.jpg 1960w\" alt=\"\u201cSi el talento no va acompa\u00f1ado de disciplina, no llegas a ser una top mundial\u201d, Aitana Bonmat\u00ed. La futbolista lleva abrigo y pantalones de MM6 Maison Margiela, y camiseta y zapatillas Dunk Low, de Nike.\" width=\"414\" height=\"518\" \/><\/span><figcaption class=\"a_m_p\">\u201cSi el talento no va acompa\u00f1ado de disciplina, no llegas a ser una top mundial\u201d, Aitana Bonmat\u00ed. La futbolista lleva abrigo y pantalones de MM6 Maison Margiela, y camiseta y zapatillas Dunk Low, de Nike.<span class=\"a_m_m\">Caterina Barjau<\/span><\/figcaption><\/figure>\n<p class=\"\">Antes de la entrevista hab\u00edamos preguntado por esta estrella del f\u00fatbol a dos j\u00f3venes que tienen potencial para ser grandes jugadoras. <a href=\"https:\/\/elpais.com\/eps\/2022-01-30\/tiene-solo-15-anos-pero-algun-dia-quedareis-para-ver-un-partido-de-esta-futbolista.html\" target=\"_blank\" rel=\"noopener\" data-link-track-dtm=\"\" data-mrf-link=\"https:\/\/elpais.com\/eps\/2022-01-30\/tiene-solo-15-anos-pero-algun-dia-quedareis-para-ver-un-partido-de-esta-futbolista.html\">Vicky L\u00f3pez<\/a> (17 a\u00f1os) entrena con ella en el Barcelona y dice que es \u201cuna alegr\u00eda\u201d verla jugar. La define como \u201cmuy competitiva y ambiciosa\u201d. Cristina Libr\u00e1n (17 a\u00f1os) juega en el Madrid CFF y sue\u00f1a con acercarse al nivel de Bonmat\u00ed. Dice que es \u201cmuy trabajadora, constante y ambiciosa\u201d. Para ella, la define el gol que le meti\u00f3 en el Mundial a Costa Rica: \u201cRecibe en el \u00e1rea, se da un toque por detr\u00e1s y con la zurda mete el gol. Era dif\u00edcil salir de esa acci\u00f3n favorecida porque estaba rodeada de muchas jugadoras\u201d. El arte de Bonmat\u00ed radica en el dominio del espacio y el tiempo. Lo m\u00e1s importante de lo que hace sucede en su cabeza, un procesador de posibilidades en 360 grados, como su \u00eddolo de infancia, <a href=\"https:\/\/elpais.com\/deportes\/futbol\/2023-09-23\/xavi-y-el-efecto-guardiola.html\" target=\"_blank\" rel=\"noopener\" data-link-track-dtm=\"\" data-mrf-link=\"https:\/\/elpais.com\/deportes\/futbol\/2023-09-23\/xavi-y-el-efecto-guardiola.html\">Xavi Hern\u00e1ndez. <\/a>Durante el Mundial, Pep Guardiola dijo que estaba \u201cenamorado\u201d del f\u00fatbol de Bonmat\u00ed. Le recordaba a Iniesta. Quiz\u00e1 lo apropiado ser\u00eda entender su juego como un h\u00edbrido de ambos, como sugiere Santiago Segurola, periodista que la ha seguido con atenci\u00f3n: \u201cDe Iniesta tiene que se desplaza muy bien, con habilidad y profundidad, y de Xavi tiene el control del juego. Es puro Bar\u00e7a\u201d.<\/p>\n<p class=\"\"><a href=\"https:\/\/elpais.com\/deportes\/2022-10-29\/andres-iniesta-seria-debil-en-un-ring-de-boxeo-nunca-en-un-campo-de-futbol.html\" target=\"_blank\" rel=\"noopener\" data-link-track-dtm=\"\" data-mrf-link=\"https:\/\/elpais.com\/deportes\/2022-10-29\/andres-iniesta-seria-debil-en-un-ring-de-boxeo-nunca-en-un-campo-de-futbol.html\">Andr\u00e9s Iniesta<\/a> escribe por mensaje: \u201cPara m\u00ed es un orgullo que Guardiola me compare con la mejor jugadora del mundo en la actualidad\u201d. El prodigio de Fuentealbilla (Albacete), uno de los protagonistas de los majestuosos a\u00f1os del Barcelona de Guardiola y autor del gol que dio a Espa\u00f1a su primera Copa del Mundo, dice de Bonmat\u00ed: \u201cLo que m\u00e1s destacar\u00eda es su evoluci\u00f3n: ha pasado de ser una buena jugadora de equipo a tener un rol cada vez m\u00e1s protagonista hasta el punto de liderar en estos momentos a la selecci\u00f3n y al Bar\u00e7a junto a <a href=\"https:\/\/elpais.com\/deportes\/futbol\/2023-10-16\/los-182-goles-de-alexia-putellas-con-el-barcelona-mas-que-un-record.html\" target=\"_blank\" rel=\"noopener\" data-link-track-dtm=\"\" data-mrf-link=\"https:\/\/elpais.com\/deportes\/futbol\/2023-10-16\/los-182-goles-de-alexia-putellas-con-el-barcelona-mas-que-un-record.html\">Alexia Putellas<\/a> y a otras grandes jugadoras\u201d. Enfatiza su calidad t\u00e9cnica, su rapidez, su habilidad, su sentido del gol y \u201csu gran mentalidad ganadora\u201d.<\/p>\n<p class=\"\">Llu\u00eds Cort\u00e9s es el entrenador con el que Bonmat\u00ed gan\u00f3 la primera Champions del Barcelona (2021). Desvinculado del club, la define como \u201cuna jugadora el\u00e9ctrica, capaz de romper el ritmo del juego en cualquier momento\u201d. Ya hab\u00eda coincidido con ella muy jovencita en las inferiores de la selecci\u00f3n catalana y tend\u00eda a cogerse cabreos. \u201cTen\u00eda un punto de rabia que le costaba gestionar. Y la integraci\u00f3n en el primer equipo le cost\u00f3, por su timidez y porque es dif\u00edcil llegar a un primer equipo siendo joven pero determinada a ser importante\u201d.<\/p>\n<p class=\"\">Su exentrenador recalca una palabra: ambici\u00f3n. La ambici\u00f3n de Aitana Bonmat\u00ed.<\/p>\n<p class=\"\">\u2014\u00bfQu\u00e9 es la ambici\u00f3n?<\/p>\n<p class=\"\">\u2014Querer ser la mejor en todo, tener esas ganas de mejorar cada d\u00eda y de llegar a lo m\u00e1s alto en todos los \u00e1mbitos \u2014responde la futbolista.<\/p>\n<p class=\"\">\u2014\u00bfDe d\u00f3nde nace eso?<\/p>\n<p class=\"\">\u2014De m\u00ed.<\/p>\n<p class=\"\">\u2014\u00bfPero de d\u00f3nde?<\/p>\n<p class=\"\">\u2014Es que nunca me lo he preguntado. Desde siempre he sido muy competitiva, muy ambiciosa, muy ganadora, \u00bfno?, desde bien peque\u00f1a. Es que no s\u00e9, de mi familia te dir\u00eda que no viene, tienen muchas virtudes, pero no son competitivos y menos en deporte.<\/p>\n<p class=\"\">Aitana Bonmat\u00ed Conca se llama as\u00ed porque su madre y su padre consiguieron que fuese posible que su hija se llamase Aitana Bonmat\u00ed Conca. Para ello no tuvieron que burlar defensas aguerridas o realizar remates fulgurantes. Tuvieron que enfrentarse a un rival m\u00e1s correoso llamado legislaci\u00f3n. Su familia y otras familias fueron parte de un movimiento que llev\u00f3 a un cambio legal que permiti\u00f3 poner primero el apellido materno. Por eso ella es primero Bonmat\u00ed, como su madre, Rosa, y luego Conca, como su padre, Vicent.<\/p>\n<p class=\"\">Imma Mayol fue la diputada auton\u00f3mica de Iniciativa per Catalunya Verds que canaliz\u00f3 el reclamo de Rosa. Dice que hasta hace unos d\u00edas no se dio cuenta de que Aitana era la hija de aquella Rosa Bonmat\u00ed. Le encantar\u00eda reencontrarse con la madre: \u201cA ver si cuando pase el sufl\u00e9, que ahora deben de estar liadas\u201d.<\/p>\n<p class=\"\">\u2014En su libro escribe: \u201cEl talento es solo un factor sometido al trabajo y la disciplina\u201d.<\/p>\n<p class=\"\">\u2014Si el talento no va acompa\u00f1ado de disciplina, no llegas a ser una <i>top<\/i> mundial.<\/p>\n<p class=\"\">\u2014\u201dNo me permito fallar\u201d. \u00bfDemasiado autoexigente?<\/p>\n<p class=\"\">\u2014S\u00ed, pero con los a\u00f1os he ido aprendiendo a no ser tan dura, a entender que una no es perfecta y que el error a veces es el que te hace mejorar.<\/p>\n<figure class=\"a_m a_m-v \"><span class=\"_db a_m_w\"><img data-recalc-dims=\"1\" loading=\"lazy\" decoding=\"async\" class=\"_re lazyload a_m-v alignleft\" src=\"https:\/\/i0.wp.com\/imagenes.elpais.com\/resizer\/8uPCGHE-nsKge7zW-yWKYVzlk0c%3D\/414x0\/cloudfront-eu-central-1.images.arcpublishing.com\/prisa\/ZASL7P6W3NCSNJFJQP7JORY7MA.jpeg?resize=414%2C581&#038;ssl=1\" sizes=\"auto, (min-width:1199px) 1155px,(min-width:1001px) calc(100vw - 44px),(min-width:768px) 767px, 100vw\" srcset=\"https:\/\/imagenes.elpais.com\/resizer\/8uPCGHE-nsKge7zW-yWKYVzlk0c=\/414x0\/cloudfront-eu-central-1.images.arcpublishing.com\/prisa\/ZASL7P6W3NCSNJFJQP7JORY7MA.jpeg 414w,https:\/\/imagenes.elpais.com\/resizer\/nnPkR8rQVIf35z2CGWigm7nBu88=\/828x0\/cloudfront-eu-central-1.images.arcpublishing.com\/prisa\/ZASL7P6W3NCSNJFJQP7JORY7MA.jpeg 640w,https:\/\/imagenes.elpais.com\/resizer\/dNB9tcNhkeJVuDSCd0_oMX5a6Go=\/980x0\/cloudfront-eu-central-1.images.arcpublishing.com\/prisa\/ZASL7P6W3NCSNJFJQP7JORY7MA.jpeg 1000w,https:\/\/imagenes.elpais.com\/resizer\/RBuYgc4FZVUq2JySNOU-iI7hnhg=\/1960x0\/cloudfront-eu-central-1.images.arcpublishing.com\/prisa\/ZASL7P6W3NCSNJFJQP7JORY7MA.jpeg 1960w\" alt=\"Aitana Bonmat\u00ed, de ni\u00f1a, con la camiseta de su primer equipo, el Club Deportiu Ribes.\" width=\"414\" height=\"581\" \/><\/span><figcaption class=\"a_m_p\">Aitana Bonmat\u00ed, de ni\u00f1a, con la camiseta de su primer equipo, el Club Deportiu Ribes.<span class=\"a_m_m\">Archivo personal de Aitana Bonma<\/span><\/figcaption><\/figure>\n<p class=\"\">Si se cumplen los pron\u00f3sticos, recibir\u00e1 el Bal\u00f3n de Oro este lunes 30 de octubre en Par\u00eds y ser\u00e1 la tercera espa\u00f1ola en lograrlo, despu\u00e9s de Luis Su\u00e1rez y Alexia Putellas. Bonmat\u00ed este a\u00f1o ha ganado el Mundial, la Champions, la Liga y la Supercopa, y ha sido MVP del Mundial, MVP de la Champions, MVP de la final de Supercopa y mejor jugadora del a\u00f1o para la UEFA. Deber\u00eda estar satisfecha, como m\u00ednimo. \u201cNo s\u00e9, es insaciable\u201d, responde Cristian Mart\u00edn junto a Ignasi Card\u00f3, sus representantes.<\/p>\n<p class=\"\">Escribe Agassi en <i>Open<\/i> que su <i>coach<\/i> Brad Gilbert,<b> <\/b>el hombre que salv\u00f3 su carrera, le dec\u00eda: \u201cT\u00fa siempre intentas ser perfecto y siempre te quedas corto, y eso te jode la mente\u201d. Bonmat\u00ed sabe del doble filo del perfeccionismo. Lo trata con los psic\u00f3logos de su club y en terapia privada. \u201cPocas veces estoy contenta con mis partidos porque siempre quiero m\u00e1s, pero cada vez lo gestiono mejor. Sigo sufriendo, pero no tanto como antes. Me permito ser persona y me permito fallar\u201d.<\/p>\n<p class=\"\">En el \u00faltimo Mundial, despu\u00e9s de ganar el partido que les daba el pase a la final, habl\u00f3 con Mayca Jim\u00e9nez, periodista de <i>Relevo<\/i>. Quedaban unos d\u00edas para la final y Jim\u00e9nez le pregunt\u00f3 si esa noche lo celebrar\u00edan. \u201cNo se celebra\u201d, fue la respuesta, seguida de que hay que dormir ocho horas y otros comentarios sobre pautas imprescindibles que no se deb\u00edan saltar, tampoco esa noche. Jim\u00e9nez subraya su valent\u00eda para dar la cara. Cuando en el Mundial Jap\u00f3n las gole\u00f3 en fase de grupos, Bonmat\u00ed habl\u00f3 con todo medio que quisiera, espa\u00f1oles, extranjeros, en buen ingl\u00e9s. Se comprometi\u00f3 a que aprender\u00edan de la derrota. Dijo: \u201cPido perd\u00f3n\u201d.<\/p>\n<figure class=\"a_m a_m-v \"><span class=\"_db a_m_w _pr lb_btn\"><img data-recalc-dims=\"1\" loading=\"lazy\" decoding=\"async\" class=\"_re lazyload a_m-v\" src=\"https:\/\/i0.wp.com\/imagenes.elpais.com\/resizer\/qhLSFOqpRbTH-3HqapC1we_1umk%3D\/414x0\/cloudfront-eu-central-1.images.arcpublishing.com\/prisa\/27PLBINJWZBKTBK2EPQJ4Z2CUA.jpg?resize=414%2C518&#038;ssl=1\" sizes=\"auto, (min-width:1199px) 1155px,(min-width:1001px) calc(100vw - 44px),(min-width:768px) 767px, 100vw\" srcset=\"https:\/\/imagenes.elpais.com\/resizer\/qhLSFOqpRbTH-3HqapC1we_1umk=\/414x0\/cloudfront-eu-central-1.images.arcpublishing.com\/prisa\/27PLBINJWZBKTBK2EPQJ4Z2CUA.jpg 414w,https:\/\/imagenes.elpais.com\/resizer\/7saTqUIUgywhW3VQE_uzCfmf6g4=\/828x0\/cloudfront-eu-central-1.images.arcpublishing.com\/prisa\/27PLBINJWZBKTBK2EPQJ4Z2CUA.jpg 640w,https:\/\/imagenes.elpais.com\/resizer\/UHOmAGwgYH4_54r6IoDaOS7d7Zk=\/980x0\/cloudfront-eu-central-1.images.arcpublishing.com\/prisa\/27PLBINJWZBKTBK2EPQJ4Z2CUA.jpg 1000w,https:\/\/imagenes.elpais.com\/resizer\/leyum5TLW9qPKuWeGNk6cKRr3xM=\/1960x0\/cloudfront-eu-central-1.images.arcpublishing.com\/prisa\/27PLBINJWZBKTBK2EPQJ4Z2CUA.jpg 1960w\" alt=\"\u201cAmbici\u00f3n es querer ser la mejor\u201d, dice Bonmat\u00ed, que lleva chaqueta de Acne Studios; sudadera de Phoenix Fleece y gorro Swoosh, todo de Nike, y pantal\u00f3n de Louis Vuitton.\" width=\"414\" height=\"518\" \/><\/span><figcaption class=\"a_m_p\">\u201cAmbici\u00f3n es querer ser la mejor\u201d, dice Bonmat\u00ed, que lleva chaqueta de Acne Studios; sudadera de Phoenix Fleece y gorro Swoosh, todo de Nike, y pantal\u00f3n de Louis Vuitton.<span class=\"a_m_m\">Caterina Barjau<\/span><\/figcaption><\/figure>\n<p class=\"\">Aprendieron de la derrota. Ganaron el Mundial. La segunda Copa del Mundo que gana Espa\u00f1a desde la de 2010 en Sud\u00e1frica. Y entonces. Entonces.<\/p>\n<p class=\"\">\u2014\u00bfEstamos obligados a hablar otra vez del beso?<\/p>\n<p class=\"\">\u2014Yo no quiero hablar m\u00e1s de esto.<\/p>\n<p class=\"\">Aitana Bonmat\u00ed ya no est\u00e1 relajada. Lo estaba cuando la maquillaban y lo ha estado durante la entrevista hasta que ahora su voz se tensa y su mirada se blinda.<\/p>\n<p class=\"\">El d\u00eda antes, <a href=\"https:\/\/elpais.com\/deportes\/futbol\/2023-10-14\/capitan-morata-el-lider-silencioso-para-una-renovada-espana.html\" target=\"_blank\" rel=\"noopener\" data-link-track-dtm=\"\" data-mrf-link=\"https:\/\/elpais.com\/deportes\/futbol\/2023-10-14\/capitan-morata-el-lider-silencioso-para-una-renovada-espana.html\">\u00c1lvaro Morata<\/a> hab\u00eda dicho que la selecci\u00f3n masculina \u201cayuda mucho a la femenina\u2026\u201d, y ley\u00e9ndole la cita, corta sin dejar terminar.<\/p>\n<p class=\"\">\u2014Tampoco quiero hablar de esto, porque estoy muy cansada. Llevo ya muchas entrevistas as\u00ed y creo que hay que poner en valor todo lo que estamos haciendo y dejar a un lado ya la pol\u00e9mica.<\/p>\n<p class=\"\">El buen <i>flow<\/i> de la sesi\u00f3n de belleza, del caf\u00e9 <i>sense sucre,<\/i> lo l\u00fadico de las prendas de moda, las poses para la fot\u00f3grafa Caterina Barjau, esas cosas que le hab\u00edan ayudado a tener el \u00e1nimo liviano en esta tarde oto\u00f1al, todo eso se va y de golpe la arrastra el peso de semanas de controversias, de golpe ese v\u00f3rtice la chupa hacia abajo. Bonmat\u00ed est\u00e1 demasiado saturada para enfilar las preguntas de rigor sobre el esc\u00e1ndalo que ha sacudido a la Federaci\u00f3n Espa\u00f1ola de F\u00fatbol y que le ha costado el puesto a su presidente, <a href=\"https:\/\/elpais.com\/deportes\/2023-09-17\/luis-rubiales-una-personalidad-siempre-al-borde-del-precipicio.html\" target=\"_blank\" rel=\"noopener\" data-link-track-dtm=\"\" data-mrf-link=\"https:\/\/elpais.com\/deportes\/2023-09-17\/luis-rubiales-una-personalidad-siempre-al-borde-del-precipicio.html\">Luis Rubiales,<\/a> imputado por besar a Jenni Hermoso durante la entrega de la Copa del Mundo. Adem\u00e1s de las semanas de tormenta medi\u00e1tica y del constante traj\u00edn interno entre jugadoras, Consejo Superior de Deportes y federaci\u00f3n, de haber tenido una sola semana de vacaciones y de seguir entrenando e intentando cuidarse cada d\u00eda al 100%, tres d\u00edas antes se hab\u00eda emitido un programa que exprimi\u00f3 este terremoto pol\u00edtico en 50 minutos con Bonmat\u00ed como entrevistada principal. Y esta tarde ya no puede m\u00e1s.<\/p>\n<p class=\"\">Responde a otras preguntas, aunque algo deca\u00edda tras asomar otra vez el tema de marras.<\/p>\n<p class=\"\">Cuenta que ha visto crecer mucho el f\u00fatbol femenino, pero apunta que a\u00fan le falta tant\u00edsimo por crecer. \u201cEsto es el comienzo. El inicio\u201d, dice. Sobre lo que le falta al f\u00fatbol practicado por mujeres prefiere no decir una sola cosa, de tantas que tendr\u00eda que decir. Aunque menciona la obvia \u201cprecariedad\u201d de algunos campos de la Liga F. Reflexiona sobre el lenguaje. \u00bfDebemos seguir diciendo f\u00fatbol femenino? Piensa que no y propone: \u201cO especificar masculino o femenino siempre que se diga f\u00fatbol, o no especificar y que seg\u00fan el contexto se entienda\u201d. Elogia la visi\u00f3n del Bar\u00e7a al apostar por secciones deportivas no hegem\u00f3nicas y se declara \u201ccul\u00e9 convencida\u201d, si bien tuvo en 2021 una oferta del Olympique de Lyon que la hizo reflexionar. \u201cLas decisiones importantes no se deben tomar de un d\u00eda para el otro. Me gusta valorar todas las opciones\u201d, explica. En diciembre de 2021 renov\u00f3 hasta 2025.<\/p>\n<p class=\"\">Ha recuperado un poco el tono. Al preguntarle qu\u00e9 opina del t\u00f3pico de que una futbolista o un futbolista no debe hablar de pol\u00edtica, responde que la libertad de expresi\u00f3n es la misma para quien trabaja en una empresa, en un hospital o en un equipo de f\u00fatbol. Dicho eso, hoy no es el d\u00eda que m\u00e1s le apetece ejercerla. Se acab\u00f3. Aitana Bonmat\u00ed necesita irse a descansar.<\/p>\n<section class=\"w w-cr\">\n<h3 class=\"w_t\">CR\u00c9DITOS<\/h3>\n<div class=\"w_b\">\n<div class=\"w-cr_a\">Estilismo Juan Cebri\u00e1n<\/div>\n<div class=\"w-cr_a\">Maquillaje y peluquer\u00eda \u00a0Manuela Pane (Kasteel Artist Management) para Dior y Livingproof.\u00a0\u00a0<\/div>\n<div class=\"w-cr_a\">Producci\u00f3n Cristina Serrano<\/div>\n<div class=\"w-cr_a\">Asistente de fotograf\u00eda Claudia Sauret<\/div>\n<div class=\"w-cr_a\">Asistente de estilismo Paula Alcalde<\/div>\n<\/div>\n<\/section>\n<figure class=\"a_m a_m-v \"><span class=\"_db a_m_w _pr lb_btn\"><img data-recalc-dims=\"1\" loading=\"lazy\" decoding=\"async\" class=\"_re lazyload a_m-v\" src=\"https:\/\/i0.wp.com\/imagenes.elpais.com\/resizer\/RWluwMX2GMqPOUfTpDT-oQGleVE%3D\/414x0\/cloudfront-eu-central-1.images.arcpublishing.com\/prisa\/X6EMQ5MH25HWFHYJBIT4E3YUL4.jpg?resize=414%2C518&#038;ssl=1\" sizes=\"auto, (min-width:1199px) 1155px,(min-width:1001px) calc(100vw - 44px),(min-width:768px) 767px, 100vw\" srcset=\"https:\/\/imagenes.elpais.com\/resizer\/RWluwMX2GMqPOUfTpDT-oQGleVE=\/414x0\/cloudfront-eu-central-1.images.arcpublishing.com\/prisa\/X6EMQ5MH25HWFHYJBIT4E3YUL4.jpg 414w,https:\/\/imagenes.elpais.com\/resizer\/13GzKIxrQLOg2SZkkdeySm7B7lw=\/828x0\/cloudfront-eu-central-1.images.arcpublishing.com\/prisa\/X6EMQ5MH25HWFHYJBIT4E3YUL4.jpg 640w,https:\/\/imagenes.elpais.com\/resizer\/cZ8RTWrndK_nX09XLgQKofCoF7A=\/980x0\/cloudfront-eu-central-1.images.arcpublishing.com\/prisa\/X6EMQ5MH25HWFHYJBIT4E3YUL4.jpg 1000w,https:\/\/imagenes.elpais.com\/resizer\/yC5oytkEWJuFThBhfzQ43IOns6s=\/1960x0\/cloudfront-eu-central-1.images.arcpublishing.com\/prisa\/X6EMQ5MH25HWFHYJBIT4E3YUL4.jpg 1960w\" alt=\"Aitana Bonmat\u00ed lleva camiseta Chill Knit, de Nike.\" width=\"414\" height=\"518\" \/><\/span><figcaption class=\"a_m_p\">Aitana Bonmat\u00ed lleva camiseta Chill Knit, de Nike.<span class=\"a_m_m\"><span class=\"a_m_m\">Caterina Barjau<\/p>\n<p><a class=\"a_md_a_n\" title=\"Ver todas las noticias de Pablo de Llano Neira\" href=\"https:\/\/elpais.com\/autor\/pablo-de-llano\/#?rel=author_top\" data-mrf-link=\"https:\/\/elpais.com\/autor\/pablo-de-llano\/\"><strong>Pablo de Llano Neira<\/strong><\/a><br \/>\n<\/span><\/span><\/p>\n<header class=\"a_e _g _g-xs\">\n<div class=\"a_e_m\">\n<figure class=\"a_m a_m-v \"><figcaption class=\"a_m_p\">FOTO: Aitana Bonmat\u00ed viste sudadera con capucha oversize Phoenix Fleece y gorro Swoosh, todo de Nike.<span class=\"a_m_m\">Caterina Barjau<\/span><\/figcaption><\/figure>\n<\/div>\n<\/header>\n<\/figcaption><\/figure>\n<\/div>\n<div class=\"a_md _g _g-xs \">\n<div class=\"a_md_txt\">\n<div class=\"a_md_a\" data-dtm-region=\"articulo_firma\">https:\/\/elpais.com\/eps\/2023-10-29\/aitana-bonmati-a-un-paso-del-balon-de-oro-sufro-porque-siempre-quiero-mas.html<\/div>\n<\/div>\n<\/div>\n","protected":false},"excerpt":{"rendered":"<p>Impulsada por su ambici\u00f3n y su calidad, la estrella del Bar\u00e7a y la selecci\u00f3n es&#8230;<\/p>\n","protected":false},"author":1,"featured_media":64528,"comment_status":"closed","ping_status":"closed","sticky":false,"template":"","format":"standard","meta":{"_coblocks_attr":"","_coblocks_dimensions":"","_coblocks_responsive_height":"","_coblocks_accordion_ie_support":"","jetpack_post_was_ever_published":false,"_jetpack_newsletter_access":"","_jetpack_dont_email_post_to_subs":false,"_jetpack_newsletter_tier_id":0,"_jetpack_memberships_contains_paywalled_content":false,"_jetpack_memberships_contains_paid_content":false,"footnotes":"","jetpack_publicize_message":"","jetpack_publicize_feature_enabled":true,"jetpack_social_post_already_shared":true,"jetpack_social_options":{"image_generator_settings":{"template":"highway","default_image_id":0,"enabled":false},"version":2}},"categories":[182,14,44],"tags":[],"class_list":["post-64527","post","type-post","status-publish","format-standard","has-post-thumbnail","hentry","category-deportes","category-feminismo","category-noticias-de-hoy"],"jetpack_publicize_connections":[],"jetpack_featured_media_url":"https:\/\/i0.wp.com\/miradordeatarfe.es\/wp-content\/uploads\/2023\/10\/Screenshot-2023-10-29-at-16-54-42-Aitana-Bonmati-a-un-paso-del-Balon-de-Oro-Sufro-porque-siempre-quiero-mas.png?fit=834%2C862&ssl=1","jetpack_likes_enabled":true,"jetpack_sharing_enabled":true,"_links":{"self":[{"href":"https:\/\/miradordeatarfe.es\/index.php?rest_route=\/wp\/v2\/posts\/64527","targetHints":{"allow":["GET"]}}],"collection":[{"href":"https:\/\/miradordeatarfe.es\/index.php?rest_route=\/wp\/v2\/posts"}],"about":[{"href":"https:\/\/miradordeatarfe.es\/index.php?rest_route=\/wp\/v2\/types\/post"}],"author":[{"embeddable":true,"href":"https:\/\/miradordeatarfe.es\/index.php?rest_route=\/wp\/v2\/users\/1"}],"replies":[{"embeddable":true,"href":"https:\/\/miradordeatarfe.es\/index.php?rest_route=%2Fwp%2Fv2%2Fcomments&post=64527"}],"version-history":[{"count":1,"href":"https:\/\/miradordeatarfe.es\/index.php?rest_route=\/wp\/v2\/posts\/64527\/revisions"}],"predecessor-version":[{"id":64529,"href":"https:\/\/miradordeatarfe.es\/index.php?rest_route=\/wp\/v2\/posts\/64527\/revisions\/64529"}],"wp:featuredmedia":[{"embeddable":true,"href":"https:\/\/miradordeatarfe.es\/index.php?rest_route=\/wp\/v2\/media\/64528"}],"wp:attachment":[{"href":"https:\/\/miradordeatarfe.es\/index.php?rest_route=%2Fwp%2Fv2%2Fmedia&parent=64527"}],"wp:term":[{"taxonomy":"category","embeddable":true,"href":"https:\/\/miradordeatarfe.es\/index.php?rest_route=%2Fwp%2Fv2%2Fcategories&post=64527"},{"taxonomy":"post_tag","embeddable":true,"href":"https:\/\/miradordeatarfe.es\/index.php?rest_route=%2Fwp%2Fv2%2Ftags&post=64527"}],"curies":[{"name":"wp","href":"https:\/\/api.w.org\/{rel}","templated":true}]}}