{"id":64536,"date":"2023-10-31T10:33:27","date_gmt":"2023-10-31T09:33:27","guid":{"rendered":"https:\/\/miradordeatarfe.es\/?p=64536"},"modified":"2023-10-30T08:09:10","modified_gmt":"2023-10-30T07:09:10","slug":"ampa-la-ermira-desarrolla-una-ruta-de-convivencia-por-atarfe","status":"publish","type":"post","link":"https:\/\/miradordeatarfe.es\/?p=64536","title":{"rendered":"AMPA LA ERMIRA DESARROLLA UNA RUTA DE CONVIVENCIA POR ATARFE"},"content":{"rendered":"<h3 id=\"viewer-f24u4\" class=\"xVISr Y9Dpf bCMSCT OZy-3 lnyWN yMZv8w bCMSCT public-DraftStyleDefault-block-depth0 fixed-tab-size public-DraftStyleDefault-text-ltr\"><span class=\"B2EFF public-DraftStyleDefault-ltr\">\u00a0Ha tenido lugar la anunciada <strong>Ruta Convivencia Familias<\/strong> organizada por nuestra <strong>AMPA La Ermita en estrecha colaboraci\u00f3n con el Ayuntamiento de Atarfe.<\/strong><\/span><\/h3>\n<p id=\"viewer-5tfbv\" class=\"xVISr Y9Dpf bCMSCT OZy-3 lnyWN yMZv8w bCMSCT public-DraftStyleDefault-block-depth0 fixed-tab-size public-DraftStyleDefault-text-ltr\"><span class=\"B2EFF public-DraftStyleDefault-ltr\"> Todo empez\u00f3 en la \u00faltima semana de agosto cuando la direcci\u00f3n de nuestra AMPA se reuni\u00f3 con la <strong>Concejala Jennifer Garc\u00eda<\/strong> haciendo esta propuesta. Desde el primer momento se acogi\u00f3 con mucho entusiasmo y se nos invit\u00f3 a presentar un peque\u00f1o informe donde se definiese el desarrollo de la actividad, el n\u00famero de personas al que iba dirigida y una propuesta de fecha para su organizaci\u00f3n.<\/span><\/p>\n<p id=\"viewer-4mv5m\" class=\"xVISr Y9Dpf bCMSCT OZy-3 lnyWN yMZv8w bCMSCT public-DraftStyleDefault-block-depth0 fixed-tab-size public-DraftStyleDefault-text-ltr\"><span class=\"B2EFF public-DraftStyleDefault-ltr\"> As\u00ed se hizo, y se uni\u00f3 a la actividad la<strong> Concejal\u00eda de Participaci\u00f3n Ciudadana<\/strong>, llevada actualmente por<strong> Javier Arenas<\/strong>, pues solicit\u00e1bamos se nos pudiera ofrecer un medio de trasporte para poder movernos entre los principales puntos de inter\u00e9s de nuestro Municipio Atarfe\u00f1o. Tras varias conversaciones m\u00e1s para definir bien cada punto, pudimos dar publicidad a la actividad y a los pocos d\u00edas de anunciarla tuvimos que colgar el cartel de plazas agotadas. La actividad ha tenido una gran aceptaci\u00f3n entre las familias y as\u00ed llegamos a su celebraci\u00f3n en la jornada de hoy.<\/span><\/p>\n<div data-hook=\"rcv-block8\"><a href=\"https:\/\/i0.wp.com\/miradordeatarfe.es\/wp-content\/uploads\/2023\/10\/1.jpg?ssl=1\"><img data-recalc-dims=\"1\" loading=\"lazy\" decoding=\"async\" class=\"alignnone wp-image-64545 size-full\" src=\"https:\/\/i0.wp.com\/miradordeatarfe.es\/wp-content\/uploads\/2023\/10\/1.jpg?resize=640%2C640&#038;ssl=1\" alt=\"\" width=\"640\" height=\"640\" srcset=\"https:\/\/i0.wp.com\/miradordeatarfe.es\/wp-content\/uploads\/2023\/10\/1.jpg?w=1600&amp;ssl=1 1600w, https:\/\/i0.wp.com\/miradordeatarfe.es\/wp-content\/uploads\/2023\/10\/1.jpg?resize=300%2C300&amp;ssl=1 300w, https:\/\/i0.wp.com\/miradordeatarfe.es\/wp-content\/uploads\/2023\/10\/1.jpg?resize=1024%2C1024&amp;ssl=1 1024w, https:\/\/i0.wp.com\/miradordeatarfe.es\/wp-content\/uploads\/2023\/10\/1.jpg?resize=150%2C150&amp;ssl=1 150w, https:\/\/i0.wp.com\/miradordeatarfe.es\/wp-content\/uploads\/2023\/10\/1.jpg?resize=768%2C768&amp;ssl=1 768w, https:\/\/i0.wp.com\/miradordeatarfe.es\/wp-content\/uploads\/2023\/10\/1.jpg?resize=1536%2C1536&amp;ssl=1 1536w, https:\/\/i0.wp.com\/miradordeatarfe.es\/wp-content\/uploads\/2023\/10\/1.jpg?resize=1320%2C1320&amp;ssl=1 1320w\" sizes=\"auto, (max-width: 640px) 100vw, 640px\" \/><\/a><\/div>\n<div id=\"viewer-bvmkj\" class=\"xVISr Y9Dpf bCMSCT OZy-3 lnyWN yMZv8w bCMSCT public-DraftStyleDefault-block-depth0 fixed-tab-size public-DraftStyleDefault-text-ltr\"><span class=\"B2EFF public-DraftStyleDefault-ltr\">\u00a0<\/span><\/div>\n<div data-hook=\"rcv-block9\">\u00a0<\/div>\n<div id=\"viewer-85u7\" class=\"QHjDE rzoRKE\">\n<div class=\"gO6aa y8JqQg y8JqQg flaqF\">\n<div class=\"Q6a5A\" tabindex=\"0\" role=\"button\" data-hook=\"imageViewer\">\n<div id=\"new-image8017286\" class=\"vBPBf L9OMM XHhj0\">\u00a0<\/div>\n<\/div>\n<\/div>\n<\/div>\n<p id=\"viewer-7ss9k\" class=\"xVISr Y9Dpf bCMSCT OZy-3 lnyWN yMZv8w bCMSCT public-DraftStyleDefault-block-depth0 fixed-tab-size public-DraftStyleDefault-text-ltr\"><span class=\"B2EFF public-DraftStyleDefault-ltr\"> La jornada se ha iniciado a primeras horas de la ma\u00f1ana en el Parque de la Higueruela, donde las familias participantes han sido recibidas con una bienvenida por parte de la directiva de nuestra AMPA, autoridades locales del Ayuntamiento y nuestra compa\u00f1era Mar\u00eda Jos\u00e9 Aguilera. <\/span><\/p>\n<div id=\"viewer-alk5o\" class=\"QHjDE rzoRKE\">\n<div class=\"gO6aa y8JqQg y8JqQg flaqF\">\n<div class=\"Q6a5A\" tabindex=\"0\" role=\"button\" data-hook=\"imageViewer\">\n<div id=\"new-image8017287\" class=\"vBPBf L9OMM XHhj0\"><img data-recalc-dims=\"1\" decoding=\"async\" class=\"alignleft\" src=\"https:\/\/i0.wp.com\/static.wixstatic.com\/media\/5293dc_596b105d666f42c8aebbf1833fc5acbe~mv2.jpeg\/v1\/fill\/w_740%2Ch_555%2Cal_c%2Cq_85%2Cusm_0.66_1.00_0.01%2Cenc_auto\/5293dc_596b105d666f42c8aebbf1833fc5acbe~mv2.jpeg?w=640&#038;ssl=1\" alt=\"\" data-pin-url=\"https:\/\/ampaermitaceipclar.wixsite.com\/website\/post\/ruta-convivencia-familias\" data-pin-media=\"https:\/\/static.wixstatic.com\/media\/5293dc_596b105d666f42c8aebbf1833fc5acbe~mv2.jpeg\/v1\/fill\/w_2000,h_1500,al_c,q_90\/5293dc_596b105d666f42c8aebbf1833fc5acbe~mv2.jpeg\" data-load-done=\"\" \/><\/div>\n<div class=\"\">\u00a0<\/div>\n<\/div>\n<\/div>\n<\/div>\n<div id=\"viewer-abjqi\" class=\"QHjDE rzoRKE\">\n<div class=\"-jC8z WT9QiX WT9QiX\">\n<div class=\"Q6a5A\" tabindex=\"0\" role=\"button\" data-hook=\"imageViewer\">\n<div id=\"new-image8017288\" class=\"vBPBf L9OMM XHhj0\"><span class=\"B2EFF public-DraftStyleDefault-ltr\">Tras unas primeras palabras de bienvenida por parte de la Concejala Jennifer Garc\u00eda y el Concejal Javier Arenas, se ha procedido a repartir una bolsa de tela, junto a una reproducci\u00f3n de la <strong>Batalla de la Higueruela y su historia, <\/strong>a cada una de las familias asistentes cortes\u00eda del Ayuntamiento, una <strong>gorra serigrafiada con el logo de nuestra AMPA<\/strong> ofrecida por nuestra asociaci\u00f3n a todos\/as <\/span><span class=\"B2EFF public-DraftStyleDefault-ltr\">los\/as peque\u00f1os\/as que nos han acompa\u00f1ado durante la jornada y<strong> una botella de agua AQUADEUS<\/strong> para cada uno de los participantes ofrecida por Mar\u00eda Jos\u00e9 Aguilera Bosh, compa\u00f1era de nuestra asociaci\u00f3n y trabajadora en una distribuidora de bebidas. Aprovechamos desde aqu\u00ed la oportunidad de agradecer enormemente a todos\/as por sus aportaciones.<\/span><\/div>\n<\/div>\n<\/div>\n<\/div>\n<p id=\"viewer-1ikfl\" class=\"xVISr Y9Dpf bCMSCT OZy-3 lnyWN yMZv8w bCMSCT public-DraftStyleDefault-block-depth0 fixed-tab-size public-DraftStyleDefault-text-ltr\"><span class=\"B2EFF public-DraftStyleDefault-ltr\"> Seguidamente hemos pasado a reunirnos junto a la estatua del Doncel de Sig\u00fcenza donde nuestra vecina <strong>Fuencisla Moreno Rueda<\/strong>, <strong>(agradecemos desde aqu\u00ed su labor, pues ella ha sido T\u00e9cnico de Cultura del Ayuntamiento de Atarfe durante toda su vida profesional y hoy d\u00eda ya jubilada, nos ha hecho el favor de acompa\u00f1arnos, a petici\u00f3n de nuestra AMPA La Ermita, de una forma totalmente altruista para hacernos disfrutar con su sabidur\u00eda), <\/strong>nos ha ofrecido una explicaci\u00f3n acerca de la batalla acaecida en estos parajes en \u00e9poca medieval, inaugurando as\u00ed una jornada que promet\u00eda ser fruct\u00edfera en cuanto a conocimiento hist\u00f3rico de nuestro entorno m\u00e1s cercano. <\/span><\/p>\n<p>&nbsp;<\/p>\n<p>&nbsp;<\/p>\n<p>&nbsp;<\/p>\n<div id=\"viewer-fcgb0\" class=\"QHjDE rzoRKE\">\n<div class=\"gO6aa y8JqQg y8JqQg flaqF\">\n<div class=\"cceIa\" role=\"none\" data-hook=\"galleryViewer\">\n<div id=\"pro-gallery-fcgb0\" class=\"pro-gallery\">\n<div class=\"\" tabindex=\"-1\" data-key=\"pro-gallery-inner-container\">\n<div class=\"pro-gallery-parent-container\" role=\"region\">\n<div id=\"pro-gallery-container-fcgb0\" class=\"pro-gallery inline-styles ltr \">\n<div id=\"pro-gallery-margin-container-fcgb0\" class=\"pro-gallery-margin-container\">\n<div class=\"item-link-wrapper\" tabindex=\"-1\" data-id=\"24e06d79-170b-4229-b70f-1c0f7f45d3a6_0\" data-idx=\"0\" data-hook=\"item-link-wrapper\">\n<div id=\"pgi24e06d79170b4229b70f1c0f7f45d3a6_0_0\" class=\"gallery-item-container item-container-hover has-custom-focus visible simulate-hover\" tabindex=\"0\" role=\"link\" aria-label=\"Untitled image\" data-hash=\"24e06d79-170b-4229-b70f-1c0f7f45d3a6_0\" data-id=\"24e06d79-170b-4229-b70f-1c0f7f45d3a6_0\" data-idx=\"0\" data-hook=\"item-container\">\n<div>\n<div id=\"item-wrapper-24e06d79-170b-4229-b70f-1c0f7f45d3a6_0\" class=\"gallery-item-wrapper visible cube-type-fill\" data-hook=\"item-wrapper\">\n<div class=\"gallery-item-content item-content-hover image-item gallery-item-visible gallery-item gallery-item-preloaded \" data-hook=\"image-item\">\u00a0\u00a0\u00a0\u00a0 <a href=\"https:\/\/i0.wp.com\/miradordeatarfe.es\/wp-content\/uploads\/2023\/10\/Imagen-de-WhatsApp-2023-10-29-a-las-19.08.41B.jpg?ssl=1\"><img data-recalc-dims=\"1\" loading=\"lazy\" decoding=\"async\" class=\"alignnone size-medium wp-image-64548\" src=\"https:\/\/i0.wp.com\/miradordeatarfe.es\/wp-content\/uploads\/2023\/10\/Imagen-de-WhatsApp-2023-10-29-a-las-19.08.41B.jpg?resize=300%2C225&#038;ssl=1\" alt=\"\" width=\"300\" height=\"225\" srcset=\"https:\/\/i0.wp.com\/miradordeatarfe.es\/wp-content\/uploads\/2023\/10\/Imagen-de-WhatsApp-2023-10-29-a-las-19.08.41B.jpg?resize=300%2C225&amp;ssl=1 300w, https:\/\/i0.wp.com\/miradordeatarfe.es\/wp-content\/uploads\/2023\/10\/Imagen-de-WhatsApp-2023-10-29-a-las-19.08.41B.jpg?resize=1024%2C768&amp;ssl=1 1024w, https:\/\/i0.wp.com\/miradordeatarfe.es\/wp-content\/uploads\/2023\/10\/Imagen-de-WhatsApp-2023-10-29-a-las-19.08.41B.jpg?resize=768%2C576&amp;ssl=1 768w, https:\/\/i0.wp.com\/miradordeatarfe.es\/wp-content\/uploads\/2023\/10\/Imagen-de-WhatsApp-2023-10-29-a-las-19.08.41B.jpg?resize=1536%2C1152&amp;ssl=1 1536w, https:\/\/i0.wp.com\/miradordeatarfe.es\/wp-content\/uploads\/2023\/10\/Imagen-de-WhatsApp-2023-10-29-a-las-19.08.41B.jpg?resize=1320%2C990&amp;ssl=1 1320w, https:\/\/i0.wp.com\/miradordeatarfe.es\/wp-content\/uploads\/2023\/10\/Imagen-de-WhatsApp-2023-10-29-a-las-19.08.41B.jpg?w=1600&amp;ssl=1 1600w\" sizes=\"auto, (max-width: 300px) 100vw, 300px\" \/> <\/a><a href=\"https:\/\/i0.wp.com\/miradordeatarfe.es\/wp-content\/uploads\/2023\/10\/H.jpg?ssl=1\"><img data-recalc-dims=\"1\" loading=\"lazy\" decoding=\"async\" class=\"alignnone size-medium wp-image-64549\" src=\"https:\/\/i0.wp.com\/miradordeatarfe.es\/wp-content\/uploads\/2023\/10\/H.jpg?resize=300%2C225&#038;ssl=1\" alt=\"\" width=\"300\" height=\"225\" srcset=\"https:\/\/i0.wp.com\/miradordeatarfe.es\/wp-content\/uploads\/2023\/10\/H.jpg?resize=300%2C225&amp;ssl=1 300w, https:\/\/i0.wp.com\/miradordeatarfe.es\/wp-content\/uploads\/2023\/10\/H.jpg?resize=1024%2C768&amp;ssl=1 1024w, https:\/\/i0.wp.com\/miradordeatarfe.es\/wp-content\/uploads\/2023\/10\/H.jpg?resize=768%2C576&amp;ssl=1 768w, https:\/\/i0.wp.com\/miradordeatarfe.es\/wp-content\/uploads\/2023\/10\/H.jpg?resize=1536%2C1152&amp;ssl=1 1536w, https:\/\/i0.wp.com\/miradordeatarfe.es\/wp-content\/uploads\/2023\/10\/H.jpg?resize=1320%2C990&amp;ssl=1 1320w, https:\/\/i0.wp.com\/miradordeatarfe.es\/wp-content\/uploads\/2023\/10\/H.jpg?w=1600&amp;ssl=1 1600w\" sizes=\"auto, (max-width: 300px) 100vw, 300px\" \/><\/a><\/div>\n<\/div>\n<\/div>\n<\/div>\n<\/div>\n<\/div>\n<\/div>\n<\/div>\n<\/div>\n<\/div>\n<\/div>\n<\/div>\n<\/div>\n<p id=\"viewer-ce4a8\" class=\"xVISr Y9Dpf bCMSCT OZy-3 lnyWN yMZv8w bCMSCT public-DraftStyleDefault-block-depth0 fixed-tab-size public-DraftStyleDefault-text-ltr\"><span class=\"B2EFF public-DraftStyleDefault-ltr\"> Desde este punto nos hemos trasladado en autob\u00fas hasta las inmediaciones del Coliseo de Atarfe. <strong>En \u00e9l nos esperaba su encargado de mantenimiento, Luis L\u00f3pez<\/strong>, el cual muy amablemente nos ha contado el funcionamiento de dichas instalaciones, y nos ha guiado por las mismas, haci\u00e9ndonos un precioso tour, divertido y participativo para conocer cada rinc\u00f3n. Es muy de agradecer el c\u00f3mo Luis ha conseguido la atenci\u00f3n de todos\/as los\/as peque\u00f1os\/as, adapt\u00e1ndose a la diversidad de nuestro complejo grupo.<\/span><\/p>\n<div id=\"viewer-dddn9\" class=\"QHjDE rzoRKE\">\n<div class=\"gO6aa y8JqQg y8JqQg flaqF\">\n<div class=\"cceIa\" role=\"none\" data-hook=\"galleryViewer\">\n<div id=\"pro-gallery-dddn9\" class=\"pro-gallery\">\n<div class=\"\" tabindex=\"-1\" data-key=\"pro-gallery-inner-container\">\n<div class=\"pro-gallery-parent-container\" role=\"region\">\n<div id=\"pro-gallery-container-dddn9\" class=\"pro-gallery inline-styles ltr \">\n<div id=\"pro-gallery-margin-container-dddn9\" class=\"pro-gallery-margin-container\">\n<div class=\"item-link-wrapper\" tabindex=\"-1\" data-id=\"8bba4f01-9d47-4461-8cf7-ad69e28f9ff4_0\" data-idx=\"0\" data-hook=\"item-link-wrapper\">\n<div id=\"pgi8bba4f019d4744618cf7ad69e28f9ff4_0_0\" class=\"gallery-item-container item-container-hover has-custom-focus visible simulate-hover\" tabindex=\"0\" role=\"link\" aria-label=\"Untitled image\" data-hash=\"8bba4f01-9d47-4461-8cf7-ad69e28f9ff4_0\" data-id=\"8bba4f01-9d47-4461-8cf7-ad69e28f9ff4_0\" data-idx=\"0\" data-hook=\"item-container\">\n<div>\n<div id=\"item-wrapper-8bba4f01-9d47-4461-8cf7-ad69e28f9ff4_0\" class=\"gallery-item-wrapper visible cube-type-fill\" data-hook=\"item-wrapper\">\n<div class=\"gallery-item-content item-content-hover image-item gallery-item-visible gallery-item gallery-item-preloaded \" data-hook=\"image-item\">\u00a0<a href=\"https:\/\/i0.wp.com\/miradordeatarfe.es\/wp-content\/uploads\/2023\/10\/F.jpg?ssl=1\"><img data-recalc-dims=\"1\" loading=\"lazy\" decoding=\"async\" class=\"alignnone size-medium wp-image-64551\" src=\"https:\/\/i0.wp.com\/miradordeatarfe.es\/wp-content\/uploads\/2023\/10\/F.jpg?resize=300%2C200&#038;ssl=1\" alt=\"\" width=\"300\" height=\"200\" srcset=\"https:\/\/i0.wp.com\/miradordeatarfe.es\/wp-content\/uploads\/2023\/10\/F.jpg?resize=300%2C200&amp;ssl=1 300w, https:\/\/i0.wp.com\/miradordeatarfe.es\/wp-content\/uploads\/2023\/10\/F.jpg?resize=1024%2C682&amp;ssl=1 1024w, https:\/\/i0.wp.com\/miradordeatarfe.es\/wp-content\/uploads\/2023\/10\/F.jpg?resize=768%2C512&amp;ssl=1 768w, https:\/\/i0.wp.com\/miradordeatarfe.es\/wp-content\/uploads\/2023\/10\/F.jpg?resize=1536%2C1023&amp;ssl=1 1536w, https:\/\/i0.wp.com\/miradordeatarfe.es\/wp-content\/uploads\/2023\/10\/F.jpg?resize=1320%2C879&amp;ssl=1 1320w, https:\/\/i0.wp.com\/miradordeatarfe.es\/wp-content\/uploads\/2023\/10\/F.jpg?w=1600&amp;ssl=1 1600w\" sizes=\"auto, (max-width: 300px) 100vw, 300px\" \/>\u00a0 <\/a><a href=\"https:\/\/i0.wp.com\/miradordeatarfe.es\/wp-content\/uploads\/2023\/10\/Imagen-de-WhatsApp-2023-10-29-a-las-19.08.41.jpg?ssl=1\"><img data-recalc-dims=\"1\" loading=\"lazy\" decoding=\"async\" class=\"alignnone size-medium wp-image-64552\" src=\"https:\/\/i0.wp.com\/miradordeatarfe.es\/wp-content\/uploads\/2023\/10\/Imagen-de-WhatsApp-2023-10-29-a-las-19.08.41.jpg?resize=300%2C200&#038;ssl=1\" alt=\"\" width=\"300\" height=\"200\" srcset=\"https:\/\/i0.wp.com\/miradordeatarfe.es\/wp-content\/uploads\/2023\/10\/Imagen-de-WhatsApp-2023-10-29-a-las-19.08.41.jpg?resize=300%2C200&amp;ssl=1 300w, https:\/\/i0.wp.com\/miradordeatarfe.es\/wp-content\/uploads\/2023\/10\/Imagen-de-WhatsApp-2023-10-29-a-las-19.08.41.jpg?resize=1024%2C682&amp;ssl=1 1024w, https:\/\/i0.wp.com\/miradordeatarfe.es\/wp-content\/uploads\/2023\/10\/Imagen-de-WhatsApp-2023-10-29-a-las-19.08.41.jpg?resize=768%2C512&amp;ssl=1 768w, https:\/\/i0.wp.com\/miradordeatarfe.es\/wp-content\/uploads\/2023\/10\/Imagen-de-WhatsApp-2023-10-29-a-las-19.08.41.jpg?resize=1536%2C1023&amp;ssl=1 1536w, https:\/\/i0.wp.com\/miradordeatarfe.es\/wp-content\/uploads\/2023\/10\/Imagen-de-WhatsApp-2023-10-29-a-las-19.08.41.jpg?resize=1320%2C879&amp;ssl=1 1320w, https:\/\/i0.wp.com\/miradordeatarfe.es\/wp-content\/uploads\/2023\/10\/Imagen-de-WhatsApp-2023-10-29-a-las-19.08.41.jpg?w=1600&amp;ssl=1 1600w\" sizes=\"auto, (max-width: 300px) 100vw, 300px\" \/><\/a><\/div>\n<\/div>\n<\/div>\n<\/div>\n<\/div>\n<div class=\"item-link-wrapper\" tabindex=\"-1\" data-id=\"da24323e-5775-40d7-b70c-5f6b785dc5a1_2\" data-idx=\"2\" data-hook=\"item-link-wrapper\">\n<div id=\"pgida24323e577540d7b70c5f6b785dc5a1_2_2\" class=\"gallery-item-container item-container-hover has-custom-focus visible simulate-hover\" tabindex=\"-1\" role=\"link\" aria-label=\"Untitled image\" data-hash=\"da24323e-5775-40d7-b70c-5f6b785dc5a1_2\" data-id=\"da24323e-5775-40d7-b70c-5f6b785dc5a1_2\" data-idx=\"2\" data-hook=\"item-container\">\n<div>\n<div id=\"item-wrapper-da24323e-5775-40d7-b70c-5f6b785dc5a1_2\" class=\"gallery-item-wrapper visible cube-type-fill\" data-hook=\"item-wrapper\">\n<div class=\"item-hover-flex-container\">\n<div class=\"gallery-item-hover fullscreen-disabled default force-hover item-overlay-hover\" data-hook=\"item-hover-2\" aria-hidden=\"true\">\n<div class=\"gallery-item-hover-inner\">\n<div class=\"ERjLK SF01N\">\u00a0<\/div>\n<\/div>\n<\/div>\n<\/div>\n<\/div>\n<\/div>\n<\/div>\n<\/div>\n<\/div>\n<\/div>\n<\/div>\n<\/div>\n<\/div>\n<\/div>\n<\/div>\n<\/div>\n<div data-hook=\"rcv-block27\"><span class=\"B2EFF public-DraftStyleDefault-ltr\">Despu\u00e9s de la visita del Coliseo, nos hemos trasladado a pie hasta el Parque del Recinto Ferial, donde hemos descansado y desayunado con gran apremio porque hab\u00eda que seguir con la jornada, a\u00fan nos quedaban dos paradas y mover a nuestro diverso grupo de familias es una ardua tarea. Con el \u00faltimo bocado en la boca, nos volvemos a subir al bus, pues nos vamos a la Ermita de los Tres Juanes.<\/span><\/div>\n<div data-hook=\"rcv-block28\">\u00a0<\/div>\n<div id=\"viewer-acarg\" class=\"QHjDE rzoRKE\">\n<div class=\"jKKp9 xE7K3m xE7K3m\">\n<div class=\"Q6a5A\" tabindex=\"0\" role=\"button\" data-hook=\"imageViewer\">\n<div id=\"new-image8017289\" class=\"vBPBf L9OMM XHhj0\"><img data-recalc-dims=\"1\" decoding=\"async\" src=\"https:\/\/i0.wp.com\/static.wixstatic.com\/media\/5293dc_a1adf61b235c40a09f89bf89b044f2cf~mv2.jpeg\/v1\/fill\/w_246%2Ch_276%2Cal_c%2Cq_80%2Cusm_0.66_1.00_0.01%2Cenc_auto\/5293dc_a1adf61b235c40a09f89bf89b044f2cf~mv2.jpeg?w=640&#038;ssl=1\" alt=\"\" data-pin-url=\"https:\/\/ampaermitaceipclar.wixsite.com\/website\/post\/ruta-convivencia-familias\" data-pin-media=\"https:\/\/static.wixstatic.com\/media\/5293dc_a1adf61b235c40a09f89bf89b044f2cf~mv2.jpeg\/v1\/fill\/w_720,h_809,al_c,q_85\/5293dc_a1adf61b235c40a09f89bf89b044f2cf~mv2.jpeg\" data-load-done=\"\" \/><\/div>\n<\/div>\n<\/div>\n<\/div>\n<p id=\"viewer-esci3\" class=\"xVISr Y9Dpf bCMSCT OZy-3 lnyWN yMZv8w bCMSCT public-DraftStyleDefault-block-depth0 fixed-tab-size public-DraftStyleDefault-text-ltr\"><span class=\"B2EFF public-DraftStyleDefault-ltr\"> San Juan Evangelista, San Juan Bautista y San Juan de Dios, estos son los tres Juanes por los que la Ermita fue llamada con este nombre y su promotor inicial fue un vecino del municipio atarfe\u00f1o con gran fe en la religi\u00f3n cristiana, que tras un suceso personal en el que se vieron implicados sus cuatro hijos hizo una promesa con su Dios cristiano para la construcci\u00f3n de la misma. Con muchos m\u00e1s matices de los que yo aqu\u00ed humildemente expongo y una infinidad de detalles m\u00e1s, Fuencisla nos ha mantenido embelesados durante unos minutos en los que nos ha descrito toda la historia que hay detr\u00e1s de la famosa Ermita de los Tres Juanes y su entorno.<\/span><\/p>\n<p><a href=\"https:\/\/i0.wp.com\/miradordeatarfe.es\/wp-content\/uploads\/2023\/10\/E.jpg?ssl=1\"><img data-recalc-dims=\"1\" loading=\"lazy\" decoding=\"async\" class=\"alignnone size-medium wp-image-64553\" src=\"https:\/\/i0.wp.com\/miradordeatarfe.es\/wp-content\/uploads\/2023\/10\/E.jpg?resize=300%2C169&#038;ssl=1\" alt=\"\" width=\"300\" height=\"169\" srcset=\"https:\/\/i0.wp.com\/miradordeatarfe.es\/wp-content\/uploads\/2023\/10\/E.jpg?resize=300%2C169&amp;ssl=1 300w, https:\/\/i0.wp.com\/miradordeatarfe.es\/wp-content\/uploads\/2023\/10\/E.jpg?resize=1024%2C576&amp;ssl=1 1024w, https:\/\/i0.wp.com\/miradordeatarfe.es\/wp-content\/uploads\/2023\/10\/E.jpg?resize=768%2C432&amp;ssl=1 768w, https:\/\/i0.wp.com\/miradordeatarfe.es\/wp-content\/uploads\/2023\/10\/E.jpg?resize=1536%2C864&amp;ssl=1 1536w, https:\/\/i0.wp.com\/miradordeatarfe.es\/wp-content\/uploads\/2023\/10\/E.jpg?resize=1320%2C743&amp;ssl=1 1320w, https:\/\/i0.wp.com\/miradordeatarfe.es\/wp-content\/uploads\/2023\/10\/E.jpg?w=1600&amp;ssl=1 1600w\" sizes=\"auto, (max-width: 300px) 100vw, 300px\" \/>\u00a0 <\/a><a href=\"https:\/\/i0.wp.com\/miradordeatarfe.es\/wp-content\/uploads\/2023\/10\/J.jpg?ssl=1\"><img data-recalc-dims=\"1\" loading=\"lazy\" decoding=\"async\" class=\"alignnone size-medium wp-image-64554\" src=\"https:\/\/i0.wp.com\/miradordeatarfe.es\/wp-content\/uploads\/2023\/10\/J.jpg?resize=300%2C225&#038;ssl=1\" alt=\"\" width=\"300\" height=\"225\" srcset=\"https:\/\/i0.wp.com\/miradordeatarfe.es\/wp-content\/uploads\/2023\/10\/J.jpg?resize=300%2C225&amp;ssl=1 300w, https:\/\/i0.wp.com\/miradordeatarfe.es\/wp-content\/uploads\/2023\/10\/J.jpg?resize=1024%2C768&amp;ssl=1 1024w, https:\/\/i0.wp.com\/miradordeatarfe.es\/wp-content\/uploads\/2023\/10\/J.jpg?resize=768%2C576&amp;ssl=1 768w, https:\/\/i0.wp.com\/miradordeatarfe.es\/wp-content\/uploads\/2023\/10\/J.jpg?resize=1536%2C1152&amp;ssl=1 1536w, https:\/\/i0.wp.com\/miradordeatarfe.es\/wp-content\/uploads\/2023\/10\/J.jpg?resize=1320%2C990&amp;ssl=1 1320w, https:\/\/i0.wp.com\/miradordeatarfe.es\/wp-content\/uploads\/2023\/10\/J.jpg?w=1600&amp;ssl=1 1600w\" sizes=\"auto, (max-width: 300px) 100vw, 300px\" \/><\/a><\/p>\n<p id=\"viewer-27mnt\" class=\"xVISr Y9Dpf bCMSCT OZy-3 lnyWN yMZv8w bCMSCT public-DraftStyleDefault-block-depth0 fixed-tab-size public-DraftStyleDefault-text-ltr\"><span class=\"B2EFF public-DraftStyleDefault-ltr\">No pod\u00edamos dejar la oportunidad de hacernos la foto de grupal en un paraje tan pintoresco y en a ello que nos ponemos con este bonito resultado. Ya queda poco, de nuevo al autob\u00fas para dirigirnos al Parque del Corredor Verde, m\u00e1s concretamente a su reloj solar.<\/span><\/p>\n<div id=\"viewer-biipj\" class=\"QHjDE rzoRKE\">\n<div class=\"gO6aa y8JqQg y8JqQg flaqF\">\n<div class=\"vBPBf L9OMM XHhj0\"><a href=\"https:\/\/i0.wp.com\/miradordeatarfe.es\/wp-content\/uploads\/2023\/10\/0.jpg?ssl=1\"><img data-recalc-dims=\"1\" loading=\"lazy\" decoding=\"async\" class=\"alignnone wp-image-64546 size-full\" src=\"https:\/\/i0.wp.com\/miradordeatarfe.es\/wp-content\/uploads\/2023\/10\/0.jpg?resize=640%2C480&#038;ssl=1\" alt=\"\" width=\"640\" height=\"480\" srcset=\"https:\/\/i0.wp.com\/miradordeatarfe.es\/wp-content\/uploads\/2023\/10\/0.jpg?w=1600&amp;ssl=1 1600w, https:\/\/i0.wp.com\/miradordeatarfe.es\/wp-content\/uploads\/2023\/10\/0.jpg?resize=300%2C225&amp;ssl=1 300w, https:\/\/i0.wp.com\/miradordeatarfe.es\/wp-content\/uploads\/2023\/10\/0.jpg?resize=1024%2C768&amp;ssl=1 1024w, https:\/\/i0.wp.com\/miradordeatarfe.es\/wp-content\/uploads\/2023\/10\/0.jpg?resize=768%2C576&amp;ssl=1 768w, https:\/\/i0.wp.com\/miradordeatarfe.es\/wp-content\/uploads\/2023\/10\/0.jpg?resize=1536%2C1152&amp;ssl=1 1536w, https:\/\/i0.wp.com\/miradordeatarfe.es\/wp-content\/uploads\/2023\/10\/0.jpg?resize=1320%2C990&amp;ssl=1 1320w\" sizes=\"auto, (max-width: 640px) 100vw, 640px\" \/><\/a><\/div>\n<\/div>\n<\/div>\n<p id=\"viewer-8p3r3\" class=\"xVISr Y9Dpf bCMSCT OZy-3 lnyWN yMZv8w bCMSCT public-DraftStyleDefault-block-depth0 fixed-tab-size public-DraftStyleDefault-text-ltr\"><span class=\"B2EFF public-DraftStyleDefault-ltr\"> Para finalizar esta estupenda jornada, <strong>Fuencisla<\/strong> nos re\u00fane en torno al reloj solar megal\u00edtico inaugurado en los inicios del verano de 2008. La original obra fue creada por la arquitecta Julia Gallego Risco y en su espectacular dise\u00f1o entra a formar parte un conjunto de doce grandes d\u00f3lmenes de piedra -de m\u00e1s 15.000 kilos de peso y cuatro metros y medio de altura cada uno-, que fijan las posiciones horarias del reloj. Dichos d\u00f3lmenes provienen de las propias canteras situadas en el cerro de los Tres Juanes. <\/span><\/p>\n<div id=\"viewer-e4c4n\" class=\"QHjDE rzoRKE\">\n<div class=\"gO6aa y8JqQg y8JqQg flaqF\">\n<div class=\"cceIa\" role=\"none\" data-hook=\"galleryViewer\">\n<div id=\"pro-gallery-e4c4n\" class=\"pro-gallery\">\n<div class=\"\" tabindex=\"-1\" data-key=\"pro-gallery-inner-container\">\n<div class=\"pro-gallery-parent-container\" role=\"region\">\n<div id=\"pro-gallery-container-e4c4n\" class=\"pro-gallery inline-styles ltr \">\n<div id=\"pro-gallery-margin-container-e4c4n\" class=\"pro-gallery-margin-container\">\n<div class=\"item-link-wrapper\" tabindex=\"-1\" data-id=\"27c2c629-2403-49b8-abdf-82c8a3544460_0\" data-idx=\"0\" data-hook=\"item-link-wrapper\">\n<div id=\"pgi27c2c629240349b8abdf82c8a3544460_0_0\" class=\"gallery-item-container item-container-hover has-custom-focus visible simulate-hover\" tabindex=\"0\" role=\"link\" aria-label=\"Untitled image\" data-hash=\"27c2c629-2403-49b8-abdf-82c8a3544460_0\" data-id=\"27c2c629-2403-49b8-abdf-82c8a3544460_0\" data-idx=\"0\" data-hook=\"item-container\">\n<div>\n<div id=\"item-wrapper-27c2c629-2403-49b8-abdf-82c8a3544460_0\" class=\"gallery-item-wrapper visible cube-type-fill\" data-hook=\"item-wrapper\">\n<div class=\"gallery-item-content item-content-hover image-item gallery-item-visible gallery-item gallery-item-preloaded \" data-hook=\"image-item\">\u00a0\u00a0\u00a0 \u00a0\u00a0 <a href=\"https:\/\/i0.wp.com\/miradordeatarfe.es\/wp-content\/uploads\/2023\/10\/2.jpg?ssl=1\"><img data-recalc-dims=\"1\" loading=\"lazy\" decoding=\"async\" class=\"alignnone size-medium wp-image-64555\" src=\"https:\/\/i0.wp.com\/miradordeatarfe.es\/wp-content\/uploads\/2023\/10\/2.jpg?resize=300%2C200&#038;ssl=1\" alt=\"\" width=\"300\" height=\"200\" srcset=\"https:\/\/i0.wp.com\/miradordeatarfe.es\/wp-content\/uploads\/2023\/10\/2.jpg?resize=300%2C200&amp;ssl=1 300w, https:\/\/i0.wp.com\/miradordeatarfe.es\/wp-content\/uploads\/2023\/10\/2.jpg?resize=1024%2C682&amp;ssl=1 1024w, https:\/\/i0.wp.com\/miradordeatarfe.es\/wp-content\/uploads\/2023\/10\/2.jpg?resize=768%2C512&amp;ssl=1 768w, https:\/\/i0.wp.com\/miradordeatarfe.es\/wp-content\/uploads\/2023\/10\/2.jpg?resize=1536%2C1023&amp;ssl=1 1536w, https:\/\/i0.wp.com\/miradordeatarfe.es\/wp-content\/uploads\/2023\/10\/2.jpg?resize=1320%2C879&amp;ssl=1 1320w, https:\/\/i0.wp.com\/miradordeatarfe.es\/wp-content\/uploads\/2023\/10\/2.jpg?w=1600&amp;ssl=1 1600w\" sizes=\"auto, (max-width: 300px) 100vw, 300px\" \/> <\/a><a href=\"https:\/\/i0.wp.com\/miradordeatarfe.es\/wp-content\/uploads\/2023\/10\/3.jpg?ssl=1\"><img data-recalc-dims=\"1\" loading=\"lazy\" decoding=\"async\" class=\"alignnone size-medium wp-image-64556\" src=\"https:\/\/i0.wp.com\/miradordeatarfe.es\/wp-content\/uploads\/2023\/10\/3.jpg?resize=300%2C200&#038;ssl=1\" alt=\"\" width=\"300\" height=\"200\" srcset=\"https:\/\/i0.wp.com\/miradordeatarfe.es\/wp-content\/uploads\/2023\/10\/3.jpg?resize=300%2C200&amp;ssl=1 300w, https:\/\/i0.wp.com\/miradordeatarfe.es\/wp-content\/uploads\/2023\/10\/3.jpg?resize=1024%2C682&amp;ssl=1 1024w, https:\/\/i0.wp.com\/miradordeatarfe.es\/wp-content\/uploads\/2023\/10\/3.jpg?resize=768%2C512&amp;ssl=1 768w, https:\/\/i0.wp.com\/miradordeatarfe.es\/wp-content\/uploads\/2023\/10\/3.jpg?resize=1536%2C1023&amp;ssl=1 1536w, https:\/\/i0.wp.com\/miradordeatarfe.es\/wp-content\/uploads\/2023\/10\/3.jpg?resize=1320%2C879&amp;ssl=1 1320w, https:\/\/i0.wp.com\/miradordeatarfe.es\/wp-content\/uploads\/2023\/10\/3.jpg?w=1600&amp;ssl=1 1600w\" sizes=\"auto, (max-width: 300px) 100vw, 300px\" \/><\/a><\/div>\n<\/div>\n<\/div>\n<\/div>\n<\/div>\n<div class=\"item-link-wrapper\" tabindex=\"-1\" data-id=\"c4efa91e-d88b-47af-8295-1b2227588b96_2\" data-idx=\"2\" data-hook=\"item-link-wrapper\">\n<div id=\"pgic4efa91ed88b47af82951b2227588b96_2_2\" class=\"gallery-item-container item-container-hover has-custom-focus visible simulate-hover\" tabindex=\"-1\" role=\"link\" aria-label=\"Untitled image\" data-hash=\"c4efa91e-d88b-47af-8295-1b2227588b96_2\" data-id=\"c4efa91e-d88b-47af-8295-1b2227588b96_2\" data-idx=\"2\" data-hook=\"item-container\">\n<div>\n<div id=\"item-wrapper-c4efa91e-d88b-47af-8295-1b2227588b96_2\" class=\"gallery-item-wrapper visible cube-type-fill\" data-hook=\"item-wrapper\">\n<div class=\"item-hover-flex-container\">\n<div class=\"gallery-item-hover fullscreen-disabled default force-hover item-overlay-hover\" data-hook=\"item-hover-2\" aria-hidden=\"true\">\n<div class=\"gallery-item-hover-inner\">\n<div class=\"ERjLK SF01N\">\u00a0<\/div>\n<\/div>\n<\/div>\n<\/div>\n<\/div>\n<\/div>\n<\/div>\n<\/div>\n<\/div>\n<\/div>\n<\/div>\n<\/div>\n<\/div>\n<\/div>\n<\/div>\n<\/div>\n<p id=\"viewer-3112u\" class=\"xVISr Y9Dpf bCMSCT OZy-3 lnyWN yMZv8w bCMSCT public-DraftStyleDefault-block-depth0 fixed-tab-size public-DraftStyleDefault-text-ltr\"><span class=\"B2EFF public-DraftStyleDefault-ltr\">Agradeciendo enormemente la participaci\u00f3n de Fuencisla y su labor desinteresada como gu\u00eda de la jornada, nos despedimos de ella y nuevamente el bus nos redirige a la zona de inicio, dando fin a una estupenda jornada y con la ilusi\u00f3n de que podamos celebrar muchas convivencias m\u00e1s.\u00a0 G<\/span><span class=\"B2EFF public-DraftStyleDefault-ltr\"><strong>RACIAS A TODAS LAS FAMILIAS PARTICIPANTES!!<\/strong><\/span><\/p>\n<h3 data-hook=\"rcv-block48\">AMPA LA ERMITA<\/h3>\n<div id=\"viewer-17ghh\" class=\"xVISr Y9Dpf bCMSCT OZy-3 lnyWN yMZv8w bCMSCT public-DraftStyleDefault-block-depth0 fixed-tab-size public-DraftStyleDefault-text-ltr\">\u00a0<\/div>\n","protected":false},"excerpt":{"rendered":"<p>\u00a0Ha tenido lugar la anunciada Ruta Convivencia Familias organizada por nuestra AMPA La Ermita en&#8230;<\/p>\n","protected":false},"author":1,"featured_media":64550,"comment_status":"closed","ping_status":"closed","sticky":false,"template":"","format":"standard","meta":{"_coblocks_attr":"","_coblocks_dimensions":"","_coblocks_responsive_height":"","_coblocks_accordion_ie_support":"","jetpack_post_was_ever_published":false,"_jetpack_newsletter_access":"","_jetpack_dont_email_post_to_subs":false,"_jetpack_newsletter_tier_id":0,"_jetpack_memberships_contains_paywalled_content":false,"_jetpack_memberships_contains_paid_content":false,"footnotes":"","jetpack_publicize_message":"","jetpack_publicize_feature_enabled":true,"jetpack_social_post_already_shared":true,"jetpack_social_options":{"image_generator_settings":{"template":"highway","default_image_id":0,"enabled":false},"version":2}},"categories":[6916,187,44],"tags":[],"class_list":["post-64536","post","type-post","status-publish","format-standard","has-post-thumbnail","hentry","category-ayuntamiento-de-atarfe","category-centros-educativos","category-noticias-de-hoy"],"jetpack_publicize_connections":[],"jetpack_featured_media_url":"https:\/\/i0.wp.com\/miradordeatarfe.es\/wp-content\/uploads\/2023\/10\/C.jpg?fit=1600%2C1200&ssl=1","jetpack_likes_enabled":true,"jetpack_sharing_enabled":true,"_links":{"self":[{"href":"https:\/\/miradordeatarfe.es\/index.php?rest_route=\/wp\/v2\/posts\/64536","targetHints":{"allow":["GET"]}}],"collection":[{"href":"https:\/\/miradordeatarfe.es\/index.php?rest_route=\/wp\/v2\/posts"}],"about":[{"href":"https:\/\/miradordeatarfe.es\/index.php?rest_route=\/wp\/v2\/types\/post"}],"author":[{"embeddable":true,"href":"https:\/\/miradordeatarfe.es\/index.php?rest_route=\/wp\/v2\/users\/1"}],"replies":[{"embeddable":true,"href":"https:\/\/miradordeatarfe.es\/index.php?rest_route=%2Fwp%2Fv2%2Fcomments&post=64536"}],"version-history":[{"count":3,"href":"https:\/\/miradordeatarfe.es\/index.php?rest_route=\/wp\/v2\/posts\/64536\/revisions"}],"predecessor-version":[{"id":64557,"href":"https:\/\/miradordeatarfe.es\/index.php?rest_route=\/wp\/v2\/posts\/64536\/revisions\/64557"}],"wp:featuredmedia":[{"embeddable":true,"href":"https:\/\/miradordeatarfe.es\/index.php?rest_route=\/wp\/v2\/media\/64550"}],"wp:attachment":[{"href":"https:\/\/miradordeatarfe.es\/index.php?rest_route=%2Fwp%2Fv2%2Fmedia&parent=64536"}],"wp:term":[{"taxonomy":"category","embeddable":true,"href":"https:\/\/miradordeatarfe.es\/index.php?rest_route=%2Fwp%2Fv2%2Fcategories&post=64536"},{"taxonomy":"post_tag","embeddable":true,"href":"https:\/\/miradordeatarfe.es\/index.php?rest_route=%2Fwp%2Fv2%2Ftags&post=64536"}],"curies":[{"name":"wp","href":"https:\/\/api.w.org\/{rel}","templated":true}]}}