{"id":64567,"date":"2023-10-31T10:43:02","date_gmt":"2023-10-31T09:43:02","guid":{"rendered":"https:\/\/miradordeatarfe.es\/?p=64567"},"modified":"2023-10-30T13:54:18","modified_gmt":"2023-10-30T12:54:18","slug":"al-cole-mejor-andando-y-con-amigos","status":"publish","type":"post","link":"https:\/\/miradordeatarfe.es\/?p=64567","title":{"rendered":"Al cole, mejor andando y con amigos"},"content":{"rendered":"<h3 style=\"text-align: justify;\">ANTE LA CAMPA\u00d1A QUE LOS CENTROS DE ATARFE\u00a0 JUNTO CON ATARFE SOSTENIBLE Y EL AYUNTAMIENTO PONEN EN MARCHA, REPRODUCIMOS ESTE ART\u00cdCULO DONDE SE EXPONE LOS BENEFICIOS PS\u00cdQUICOS, F\u00cdSICOS Y ACAD\u00c9MICOS QUE STA INICIATIVA TIENE<\/h3>\n<h2 class=\"v-a-sub-t\" style=\"text-align: justify;\">Tiene beneficios ps\u00edquicos, f\u00edsicos y acad\u00e9micos<\/h2>\n<p class=\"v-p\" style=\"text-align: justify;\">El grave problema de sedentarismo y obesidad que afecta a ni\u00f1os y adolescentes, al que se suma el freno que han sufrido las relaciones sociales entre los chavales por la &#8216;epidemia de las pantallas&#8217;, ha convertido la posibilidad de acudir al colegio andando y con amigos en todo un lujo. Ofrece beneficios f\u00edsicos y ps\u00edquicos y mejora tambi\u00e9n el rendimiento acad\u00e9mico. Pero cada vez menos ni\u00f1os caminan a la escuela: muchos colegios se han ido de las ciudades, y las propias urbes no est\u00e1n adaptadas para que los peque\u00f1os se desplacen sin peligro por sus calles. En medio de este escenario, pediatras y expertos en pedagog\u00eda apuestan por medidas como habilitar caminos escolares o dar prioridad a la cercan\u00eda en la elecci\u00f3n de centros.<\/p>\n<div class=\"v-c-cmp v-n-mrg\" style=\"text-align: justify;\">\n<h3 class=\"v-d-cmp-sub-hl\">Beneficios psicol\u00f3gicos<\/h3>\n<\/div>\n<p class=\"v-p\" style=\"text-align: justify;\">\u00abEs cada vez m\u00e1s com\u00fan que a los ni\u00f1os y las ni\u00f1as los lleven en coches o autobuses hasta los centros escolares. Y esa din\u00e1mica ha reducido su autonom\u00eda y transformado sus viajes en situaciones pasivas bajo una vigilancia constante. La continua supervisi\u00f3n de una figura adulta puede limitar el desarrollo de la autonom\u00eda personal y la capacidad de resoluci\u00f3n de conflictos en los menores\u00bb, advierten los investigadores de la UPV\/EHU Idoia Legorburu, Israel Alonso, Nahia Idoiaga y Naiara Berasategi, autores de un trabajo sobre los beneficios de ir al cole andando y sin la compa\u00f1\u00eda de adultos.<\/p>\n<p class=\"v-p\" style=\"text-align: justify;\">Aseguran que es un h\u00e1bito que favorece \u00abla conciencia espacial, la toma de decisiones, la concentraci\u00f3n escolar\u00bb, adem\u00e1s de \u00abmejorar las relaciones con su entorno\u00bb, resumen los investigadores. Por otro lado, eleva el rendimiento acad\u00e9mico. \u00abLos resultados del estudio espa\u00f1ol AVENA sugieren que la actividad f\u00edsica que tiene lugar inmediatamente antes del colegio predispone al aprendizaje efectivo y logra mejorar habilidades verbales, num\u00e9ricas y de razonamiento espacial\u00bb, corroboran desde la Asociaci\u00f3n Espa\u00f1ola de Pediatr\u00eda.<\/p>\n<p class=\"v-p\" style=\"text-align: justify;\">De hecho, es una de las recomendaciones en las que insiste esta agrupaci\u00f3n a\u00f1o tras a\u00f1o, tanto por sus beneficios f\u00edsicos como ps\u00edquicos. \u00abReduce el riesgo de depresi\u00f3n y ansiedad, desarrolla una mayor autonom\u00eda en los ni\u00f1os, favorece las relaciones sociales y ayuda a establecer v\u00ednculos con el barrio en el que viven\u00bb, destaca Julio \u00c1lvarez-Pitti, de la asociaci\u00f3n de pediatras.<\/p>\n<div class=\"v-c-cmp v-n-mrg\" style=\"text-align: justify;\">\n<h3 class=\"v-d-cmp-sub-hl\">Beneficio f\u00edsico<\/h3>\n<\/div>\n<p class=\"v-p\" style=\"text-align: justify;\">Los m\u00e9dicos resaltan el valor de introducir esta actividad diaria como una herramienta, que dicen es muy \u00fatil para evitar los problemas a los que conduce el sedentarismo, entre ellos la obesidad. \u00abCaminar al colegio aumenta el tono muscular y se asocia con una mejora de su composici\u00f3n corporal y de su condici\u00f3n f\u00edsica y cardiorrespiratoria. Si se hace durante un curso escolar completo, aunque solo les lleve unos 20 minutos, incrementa la resistencia, la flexibilidad, el equilibrio y la aptitud cardiocirculatoria\u00bb, enumeran los portavoces de la asociaci\u00f3n.<\/p>\n<p class=\"v-p\" style=\"text-align: justify;\">Otra ventaja: ayuda a completar ese m\u00ednimo de ejercicio que deben hacer los menores. \u00abIncorporar este h\u00e1bito en el d\u00eda a d\u00eda de los estudiantes es una de las acciones a nivel escolar que ha demostrado mayor impacto en el incremento de la actividad f\u00edsica de los alumnos\u00bb. Caminar un kil\u00f3metro al d\u00eda supone realizar \u00abhasta dos terceras partes de la actividad f\u00edsica m\u00ednima recomendada por la OMS para los menores: sesenta minutos al d\u00eda con una intensidad moderada\u00bb.<\/p>\n<p class=\"v-p\" style=\"text-align: justify;\">Aunque no parezca un gran reto &#8216;f\u00edsico&#8217;, s\u00ed lo es un escenario actual de abuso de las pantallas y sedentarismo entre los chavales. De hecho, el 63% de las chicas y el 40% de los chicos no cumple con los deberes fijados por la Organizaci\u00f3n Mundial de la Salud, esa hora de movimiento al d\u00eda, seg\u00fan revela un estudio realizado por investigadores de la Universitat Oberta de Catalunya (UOC) y de la de Vic.<\/p>\n<div class=\"v-c-cmp v-n-mrg\" style=\"text-align: justify;\">\n<h3 class=\"v-d-cmp-sub-hl\">Las medidas por hacer<\/h3>\n<\/div>\n<p class=\"v-p\" style=\"text-align: justify;\">Pero los chavales ya no van caminando al cole porque sus entornos tampoco son seguros. \u00abLa densidad del tr\u00e1fico, los puntos negros e incluso la falta de espacios verdes hacen que muchas familias cuestionen la seguridad del camino hacia la escuela\u00bb, a\u00f1aden los investigadores de la UPV.<\/p>\n<p class=\"v-p\" style=\"text-align: justify;\">Por ello, consideran imprescindible la intervenci\u00f3n de las instituciones para habilitar v\u00edas por las que puedan desplazarse sin riesgos. \u00abEn muchos municipios, instituciones y centros escolares se est\u00e1n llevando a cabo proyectos que fomentan los viajes aut\u00f3nomos y activos de los menores, con resultados muy positivos, pero hay que darles reconocimiento y visibilidad\u00bb.<\/p>\n<p class=\"v-p\" style=\"text-align: justify;\">Desde la Asociaci\u00f3n Espa\u00f1ola de Pediatr\u00eda aconsejan elegir centros de ense\u00f1anza situados a menos de 2 kil\u00f3metros de casa, reclaman la presencia de agentes en cruces y calles con tr\u00e1fico y el desarrollo de planes para tal fin en los propios colegios.<\/p>\n<p><a href=\"https:\/\/www.ideal.es\/autor\/marta-fdez-vallejo-170.html\"><strong>Marta Fdez. Vallejo<\/strong><\/a><\/p>\n<p><span class=\"v-fc__ath\">FOTO: IRRIMARRA<\/span><\/p>\n<p><span class=\"v-fc__ath\">https:\/\/www.ideal.es\/vivir\/ocio\/cole-mejor-andando-amigos-20231027000229-ntrc.html<\/span><\/p>\n<article class=\"v-a v-a--d v-a--d-bs v-a--p-b\"><\/article>\n<div class=\"v-d v-d--ab-c v-d--bs\">\n<div class=\"v-mdl-ath\" data-voc-component=\"viewport-not-visible\">\n<div class=\"v-mdl-ath__c v-mdl-ath__c--1\">\n<figure class=\"v-mdl-ath__fig\"><\/figure>\n<div class=\"v-mdl-ath__info\">\n<p class=\"v-mdl-ath__p v-mdl-ath__p--name\">\u00a0<\/p>\n<\/div>\n<\/div>\n<\/div>\n<\/div>\n","protected":false},"excerpt":{"rendered":"<p>ANTE LA CAMPA\u00d1A QUE LOS CENTROS DE ATARFE\u00a0 JUNTO CON ATARFE SOSTENIBLE Y EL AYUNTAMIENTO&#8230;<\/p>\n","protected":false},"author":1,"featured_media":64568,"comment_status":"closed","ping_status":"closed","sticky":false,"template":"","format":"standard","meta":{"_coblocks_attr":"","_coblocks_dimensions":"","_coblocks_responsive_height":"","_coblocks_accordion_ie_support":"","jetpack_post_was_ever_published":false,"_jetpack_newsletter_access":"","_jetpack_dont_email_post_to_subs":false,"_jetpack_newsletter_tier_id":0,"_jetpack_memberships_contains_paywalled_content":false,"_jetpack_memberships_contains_paid_content":false,"footnotes":"","jetpack_publicize_message":"","jetpack_publicize_feature_enabled":true,"jetpack_social_post_already_shared":true,"jetpack_social_options":{"image_generator_settings":{"template":"highway","default_image_id":0,"enabled":false},"version":2}},"categories":[7725,6916,187,44],"tags":[],"class_list":["post-64567","post","type-post","status-publish","format-standard","has-post-thumbnail","hentry","category-atarfe-sostenible","category-ayuntamiento-de-atarfe","category-centros-educativos","category-noticias-de-hoy"],"jetpack_publicize_connections":[],"jetpack_featured_media_url":"https:\/\/i0.wp.com\/miradordeatarfe.es\/wp-content\/uploads\/2023\/10\/Imagen-ESCUELA-ANDANDO_-PAPEL-kEqB-U210548741245ByH-758x531%40RC.jpg?fit=758%2C529&ssl=1","jetpack_likes_enabled":true,"jetpack_sharing_enabled":true,"_links":{"self":[{"href":"https:\/\/miradordeatarfe.es\/index.php?rest_route=\/wp\/v2\/posts\/64567","targetHints":{"allow":["GET"]}}],"collection":[{"href":"https:\/\/miradordeatarfe.es\/index.php?rest_route=\/wp\/v2\/posts"}],"about":[{"href":"https:\/\/miradordeatarfe.es\/index.php?rest_route=\/wp\/v2\/types\/post"}],"author":[{"embeddable":true,"href":"https:\/\/miradordeatarfe.es\/index.php?rest_route=\/wp\/v2\/users\/1"}],"replies":[{"embeddable":true,"href":"https:\/\/miradordeatarfe.es\/index.php?rest_route=%2Fwp%2Fv2%2Fcomments&post=64567"}],"version-history":[{"count":1,"href":"https:\/\/miradordeatarfe.es\/index.php?rest_route=\/wp\/v2\/posts\/64567\/revisions"}],"predecessor-version":[{"id":64569,"href":"https:\/\/miradordeatarfe.es\/index.php?rest_route=\/wp\/v2\/posts\/64567\/revisions\/64569"}],"wp:featuredmedia":[{"embeddable":true,"href":"https:\/\/miradordeatarfe.es\/index.php?rest_route=\/wp\/v2\/media\/64568"}],"wp:attachment":[{"href":"https:\/\/miradordeatarfe.es\/index.php?rest_route=%2Fwp%2Fv2%2Fmedia&parent=64567"}],"wp:term":[{"taxonomy":"category","embeddable":true,"href":"https:\/\/miradordeatarfe.es\/index.php?rest_route=%2Fwp%2Fv2%2Fcategories&post=64567"},{"taxonomy":"post_tag","embeddable":true,"href":"https:\/\/miradordeatarfe.es\/index.php?rest_route=%2Fwp%2Fv2%2Ftags&post=64567"}],"curies":[{"name":"wp","href":"https:\/\/api.w.org\/{rel}","templated":true}]}}