{"id":64573,"date":"2023-11-01T08:35:43","date_gmt":"2023-11-01T07:35:43","guid":{"rendered":"https:\/\/miradordeatarfe.es\/?p=64573"},"modified":"2023-10-31T12:04:07","modified_gmt":"2023-10-31T11:04:07","slug":"cuanto-cuesta-morirse-en-espana","status":"publish","type":"post","link":"https:\/\/miradordeatarfe.es\/?p=64573","title":{"rendered":"\u00bfCu\u00e1nto cuesta morirse en Espa\u00f1a?"},"content":{"rendered":"<h3 style=\"text-align: justify;\">\u00abEl transporte de los vivos se grava con un 10%, el de los muertos con m\u00e1s del doble\u00bb El gasto para las ceremonias de despedida de fallecidos ronda los 3.700 euros y var\u00eda en funci\u00f3n del municipio.<\/h3>\n<p style=\"text-align: justify;\">En nuestro pa\u00eds existe la sensaci\u00f3n generalizada de que los funerales y ceremonias de despedida a nuestros familiares fallecidos son excesivamente caras. <a href=\"https:\/\/www.ocu.org\/dinero\/seguros\/informe\/servicios-funerarios-morir-sale-caro\" target=\"_blank\" rel=\"nofollow noopener\">El \u00faltimo informe del tema, publicado por OCU<\/a>, dibuja un panorama en el que el precio puede alcanzar de media los 3.700 euros, unas cantidades que pueden suponer una dificultad econ\u00f3mica para una parte de la poblaci\u00f3n.<\/p>\n<p style=\"text-align: justify;\">Los precios var\u00edan depende de los servicios que contratemos y de si elegimos entierro o incineraci\u00f3n, que suele ser m\u00e1s barato, pero tambi\u00e9n <a href=\"https:\/\/cadenaser.com\/ser\/2021\/10\/27\/sociedad\/1635363936_711920.html\" target=\"_blank\" rel=\"noopener\">depende de d\u00f3nde nos morimos.<\/a> En Vigo, el precio por entierro supera los 6.000 euros, mientras que la incineraci\u00f3n se queda sobre los 5.700. La otra cara de la moneda est\u00e1 en Zaragoza, donde el entierro medio est\u00e1 en 2.500 euros, mientras que la cremaci\u00f3n ronda los 2.800.<\/p>\n<h3 style=\"text-align: justify;\">Los seguros de decesos, un recurso habitual<\/h3>\n<p style=\"text-align: justify;\">Casi la mitad de los espa\u00f1oles tienen su entierro asegurado mediante un seguro de decesos, que normalmente cubre los gastos totales del sepelio. Ahora mismo hay en Espa\u00f1a m\u00e1s de 22 millones de personas aseguradas con este servicio, es decir, el 47% de la poblaci\u00f3n espa\u00f1ola. <a href=\"https:\/\/cadenaser.com\/aragon\/2022\/10\/25\/teruel-y-huesca-entre-las-provincias-con-menos-sepelios-asegurados-radio-huesca\/\" target=\"_blank\" rel=\"noopener\">Otro dato curioso es la componente geogr\u00e1fica de la contrataci\u00f3n de estos seguros.<\/a> C\u00e1diz es la provincia con mayor volumen de asegurados, casi 8 de cada 10 gaditanos tendr\u00eda asegurado su entierro.<\/p>\n<blockquote class=\"pullquote\" cite=\"Maria Dolores Asensi, presidenta del Observatorio de Servicios Funerarios\">\n<p>\u00abNo es coherente que un servicio por el que todos, tarde o temprano, vamos a tener que pasar, tenga un impuesto de lujo\u00bb <span class=\"citation-text\">\u2014 \u00a0Maria Dolores Asensi, presidenta del Observatorio de Servicios Funerarios<\/span><\/p>\n<\/blockquote>\n<p style=\"text-align: justify;\">En caso de no disponer de dicho seguro hemos de tener en cuenta que nuestra factura empezar\u00e1 a aumentar. Uno de los motivos es que los servicios funerarios en nuestro pa\u00eds tienen el tipo de IVA del 21%. Espa\u00f1a es el tercer pa\u00eds de la Uni\u00f3n Europea que m\u00e1s grava estos trabajos, solo por debajo de Grecia y Hungr\u00eda, seg\u00fan explica Mar\u00eda Dolores Asensi, presidenta del Observatorio de Servicios Funerarios.<\/p>\n<p style=\"text-align: justify;\">\u00abNo es coherente que un servicio por el que todos, tarde o temprano, vamos a tener que pasar, tenga un impuesto de lujo\u00bb, explica Asensi, que aboga por la reducci\u00f3n a niveles anteriores a 2012, cuando el IVA de los servicios f\u00fanebres era del 8%. Por otro lado, recuerda que \u00abel transporte de viajeros o el alojamiento en un hotel tienen un tipo del 10%, si se trata de un coche f\u00fanebre y del lugar en el que descansar\u00e1 un fallecido nos vamos de nuevo al 21%\u00bb.<\/p>\n<h3 style=\"text-align: justify;\">\u00bfEst\u00e1n bien pagados los servicios funerarios?<\/h3>\n<p style=\"text-align: justify;\">\u00abTodos queremos que nuestro familiar tenga una ceremonia funeraria en condiciones\u00bb, explica Jes\u00fas Pozo, director de la revista Adi\u00f3s Cultural. El precio medio del que habl\u00e1bamos puede reducirse si nos deshacemos de servicios prescindibles como esquelas, velatorio, flores y otros extras. Pozo insiste en que lo \u00fanico ineludible son el f\u00e9retro, el lugar de enterramiento, impuestos y documentaci\u00f3n. \u00abLos servicios funerarios son fundamentales, si no existieran las funerarias, los muertos estar\u00edan en la calle\u00bb, afirma.<\/p>\n<p class=\"tit\" style=\"text-align: justify;\">Jes\u00fas Pozo: \u00abCada vez se piden m\u00e1s f\u00e9retros y esquelas sin cruces\u00bb<\/p>\n<div class=\"cnt-txt\" style=\"text-align: justify;\">\n<p>Hay otra v\u00eda. Todo cambiar\u00eda en caso de que el fallecido hubiera expresado antes su <a href=\"https:\/\/cadenaser.com\/navarra\/2022\/12\/06\/alguna-vez-has-pensado-donar-tu-cuerpo-a-la-ciencia-radio-pamplona\/\" target=\"_blank\" rel=\"noopener\">voluntad de donar su cuerpo a la ciencia<\/a>. En ese caso hay dos caminos. El primero conlleva que la familia done el cuerpo y recupere los restos una vez se hayan utilizado para entonces, dar sepultura. El otro m\u00e9todo es el m\u00e1s barato, ya que es la facultad de Medicina la que se encarga de los gastos, y consiste en la donaci\u00f3n total del cuerpo a la ciencia.<\/p>\n<\/div>\n<div class=\"tags e-2\" style=\"text-align: justify;\">\u00a0<\/div>\n<p><a class=\"au-wb\" title=\"David Goz\u00e1lvez\" href=\"https:\/\/cadenaser.com\/autor\/david_gozalvez_munoz\/a\/\"><strong>David Goz\u00e1lvez<\/strong><\/a><\/p>\n<figure><figcaption class=\"fc\">\n<p>FOTO: Imagen recurso de un entierro. \/ Cadena Ser<\/p>\n<\/figcaption><\/figure>\n<div id=\"#cwv-noticia-1\">https:\/\/cadenaser.com\/cmadrid\/2023\/11\/01\/cual-es-el-precio-de-morirse-en-espana-estos-son-los-costes-de-un-servicio-funerario-medio-cadena-ser\/<\/div>\n<div class=\"cnt-byline\">\n<div>\n<p>&nbsp;<\/p>\n<\/div>\n<\/div>\n","protected":false},"excerpt":{"rendered":"<p>\u00abEl transporte de los vivos se grava con un 10%, el de los muertos con&#8230;<\/p>\n","protected":false},"author":1,"featured_media":64575,"comment_status":"closed","ping_status":"closed","sticky":false,"template":"","format":"standard","meta":{"_coblocks_attr":"","_coblocks_dimensions":"","_coblocks_responsive_height":"","_coblocks_accordion_ie_support":"","jetpack_post_was_ever_published":false,"_jetpack_newsletter_access":"","_jetpack_dont_email_post_to_subs":false,"_jetpack_newsletter_tier_id":0,"_jetpack_memberships_contains_paywalled_content":false,"_jetpack_memberships_contains_paid_content":false,"footnotes":"","jetpack_publicize_message":"","jetpack_publicize_feature_enabled":true,"jetpack_social_post_already_shared":true,"jetpack_social_options":{"image_generator_settings":{"template":"highway","default_image_id":0,"enabled":false},"version":2}},"categories":[1161,44,6937],"tags":[],"class_list":["post-64573","post","type-post","status-publish","format-standard","has-post-thumbnail","hentry","category-ciudadania","category-noticias-de-hoy","category-sociedad"],"jetpack_publicize_connections":[],"jetpack_featured_media_url":"https:\/\/i0.wp.com\/miradordeatarfe.es\/wp-content\/uploads\/2023\/11\/Screenshot-2023-10-31-at-12-03-21-%C2%BFCuanto-cuesta-morirse-en-Espana-El-transporte-de-los-vivos-se-grava-con-un-10-el-de-los-muertos-con-mas-del-doble.png?fit=426%2C331&ssl=1","jetpack_likes_enabled":true,"jetpack_sharing_enabled":true,"_links":{"self":[{"href":"https:\/\/miradordeatarfe.es\/index.php?rest_route=\/wp\/v2\/posts\/64573","targetHints":{"allow":["GET"]}}],"collection":[{"href":"https:\/\/miradordeatarfe.es\/index.php?rest_route=\/wp\/v2\/posts"}],"about":[{"href":"https:\/\/miradordeatarfe.es\/index.php?rest_route=\/wp\/v2\/types\/post"}],"author":[{"embeddable":true,"href":"https:\/\/miradordeatarfe.es\/index.php?rest_route=\/wp\/v2\/users\/1"}],"replies":[{"embeddable":true,"href":"https:\/\/miradordeatarfe.es\/index.php?rest_route=%2Fwp%2Fv2%2Fcomments&post=64573"}],"version-history":[{"count":1,"href":"https:\/\/miradordeatarfe.es\/index.php?rest_route=\/wp\/v2\/posts\/64573\/revisions"}],"predecessor-version":[{"id":64574,"href":"https:\/\/miradordeatarfe.es\/index.php?rest_route=\/wp\/v2\/posts\/64573\/revisions\/64574"}],"wp:featuredmedia":[{"embeddable":true,"href":"https:\/\/miradordeatarfe.es\/index.php?rest_route=\/wp\/v2\/media\/64575"}],"wp:attachment":[{"href":"https:\/\/miradordeatarfe.es\/index.php?rest_route=%2Fwp%2Fv2%2Fmedia&parent=64573"}],"wp:term":[{"taxonomy":"category","embeddable":true,"href":"https:\/\/miradordeatarfe.es\/index.php?rest_route=%2Fwp%2Fv2%2Fcategories&post=64573"},{"taxonomy":"post_tag","embeddable":true,"href":"https:\/\/miradordeatarfe.es\/index.php?rest_route=%2Fwp%2Fv2%2Ftags&post=64573"}],"curies":[{"name":"wp","href":"https:\/\/api.w.org\/{rel}","templated":true}]}}