{"id":64607,"date":"2023-11-03T11:00:08","date_gmt":"2023-11-03T10:00:08","guid":{"rendered":"https:\/\/miradordeatarfe.es\/?p=64607"},"modified":"2023-11-03T10:22:14","modified_gmt":"2023-11-03T09:22:14","slug":"esas-pequenas-cosas-por-carmen-morente-2","status":"publish","type":"post","link":"https:\/\/miradordeatarfe.es\/?p=64607","title":{"rendered":"\u00abESAS PEQUE\u00d1AS COSAS\u2026\u00bbMujeres solas en la oscuridad por Carmen Morente"},"content":{"rendered":"<h3 style=\"text-align: justify;\"><strong>\u00a0<\/strong><strong>Mujeres solas en la oscuridad <\/strong>Pudiera ser el t\u00edtulo de una novela polic\u00edaca o de terror, o tambi\u00e9n el t\u00edtulo de un <em>thriller<\/em>, que se dir\u00eda ahora. Pero no, <em>Mujeres solas en la oscuridad<\/em>\u00a0es el relato de la situaci\u00f3n que viven las mujeres, j\u00f3venes y menos j\u00f3venes, que cada ma\u00f1ana acuden a la parada del autob\u00fas de Santa Amalia para dirigirse a sus respectivos trabajos en la ciudad de Granada antes de que salga el sol.<\/h3>\n<p style=\"text-align: justify;\">Oscuridad casi absoluta, la marquesina desaparecida hace a\u00f1os, destruida por alg\u00fan salvaje a motor que se la llev\u00f3 por delante. El paisaje no puede ser m\u00e1s inquietante; un farolito que m\u00e1s bien podr\u00eda ser el decorado para un video en el que dos enamorados bailan un tango.<\/p>\n<p style=\"text-align: justify;\">A medida que van llegando, las mujeres se agrupan en un gesto de sororidad. Se inician las conversaciones, con la mirada siempre pendiente de ver aparecer al \u201camarillo\u201d. Dificultades cotidianas, muchas se han levantando muy temprano para dejar las tareas de casa resueltas.<\/p>\n<p style=\"text-align: justify;\">Sociol\u00f3gicamente la parada del autob\u00fas nos demuestra que algunas cosas no han cambiado tanto como pensamos, o como deber\u00edan haber cambiado. Junto al reducido n\u00famero de j\u00f3venes que se dirigen a los centros de estudio se encuentran las mujeres que marchan a la ciudad para sus centros de trabajo, como limpiadoras en los grandes hospitales; la mayor\u00eda son empleadas del servicio dom\u00e9stico, o cuidadoras de mayores, o acompa\u00f1antes de enfermos en los hospitales. No aparecer\u00e1n en las estad\u00edsticas, pues es una excepci\u00f3n que est\u00e9n dadas de alta en la Seguridad Social. Llega Pepa, tan guapa como siempre, y llega Cristina, \u201cque es funcionaria de carrera\u201d, acompa\u00f1ada de su madre. Todas se conocen y si falta alguna se preguntan qu\u00e9 ha podido ocurrir.<\/p>\n<p style=\"text-align: justify;\">Me acerco con frecuencia a ellas cuando salgo a caminar y conversamos sobre la nefasta situaci\u00f3n de la parada del autob\u00fas. Ya reclamaron al Ayuntamiento e, incluso, al Consorcio de Transportes, pero nada se ha solucionado. Hace unos d\u00edas, al pasar a unos metros del lugar, una joven me pregunta si voy a tomar el autob\u00fas; est\u00e1 sola en la oscuridad, ha perdido el de las 07:00 y teme llegar tarde al Instituto de La Chana, pero en realidad se siente insegura de estar sola en la oscuridad al borde de una carretera. Muy jovencita, de rasgos aindiados, me cuenta que se levanta muy temprano pues tiene dos hermanos y ayuda a su madre, que se marcha a trabajar, a arreglarlos y a resolver la preparaci\u00f3n de la comida, a dejar la casa ordenada\u2026 Le digo que no se preocupe, que a esa hora pasan muchos autobuses y enseguida comenzar\u00e1n a llegar mujeres a la parada, que yo me quedar\u00e9 con ella hasta entonces. Y eso hago. Cuando aparece el primer grupo de mujeres la dejo en compa\u00f1\u00eda y me marcho discretamente.<\/p>\n<p style=\"text-align: justify;\">Converso esta ma\u00f1ana con mi fisioterapeuta sobre este asunto y me cuenta que todas las ma\u00f1anas pasa a las 06:45 por all\u00ed y se sobresalta al observar a las dos mismas mujeres solas en la oscuridad. En cualquier caso, no es solo un problema de sensibilidad, de tenerla o no tenerla, sino tambi\u00e9n de derechos y, en este caso, dadas las particularidades descritas, del derecho de las mujeres a sentirse seguras en cualquier circunstancia. Todas sin excepci\u00f3n, tambi\u00e9n las trabajadoras.<\/p>\n<p style=\"text-align: justify;\">Ahora, con el cambio de horario vuelven a fastidiarnos el reloj biol\u00f3gico, pero, al menos, a eso de las 07:00 en la b\u00f3veda celeste estar\u00e1 clareando. Los fen\u00f3menos sociales permiten un an\u00e1lisis multifactorial. Esperamos que las autoridades y las instituciones aprovechen los siguientes meses, hasta el pr\u00f3ximo cambio horario, para iluminar de modo adecuado y suficiente y sobrado la parada del autob\u00fas de Santa Amalia y para reponer la marquesina destrozada hace a\u00f1os. A m\u00ed me da verg\u00fcenza ajena, pero la verg\u00fcenza es, como la sensibilidad, un elemento subjetivo. La dejadez y la inoperancia, por el contrario, son una irresponsabilidad p\u00fablica.<\/p>\n<p style=\"text-align: justify;\">Esas peque\u00f1as cosas\u2026<\/p>\n<p style=\"text-align: justify;\">C. Morente<\/p>\n","protected":false},"excerpt":{"rendered":"<p>\u00a0Mujeres solas en la oscuridad Pudiera ser el t\u00edtulo de una novela polic\u00edaca o de&#8230;<\/p>\n","protected":false},"author":1,"featured_media":64608,"comment_status":"closed","ping_status":"closed","sticky":false,"template":"","format":"standard","meta":{"_coblocks_attr":"","_coblocks_dimensions":"","_coblocks_responsive_height":"","_coblocks_accordion_ie_support":"","jetpack_post_was_ever_published":false,"_jetpack_newsletter_access":"","_jetpack_dont_email_post_to_subs":false,"_jetpack_newsletter_tier_id":0,"_jetpack_memberships_contains_paywalled_content":false,"_jetpack_memberships_contains_paid_content":false,"footnotes":"","jetpack_publicize_message":"","jetpack_publicize_feature_enabled":true,"jetpack_social_post_already_shared":true,"jetpack_social_options":{"image_generator_settings":{"template":"highway","default_image_id":0,"enabled":false},"version":2}},"categories":[2,10707,14,44],"tags":[],"class_list":["post-64607","post","type-post","status-publish","format-standard","has-post-thumbnail","hentry","category-atarfe","category-la-opinion-de-carmen-morente","category-feminismo","category-noticias-de-hoy"],"jetpack_publicize_connections":[],"jetpack_featured_media_url":"https:\/\/i0.wp.com\/miradordeatarfe.es\/wp-content\/uploads\/2023\/11\/IMG-20231101-WA0002.jpg?fit=2000%2C1500&ssl=1","jetpack_likes_enabled":true,"jetpack_sharing_enabled":true,"_links":{"self":[{"href":"https:\/\/miradordeatarfe.es\/index.php?rest_route=\/wp\/v2\/posts\/64607","targetHints":{"allow":["GET"]}}],"collection":[{"href":"https:\/\/miradordeatarfe.es\/index.php?rest_route=\/wp\/v2\/posts"}],"about":[{"href":"https:\/\/miradordeatarfe.es\/index.php?rest_route=\/wp\/v2\/types\/post"}],"author":[{"embeddable":true,"href":"https:\/\/miradordeatarfe.es\/index.php?rest_route=\/wp\/v2\/users\/1"}],"replies":[{"embeddable":true,"href":"https:\/\/miradordeatarfe.es\/index.php?rest_route=%2Fwp%2Fv2%2Fcomments&post=64607"}],"version-history":[{"count":3,"href":"https:\/\/miradordeatarfe.es\/index.php?rest_route=\/wp\/v2\/posts\/64607\/revisions"}],"predecessor-version":[{"id":64611,"href":"https:\/\/miradordeatarfe.es\/index.php?rest_route=\/wp\/v2\/posts\/64607\/revisions\/64611"}],"wp:featuredmedia":[{"embeddable":true,"href":"https:\/\/miradordeatarfe.es\/index.php?rest_route=\/wp\/v2\/media\/64608"}],"wp:attachment":[{"href":"https:\/\/miradordeatarfe.es\/index.php?rest_route=%2Fwp%2Fv2%2Fmedia&parent=64607"}],"wp:term":[{"taxonomy":"category","embeddable":true,"href":"https:\/\/miradordeatarfe.es\/index.php?rest_route=%2Fwp%2Fv2%2Fcategories&post=64607"},{"taxonomy":"post_tag","embeddable":true,"href":"https:\/\/miradordeatarfe.es\/index.php?rest_route=%2Fwp%2Fv2%2Ftags&post=64607"}],"curies":[{"name":"wp","href":"https:\/\/api.w.org\/{rel}","templated":true}]}}