{"id":64614,"date":"2023-11-05T11:36:19","date_gmt":"2023-11-05T10:36:19","guid":{"rendered":"https:\/\/miradordeatarfe.es\/?p=64614"},"modified":"2023-11-29T23:03:24","modified_gmt":"2023-11-29T22:03:24","slug":"en-los-bordes-de-ilbira-por-jose-enrique-granados","status":"publish","type":"post","link":"https:\/\/miradordeatarfe.es\/?p=64614","title":{"rendered":"\u00abEN LOS BORDES DE ILBIRA&#8230;\u00bbpor >Jos\u00e9 Enrique Granados"},"content":{"rendered":"<div class=\"\" dir=\"auto\">\n<div id=\":r48:\" class=\"x1iorvi4 x1pi30zi x1l90r2v x1swvt13\" data-ad-comet-preview=\"message\" data-ad-preview=\"message\">\n<div class=\"x78zum5 xdt5ytf xz62fqu x16ldp7u\">\n<div class=\"xu06os2 x1ok221b\">\n<div class=\"xdj266r x11i5rnm xat24cr x1mh8g0r x1vvkbs x126k92a\">\n<h3 dir=\"auto\" style=\"text-align: justify;\">Cristina Mart\u00ednez \u00c1lvarez y colaboradores, publicaron en 2022, en la revista \u201cArqueolog\u00eda y Territorio Medieval\u201d un interesante art\u00edculo titulado \u201cEn los bordes de Ilbira: cer\u00e1mica emiral y califal en el barrio sur de la madina\u201d, en donde se aborda el estudio de los materiales cer\u00e1micos encontrados entre 2018 y 2019 durante las excavaciones realizadas en el entorno del Cortijo de los Cigarrones, el borde Este del yacimiento de Medina Elvira.<\/h3>\n<div dir=\"auto\" style=\"text-align: justify;\">El edificio estudiado se localiza en el \u00e1rea m\u00e1s meridional de la madina conocida como \u201cCortijo de los Cigarrones\u201d donde algunos autores sit\u00faan el barrio moz\u00e1rabe surgido del asentamiento tardo antiguo del \u201cPago de Marug\u00e1n\u201d. El propio Manuel G\u00f3mez Moreno lleg\u00f3 a documentar en esta zona 1.200 tumbas que confirmar\u00edan la pervivencia de una comunidad de tradici\u00f3n cristiana. Primero como un n\u00facleo independiente y posteriormente, tras el crecimiento urbano, anexionado como un arrabal de la madina.<\/div>\n<div dir=\"auto\" style=\"text-align: justify;\">\u00a0<\/div>\n<div dir=\"auto\" style=\"text-align: justify;\">La primera intervenci\u00f3n arqueol\u00f3gica contempor\u00e1nea en la zona se remonta a 1998. Estuvo motivada por una construcci\u00f3n privada y fue dirigida por \u00c1ngel Rodr\u00edguez Aguilera. Se abri\u00f3 un \u00fanico sondeo en el que, a poca profundidad, se descubrieron los restos de una vivienda. La construcci\u00f3n contaba con dos habitaciones y un patio, cuyas caracter\u00edsticas no difer\u00edan de las documentadas en el resto del yacimiento. El alzado, que se hab\u00eda perdido, estaba realizado en tapial apoyado sobre unos z\u00f3calos de mamposter\u00eda irregular, unidos por un mortero de tierra muy pobre en cal. La cubierta estar\u00eda realizada mediante teja curva, como se deduce del derrumbe de la construcci\u00f3n.<\/div>\n<div dir=\"auto\" style=\"text-align: justify;\">\u00a0<\/div>\n<div dir=\"auto\" style=\"text-align: justify;\">Por los restos encontrados en las habitaciones se interpret\u00f3 que una de ellas podr\u00eda ser una cocina, ya que uno de sus muros contaba con un poyo donde se hall\u00f3 una olla del siglo IX incrustada. Se descubri\u00f3, adem\u00e1s, una serie de infraestructuras coet\u00e1neas; una calle situada en un lateral y un pozo circular interpretado como un aljibe. Las conclusiones de esta intervenci\u00f3n indican que los espacios excavados formar\u00edan parte de un arrabal perif\u00e9rico de la madina con dos fases de ocupaci\u00f3n, una emiral y otra califal, que debi\u00f3 de ser abandonado en torno al siglo XI (RODR\u00cdGUEZ, 2003: 597). Con esta primera intervenci\u00f3n qued\u00f3 demostrado el potencial del yacimiento en general y de esta zona en particular.<\/div>\n<div dir=\"auto\" style=\"text-align: justify;\">\u00a0<\/div>\n<div dir=\"auto\" style=\"text-align: justify;\">Actuaciones posteriores han evidenciado que este sector contaba con un desarrollo urban\u00edstico muy importante desde fechas tempranas. El seguimiento arqueol\u00f3gico llevado a cabo entre 2007 y 2008 (SALVAGO, 2008) sac\u00f3 a la luz los restos de una serie de estructuras con enlucido cubiertas por un gran derrumbe de tejas que evidenciaban la existencia de espacios habitacionales en la zona oeste del \u201cCortijo de los Cigarrones\u201d. Similares resultados se obtuvieron en la actuaci\u00f3n de 2018 cuando, a escasos metros de la zona intervenida en 2007, aparecieron los restos de dos estancias separadas por una calle y un pozo. A ello hay que a\u00f1adir la aparici\u00f3n en la ladera del cerro de una serie de tumbas con ritual de inhumaci\u00f3n cristiano para las cuales no se ha dado a conocer cronolog\u00eda exacta, por lo que no queda claro si son anteriores a la fundaci\u00f3n de la ciudad o de la \u00e9poca de plena vigencia de la medina. Los resultados obtenidos de la prospecci\u00f3n geof\u00edsica de 2016 tambi\u00e9n informaban de la presencia de un complejo entramado de estructuras rectangulares que indicaban una gran densidad urban\u00edstica en la zona (R\u0118BKOWSKI et alii, 2019: 280-282).<\/div>\n<div dir=\"auto\" style=\"text-align: justify;\">\u00a0<\/div>\n<div dir=\"auto\" style=\"text-align: justify;\">Los resultados preliminares de la intervenci\u00f3n indican que este edificio no fue una construcci\u00f3n ex nihilo, sino que se edifica amortizando una fase anterior en la que este espacio ya empezaba a mostrar signos de un proceso de construcci\u00f3n relacionado con la emergencia de Ilb\u012bra como madina. La primera construcci\u00f3n, fechada en \u00e9poca tardo emiral, se erig\u00eda sobre una fase anterior en la que pozos y silos apuntan a un horizonte de explotaci\u00f3n agr\u00edcola de \u00e9poca emiral. Esto coincide con los datos publicados de la \u00fanica intervenci\u00f3n anterior a la nuestra en esta zona, en la que tambi\u00e9n se identific\u00f3 una fase emiral amortizada por un periodo de urbanizaci\u00f3n califal (RODR\u00cdGUEZ, 2003).<\/div>\n<div dir=\"auto\" style=\"text-align: justify;\">\u00a0<\/div>\n<div dir=\"auto\" style=\"text-align: justify;\">Otro dato que queda constatado es que el abandono fue m\u00e1s paulatino en la periferia de la madina. Seg\u00fan los resultados de las intervenciones realizadas en el \u201cPago de los Tejoletes\u201d (MART\u00cdN et alii, 2010), el \u201cPago de la Mezquita\u201d (MALPICA et alii, 2020) y en el \u201cCortijo de las Monjas\u201d (JIMENEZ PUERTAS, 2012; MART\u00cdNEZ, 2015) la plena ocupaci\u00f3n de la madina se produjo en \u00e9poca califal y fue abandonada de forma generalizada a inicios del siglo XI, mientras que en esta zona periurbana los edificios segu\u00edan en uso a mediados del siglo XI. Por otra parte, durante el periodo de plena ocupaci\u00f3n de la alcazaba de Mad\u012bnat Ilb\u012bra, acotado entre la segunda mitad del siglo IX y el primer cuarto de siglo X (CARVAJAL, 2005, 2008), la zona del \u201cCortijo de los Cigarrones\u201d parece presentar un h\u00e1bitat disperso.<\/div>\n<div dir=\"auto\">\u00a0<\/div>\n<\/div>\n<div class=\"x11i5rnm xat24cr x1mh8g0r x1vvkbs xtlvy1s x126k92a\">\n<div dir=\"auto\">En la fotograf\u00eda, vasija de las Liebres, una de las piezas cer\u00e1micas m\u00e1s conocidas de Medina Elvira.<\/div>\n<div dir=\"auto\">\u00a0<\/div>\n<\/div>\n<div class=\"x11i5rnm xat24cr x1mh8g0r x1vvkbs xtlvy1s x126k92a\">\n<div dir=\"auto\">Gacetilla y curiosidades elvirenses.<\/div>\n<\/div>\n<\/div>\n<\/div>\n<\/div>\n<\/div>\n","protected":false},"excerpt":{"rendered":"<p>Cristina Mart\u00ednez \u00c1lvarez y colaboradores, publicaron en 2022, en la revista \u201cArqueolog\u00eda y Territorio Medieval\u201d&#8230;<\/p>\n","protected":false},"author":1,"featured_media":64615,"comment_status":"closed","ping_status":"closed","sticky":false,"template":"","format":"standard","meta":{"_coblocks_attr":"","_coblocks_dimensions":"","_coblocks_responsive_height":"","_coblocks_accordion_ie_support":"","jetpack_post_was_ever_published":false,"_jetpack_newsletter_access":"","_jetpack_dont_email_post_to_subs":false,"_jetpack_newsletter_tier_id":0,"_jetpack_memberships_contains_paywalled_content":false,"_jetpack_memberships_contains_paid_content":false,"footnotes":"","jetpack_publicize_message":"","jetpack_publicize_feature_enabled":true,"jetpack_social_post_already_shared":false,"jetpack_social_options":{"image_generator_settings":{"template":"highway","default_image_id":0,"enabled":false},"version":2}},"categories":[1225,38,5359,10431,44],"tags":[],"class_list":["post-64614","post","type-post","status-publish","format-standard","has-post-thumbnail","hentry","category-ha-de-atarfe","category-opinion-de-jose-enrique-granados","category-madinat-ilbira","category-medina-elvira-2","category-noticias-de-hoy"],"jetpack_publicize_connections":[],"jetpack_featured_media_url":"https:\/\/i0.wp.com\/miradordeatarfe.es\/wp-content\/uploads\/2023\/11\/vasija-las-liebres.jpg?fit=600%2C512&ssl=1","jetpack_likes_enabled":true,"jetpack_sharing_enabled":true,"_links":{"self":[{"href":"https:\/\/miradordeatarfe.es\/index.php?rest_route=\/wp\/v2\/posts\/64614","targetHints":{"allow":["GET"]}}],"collection":[{"href":"https:\/\/miradordeatarfe.es\/index.php?rest_route=\/wp\/v2\/posts"}],"about":[{"href":"https:\/\/miradordeatarfe.es\/index.php?rest_route=\/wp\/v2\/types\/post"}],"author":[{"embeddable":true,"href":"https:\/\/miradordeatarfe.es\/index.php?rest_route=\/wp\/v2\/users\/1"}],"replies":[{"embeddable":true,"href":"https:\/\/miradordeatarfe.es\/index.php?rest_route=%2Fwp%2Fv2%2Fcomments&post=64614"}],"version-history":[{"count":1,"href":"https:\/\/miradordeatarfe.es\/index.php?rest_route=\/wp\/v2\/posts\/64614\/revisions"}],"predecessor-version":[{"id":64616,"href":"https:\/\/miradordeatarfe.es\/index.php?rest_route=\/wp\/v2\/posts\/64614\/revisions\/64616"}],"wp:featuredmedia":[{"embeddable":true,"href":"https:\/\/miradordeatarfe.es\/index.php?rest_route=\/wp\/v2\/media\/64615"}],"wp:attachment":[{"href":"https:\/\/miradordeatarfe.es\/index.php?rest_route=%2Fwp%2Fv2%2Fmedia&parent=64614"}],"wp:term":[{"taxonomy":"category","embeddable":true,"href":"https:\/\/miradordeatarfe.es\/index.php?rest_route=%2Fwp%2Fv2%2Fcategories&post=64614"},{"taxonomy":"post_tag","embeddable":true,"href":"https:\/\/miradordeatarfe.es\/index.php?rest_route=%2Fwp%2Fv2%2Ftags&post=64614"}],"curies":[{"name":"wp","href":"https:\/\/api.w.org\/{rel}","templated":true}]}}