{"id":64618,"date":"2023-11-04T08:05:46","date_gmt":"2023-11-04T07:05:46","guid":{"rendered":"https:\/\/miradordeatarfe.es\/?p=64618"},"modified":"2023-11-02T14:10:03","modified_gmt":"2023-11-02T13:10:03","slug":"el-reconocimiento-de-correos-a-la-primera-ministra-de-espana-federica-montseny-inmortalizada-en-un-sello","status":"publish","type":"post","link":"https:\/\/miradordeatarfe.es\/?p=64618","title":{"rendered":"El reconocimiento de Correos a la primera ministra de Espa\u00f1a: Federica Montseny inmortalizada en un sello"},"content":{"rendered":"<h3>Su legado ha sido injustamente subestimado en la historia tradicionalmente dominada por perspectivas masculinas<\/h3>\n<p>Correos, la empresa postal espa\u00f1ola, ha lanzado un sello dedicado a Federica Montseny, una figura destacada y multifac\u00e9tica de la historia espa\u00f1ola. Montseny, nacida en Madrid en 1905, fue la primera mujer ministra de Espa\u00f1a durante la Segunda Rep\u00fablica.<\/p>\n<p>Adem\u00e1s de su papel como pol\u00edtica, Montseny fue escritora, novelista, ensayista, periodista, anarquista y feminista, un legado que ha sido injustamente subestimado en la historia tradicionalmente dominada por perspectivas masculinas.<\/p>\n<p>Hija de padres anarquistas y editores de La Revista Blanca, una publicaci\u00f3n que defend\u00eda sus ideales pol\u00edticos, Montseny dedic\u00f3 su vida a promover las creencias de sus padres. En 1931 se uni\u00f3 al partido de la CNT, y durante la Guerra Civil Espa\u00f1ola, se convirti\u00f3 en ministra de Sanidad y Asistencia P\u00fablica en el Gobierno de la Rep\u00fablica, un cargo asumido por ninguna otra mujer en Espa\u00f1a hasta entonces. Durante su breve mandato, Montseny impuls\u00f3 propuestas progresistas, como la legalizaci\u00f3n del aborto y la creaci\u00f3n de comedores para mujeres embarazadas.<\/p>\n<p><img data-recalc-dims=\"1\" loading=\"lazy\" decoding=\"async\" class=\"size-full wp-image-471710 aligncenter lazy loaded td-animation-stack-type0-2\" src=\"https:\/\/i0.wp.com\/contrainformacion.es\/wp-content\/uploads\/2023\/10\/Captura-de-pantalla-2023-10-31-084406.png?resize=585%2C526&#038;ssl=1\" sizes=\"auto, (max-width: 585px) 100vw, 585px\" srcset=\"https:\/\/contrainformacion.es\/wp-content\/uploads\/2023\/10\/Captura-de-pantalla-2023-10-31-084406.png 585w, https:\/\/contrainformacion.es\/wp-content\/uploads\/2023\/10\/Captura-de-pantalla-2023-10-31-084406-150x135.png 150w, https:\/\/contrainformacion.es\/wp-content\/uploads\/2023\/10\/Captura-de-pantalla-2023-10-31-084406-467x420.png 467w\" alt=\"\" width=\"585\" height=\"526\" data-src=\"https:\/\/contrainformacion.es\/wp-content\/uploads\/2023\/10\/Captura-de-pantalla-2023-10-31-084406.png\" data-srcset=\"https:\/\/contrainformacion.es\/wp-content\/uploads\/2023\/10\/Captura-de-pantalla-2023-10-31-084406.png 585w, https:\/\/contrainformacion.es\/wp-content\/uploads\/2023\/10\/Captura-de-pantalla-2023-10-31-084406-150x135.png 150w, https:\/\/contrainformacion.es\/wp-content\/uploads\/2023\/10\/Captura-de-pantalla-2023-10-31-084406-467x420.png 467w\" data-sizes=\"(max-width: 585px) 100vw, 585px\" data-was-processed=\"true\" \/>Montseny tambi\u00e9n abog\u00f3 por una lista de actividades profesionales para personas con diversidad funcional, la inspecci\u00f3n de centros sanitarios y la creaci\u00f3n de centros de acogida para hu\u00e9rfanos. Bajo su liderazgo, se estableci\u00f3 la Oficina Central de Evaluaci\u00f3n y Asistencia a Refugiados (OCEAR).<\/p>\n<p>Despu\u00e9s de la Guerra Civil, Montseny fue exiliada y vivi\u00f3 en campos de refugiados en Francia, incluyendo el campo de concentraci\u00f3n de Gurs. A pesar de las adversidades, continu\u00f3 su lucha contra el r\u00e9gimen franquista, dirigiendo y escribiendo en revistas como L\u2019Espoir y CNT. Montseny regres\u00f3 a Espa\u00f1a tras la muerte de Franco, donde sigui\u00f3 ofreciendo conferencias y m\u00edtines hasta 1985, a\u00f1o en que falleci\u00f3 en Toulouse a los 88 a\u00f1os.<\/p>\n<p>Este sello dedicado a Federica Montseny se suma a una colecci\u00f3n que honra a mujeres destacadas en la historia espa\u00f1ola, como Clara Campoamor, Isabel Zendal, Almudena Grandes, y muchas otras.<\/p>\n<p>Dise\u00f1ados por la talentosa artista Isa Muguruza, estos sellos no solo celebran las contribuciones de estas mujeres, sino que tambi\u00e9n empoderan a trav\u00e9s del arte la figura femenina.<\/p>\n<p>El sello de Montseny ya est\u00e1 disponible en las oficinas de Correos, en <a href=\"https:\/\/www.market.correos.es\/product\/sello-federica-montseny\" rel=\"external noopener noreferrer\" data-wpel-link=\"external\">Correos Market, <\/a>contactando con el Servicio Filat\u00e9lico en el e-mail atcliente.filatelia@correos.com, o llamando al 915 197 197.<\/p>\n<p>Con esta iniciativa, se rinde homenaje a una figura pionera que desafi\u00f3 las normas de su \u00e9poca y cuyo legado perdura en la historia de Espa\u00f1a.<\/p>\n<div class=\"td-post-author-name\">\n<div class=\"td-author-by\">P<strong>or<\/strong><strong><a href=\"https:\/\/contrainformacion.es\/author\/luna-izquierdo\/\" data-wpel-link=\"internal\">Luna Izquierdo<\/a><\/strong><\/div>\n<\/div>\n<div>\u00a0<\/div>\n<div>\u00a0<\/div>\n<div>FOTO: https:\/\/elche.cnt.es\/2021\/03\/07\/federica-montseny-toma-la-palabra-en-el-dia-de-la-mujer-trabajadora\/<\/div>\n<div>\u00a0<\/div>\n<div class=\"td-post-author-name\">\n<div class=\"td-author-line\">\u00a0<\/div>\n<\/div>\n<blockquote class=\"wp-embedded-content\" data-secret=\"rYeodA6itQ\"><p><a href=\"https:\/\/contrainformacion.es\/el-reconocimiento-de-correos-a-la-primera-ministra-de-espana-federica-montseny-inmortalizada-en-un-sello\/\">El reconocimiento de Correos a la primera ministra de Espa\u00f1a: Federica Montseny inmortalizada en un sello<\/a><\/p><\/blockquote>\n<p><iframe loading=\"lazy\" class=\"wp-embedded-content\" sandbox=\"allow-scripts\" security=\"restricted\" style=\"position: absolute; visibility: hidden;\" title=\"\u00abEl reconocimiento de Correos a la primera ministra de Espa\u00f1a: Federica Montseny inmortalizada en un sello\u00bb \u2014 Contrainformaci\u00f3n\" src=\"https:\/\/contrainformacion.es\/el-reconocimiento-de-correos-a-la-primera-ministra-de-espana-federica-montseny-inmortalizada-en-un-sello\/embed\/#?secret=H81kCF3wuQ#?secret=rYeodA6itQ\" data-secret=\"rYeodA6itQ\" width=\"600\" height=\"338\" frameborder=\"0\" marginwidth=\"0\" marginheight=\"0\" scrolling=\"no\"><\/iframe><\/p>\n","protected":false},"excerpt":{"rendered":"<p>Su legado ha sido injustamente subestimado en la historia tradicionalmente dominada por perspectivas masculinas Correos,&#8230;<\/p>\n","protected":false},"author":1,"featured_media":64619,"comment_status":"closed","ping_status":"closed","sticky":false,"template":"","format":"standard","meta":{"_coblocks_attr":"","_coblocks_dimensions":"","_coblocks_responsive_height":"","_coblocks_accordion_ie_support":"","jetpack_post_was_ever_published":false,"_jetpack_newsletter_access":"","_jetpack_dont_email_post_to_subs":false,"_jetpack_newsletter_tier_id":0,"_jetpack_memberships_contains_paywalled_content":false,"_jetpack_memberships_contains_paid_content":false,"footnotes":"","jetpack_publicize_message":"","jetpack_publicize_feature_enabled":true,"jetpack_social_post_already_shared":true,"jetpack_social_options":{"image_generator_settings":{"template":"highway","default_image_id":0,"enabled":false},"version":2}},"categories":[14,7721,44],"tags":[],"class_list":["post-64618","post","type-post","status-publish","format-standard","has-post-thumbnail","hentry","category-feminismo","category-mujeres-que-cambiaron-la-historia","category-noticias-de-hoy"],"jetpack_publicize_connections":[],"jetpack_featured_media_url":"https:\/\/i0.wp.com\/miradordeatarfe.es\/wp-content\/uploads\/2023\/11\/federica-montseny-1.jpg?fit=1500%2C844&ssl=1","jetpack_likes_enabled":true,"jetpack_sharing_enabled":true,"_links":{"self":[{"href":"https:\/\/miradordeatarfe.es\/index.php?rest_route=\/wp\/v2\/posts\/64618","targetHints":{"allow":["GET"]}}],"collection":[{"href":"https:\/\/miradordeatarfe.es\/index.php?rest_route=\/wp\/v2\/posts"}],"about":[{"href":"https:\/\/miradordeatarfe.es\/index.php?rest_route=\/wp\/v2\/types\/post"}],"author":[{"embeddable":true,"href":"https:\/\/miradordeatarfe.es\/index.php?rest_route=\/wp\/v2\/users\/1"}],"replies":[{"embeddable":true,"href":"https:\/\/miradordeatarfe.es\/index.php?rest_route=%2Fwp%2Fv2%2Fcomments&post=64618"}],"version-history":[{"count":1,"href":"https:\/\/miradordeatarfe.es\/index.php?rest_route=\/wp\/v2\/posts\/64618\/revisions"}],"predecessor-version":[{"id":64620,"href":"https:\/\/miradordeatarfe.es\/index.php?rest_route=\/wp\/v2\/posts\/64618\/revisions\/64620"}],"wp:featuredmedia":[{"embeddable":true,"href":"https:\/\/miradordeatarfe.es\/index.php?rest_route=\/wp\/v2\/media\/64619"}],"wp:attachment":[{"href":"https:\/\/miradordeatarfe.es\/index.php?rest_route=%2Fwp%2Fv2%2Fmedia&parent=64618"}],"wp:term":[{"taxonomy":"category","embeddable":true,"href":"https:\/\/miradordeatarfe.es\/index.php?rest_route=%2Fwp%2Fv2%2Fcategories&post=64618"},{"taxonomy":"post_tag","embeddable":true,"href":"https:\/\/miradordeatarfe.es\/index.php?rest_route=%2Fwp%2Fv2%2Ftags&post=64618"}],"curies":[{"name":"wp","href":"https:\/\/api.w.org\/{rel}","templated":true}]}}