{"id":64636,"date":"2023-11-04T11:24:58","date_gmt":"2023-11-04T10:24:58","guid":{"rendered":"https:\/\/miradordeatarfe.es\/?p=64636"},"modified":"2024-06-02T12:19:03","modified_gmt":"2024-06-02T10:19:03","slug":"la-prostata-de-moyano-por-juan-de-dios-villanueva-roa","status":"publish","type":"post","link":"https:\/\/miradordeatarfe.es\/?p=64636","title":{"rendered":"\u00abLa pr\u00f3stata de Moyano\u00bb por Juan de Dios Villanueva Roa"},"content":{"rendered":"<h3 style=\"text-align: justify;\">A mi amigo Moyano le salieron los indicadores del PSA un poco altos hace cosa de unassemanas. Su m\u00e9dico le dijo que en unos meses le har\u00edan las pruebas necesarias en la sanidad p\u00fablica para detectar un posible c\u00e1ncer o sencillamente un sustillo de nada.<\/h3>\n<p style=\"text-align: justify;\">Moyano no estaba dispuesto a pasar un calvario mental hasta que le llegase la hora de las pruebas meses despu\u00e9s, por si le llegaba antes otra hora que por ahora no le interesa nada. Las flores que<br \/>\nechaban al vice consejero de la cosa sanitaria el otro d\u00eda en Granada no quer\u00eda Moyano que se las pusieran encima tan pronto, as\u00ed que cogi\u00f3 ni corto ni perezoso y se fue a la privada, donde<br \/>\npor 350 euros le hicieron las pruebas en un santiam\u00e9n y le liberaron el esp\u00edritu del desasosiego que lo ten\u00eda atenazado. Y a cantar otras historias, que dir\u00eda \u00e9l.<\/p>\n<p style=\"text-align: justify;\">Y as\u00ed nos va, no de ahora, pero que estamos y seguimos por debajo de la mitad de atenci\u00f3n en personal sanitario en esta atenci\u00f3n p\u00fablica. Y como la salud no es cosa que espere, que ya saben ustedes c\u00f3mo se las gastan en los cementerios dicho sea de paso, pues quien puede pag\u00e1rsela se va a la privada, que por otro lado cada vez tiene m\u00e1s tir\u00f3n, m\u00e1s adeptos y m\u00e1s ayudas de la administraci\u00f3n p\u00fablica en esta nuestra tierra andaluza.<\/p>\n<p style=\"text-align: justify;\">No vamos a echar las culpas a nadie, que ya habr\u00eda quien los defendiera, pero tontos, lo que es tontos del todo no somos todav\u00eda. Y cada d\u00eda est\u00e1 m\u00e1s claro, quien puede, se la paga, y quien no, a rezar mismamente para que las cosas sean\u00a0 benignas.<\/p>\n<p>foto: concentraci\u00f3n<\/p>\n","protected":false},"excerpt":{"rendered":"<p>A mi amigo Moyano le salieron los indicadores del PSA un poco altos hace cosa&#8230;<\/p>\n","protected":false},"author":1,"featured_media":64637,"comment_status":"closed","ping_status":"closed","sticky":false,"template":"","format":"standard","meta":{"_coblocks_attr":"","_coblocks_dimensions":"","_coblocks_responsive_height":"","_coblocks_accordion_ie_support":"","jetpack_post_was_ever_published":false,"_jetpack_newsletter_access":"","_jetpack_dont_email_post_to_subs":false,"_jetpack_newsletter_tier_id":0,"_jetpack_memberships_contains_paywalled_content":false,"_jetpack_memberships_contains_paid_content":false,"footnotes":"","jetpack_publicize_message":"","jetpack_publicize_feature_enabled":true,"jetpack_social_post_already_shared":true,"jetpack_social_options":{"image_generator_settings":{"template":"highway","default_image_id":0,"enabled":false},"version":2}},"categories":[9772,6937,10],"tags":[],"class_list":["post-64636","post","type-post","status-publish","format-standard","has-post-thumbnail","hentry","category-opinion-de-juan-de-dios-villanueva","category-sociedad","category-salud"],"jetpack_publicize_connections":[],"jetpack_featured_media_url":"https:\/\/i0.wp.com\/miradordeatarfe.es\/wp-content\/uploads\/2023\/11\/Imagen-de-WhatsApp-2023-10-24-a-las-22.49.17-2.jpg?fit=1125%2C974&ssl=1","jetpack_likes_enabled":true,"jetpack_sharing_enabled":true,"_links":{"self":[{"href":"https:\/\/miradordeatarfe.es\/index.php?rest_route=\/wp\/v2\/posts\/64636","targetHints":{"allow":["GET"]}}],"collection":[{"href":"https:\/\/miradordeatarfe.es\/index.php?rest_route=\/wp\/v2\/posts"}],"about":[{"href":"https:\/\/miradordeatarfe.es\/index.php?rest_route=\/wp\/v2\/types\/post"}],"author":[{"embeddable":true,"href":"https:\/\/miradordeatarfe.es\/index.php?rest_route=\/wp\/v2\/users\/1"}],"replies":[{"embeddable":true,"href":"https:\/\/miradordeatarfe.es\/index.php?rest_route=%2Fwp%2Fv2%2Fcomments&post=64636"}],"version-history":[{"count":2,"href":"https:\/\/miradordeatarfe.es\/index.php?rest_route=\/wp\/v2\/posts\/64636\/revisions"}],"predecessor-version":[{"id":64639,"href":"https:\/\/miradordeatarfe.es\/index.php?rest_route=\/wp\/v2\/posts\/64636\/revisions\/64639"}],"wp:featuredmedia":[{"embeddable":true,"href":"https:\/\/miradordeatarfe.es\/index.php?rest_route=\/wp\/v2\/media\/64637"}],"wp:attachment":[{"href":"https:\/\/miradordeatarfe.es\/index.php?rest_route=%2Fwp%2Fv2%2Fmedia&parent=64636"}],"wp:term":[{"taxonomy":"category","embeddable":true,"href":"https:\/\/miradordeatarfe.es\/index.php?rest_route=%2Fwp%2Fv2%2Fcategories&post=64636"},{"taxonomy":"post_tag","embeddable":true,"href":"https:\/\/miradordeatarfe.es\/index.php?rest_route=%2Fwp%2Fv2%2Ftags&post=64636"}],"curies":[{"name":"wp","href":"https:\/\/api.w.org\/{rel}","templated":true}]}}