{"id":64645,"date":"2023-11-06T11:11:27","date_gmt":"2023-11-06T10:11:27","guid":{"rendered":"https:\/\/miradordeatarfe.es\/?p=64645"},"modified":"2023-12-08T23:25:35","modified_gmt":"2023-12-08T22:25:35","slug":"el-mundo-paralelo-por-remedios-sanchez","status":"publish","type":"post","link":"https:\/\/miradordeatarfe.es\/?p=64645","title":{"rendered":"\u00abEL MUNDO PARALELO\u00bb por Remedios S\u00e1nchez"},"content":{"rendered":"<h3 style=\"text-align: justify;\">J\u00f3venes hastiados, cargados de ira, sin destino, agresivos, sin ilusiones reales, sin nada tangible a lo que asirse para so\u00f1ar su futuro. Eso es lo que hemos estado viendo frecuentemente en los peri\u00f3dicos y en los telediarios, pero como ocurr\u00eda en Norteam\u00e9rica no nos dimos por aludidos.<\/h3>\n<p style=\"text-align: justify;\">Pens\u00e1bamos que nos separaba un oc\u00e9ano inmenso y una idiosincrasia, un modo de ser que nos hac\u00eda distintos a los pandilleros de \u2018West Side Story\u2019, aquellos ni\u00f1atos de los \u2018jets\u2019 y los \u2018sharks\u2019 que se enfrentaban por controlar un barrio. Ya en aquel tiempo en Estados Unidos la trama argumental de confrontaci\u00f3n que acab\u00f3 en tragedia era una realidad y en ello han ido progresando. Los tiroteos y las brutales agresiones han atravesado esas aguas turbulentas y se han aposentado en Europa; valga el ejemplo de Belgrado, con sus nueve muertos (ocho ni\u00f1os y un vigilante) a manos de un compa\u00f1ero de 13 a\u00f1os en el colegio. Pero sucede que Belgrado, all\u00e1 en la fri\u00edsima Serbia, nos sigue quedando lejos y no acabamos de verlo como algo propio. Pero se acerca peligrosamente. Ahora, lo mismo tras los apu\u00f1alamientos de Jerez y la paliza bestial de Alhama tomamos conciencia de la dimensi\u00f3n del problema que nos ha alcanzado mientras mir\u00e1bamos para otro lado. \u00a0<\/p>\n<p style=\"text-align: justify;\">Tenemos una crisis grav\u00edsima de valores que hay que frenar porque, aunque los violentos sigan siendo una minor\u00eda, si no se ataja con contundencia desde la educaci\u00f3n aportando nuevas estrategias de especialistas (psic\u00f3logos, pedagogos, terapeutas, asistentes sociales) que den herramientas a familias, a docentes y a la ciudadan\u00eda para detener y reconducir estas situaciones, el descalabro est\u00e1 cantado. Convendr\u00eda no perder de vista que hay gente muy angustiada, incapaz de frenar a estos proto-energ\u00famenos que son sus hijos o sus alumnos, cr\u00edos descerebrados incapaces de distinguir el bien del mal, que se envalentonan ante la ineficacia de un sistema capaz de tolerar que se haya confundido libertad con furibundo libertinaje; el resultado es que algunos se han cre\u00eddo que viven en una serie de Netflix o en un videojuego, quieren experimentar y para eso juegan con las vidas ajenas. Como la de Fede, el chico jame\u00f1o que se recupera de los golpes en el hospital. \u00c9l es la punta del iceberg, ejemplo de una alarma general que en dos d\u00edas posiblemente ser\u00e1 pasado, pero que debiera empezar a ocuparnos m\u00e1s tiempo de reflexi\u00f3n porque esto no es un asunto de diferencias culturales ni de nivel socioecon\u00f3mico como pretenden vender los ultras. Un ni\u00f1o, o una ni\u00f1a, no es agresivo por nacer en una familia espa\u00f1ola o migrante, por crecer con padres adinerados o humildes trabajadores. Es el tedio existencial, las ganas de trascender l\u00edmites a ver qu\u00e9 pasa. Y luego pasa poca cosa.\u00a0Por lo tanto, como se preguntaba Benedetti, \u201c\u00bfqu\u00e9 les queda por probar a los j\u00f3venes\/ en este mundo de consumo y humo?\u201d \u00a0La frustraci\u00f3n es compartida viendo c\u00f3mo muchos chavales han perdido el sentido de lo real, de lo que implica ir conformando la propia identidad en paz con ellos mismos,\u00a0pero no se afronta desde la imprescindible unidad institucional, sino que es un arma pol\u00edtica arrojadiza m\u00e1s. \u00a0Ese es nuestro colosal error porque parece evidente que \u00fanicamente desde la lucidez para interpretar su caos emocional evitaremos el fracaso colectivo. Porque las respuestas actuales que damos como sociedad, lisa y llanamente, no funcionan.<\/p>\n<p style=\"text-align: justify;\">foto: ABC<\/p>\n","protected":false},"excerpt":{"rendered":"<p>J\u00f3venes hastiados, cargados de ira, sin destino, agresivos, sin ilusiones reales, sin nada tangible a&#8230;<\/p>\n","protected":false},"author":1,"featured_media":64646,"comment_status":"closed","ping_status":"closed","sticky":false,"template":"","format":"standard","meta":{"_coblocks_attr":"","_coblocks_dimensions":"","_coblocks_responsive_height":"","_coblocks_accordion_ie_support":"","jetpack_post_was_ever_published":false,"_jetpack_newsletter_access":"","_jetpack_dont_email_post_to_subs":false,"_jetpack_newsletter_tier_id":0,"_jetpack_memberships_contains_paywalled_content":false,"_jetpack_memberships_contains_paid_content":false,"footnotes":"","jetpack_publicize_message":"","jetpack_publicize_feature_enabled":true,"jetpack_social_post_already_shared":false,"jetpack_social_options":{"image_generator_settings":{"template":"highway","default_image_id":0,"enabled":false},"version":2}},"categories":[1161,44,6914,6937],"tags":[],"class_list":["post-64645","post","type-post","status-publish","format-standard","has-post-thumbnail","hentry","category-ciudadania","category-noticias-de-hoy","category-opinion-de-reme-sanchez","category-sociedad"],"jetpack_publicize_connections":[],"jetpack_featured_media_url":"https:\/\/i0.wp.com\/miradordeatarfe.es\/wp-content\/uploads\/2023\/11\/Fotolia_72377780_Subscription_Monthly_M-1190x800-1.jpg?fit=1190%2C800&ssl=1","jetpack_likes_enabled":true,"jetpack_sharing_enabled":true,"_links":{"self":[{"href":"https:\/\/miradordeatarfe.es\/index.php?rest_route=\/wp\/v2\/posts\/64645","targetHints":{"allow":["GET"]}}],"collection":[{"href":"https:\/\/miradordeatarfe.es\/index.php?rest_route=\/wp\/v2\/posts"}],"about":[{"href":"https:\/\/miradordeatarfe.es\/index.php?rest_route=\/wp\/v2\/types\/post"}],"author":[{"embeddable":true,"href":"https:\/\/miradordeatarfe.es\/index.php?rest_route=\/wp\/v2\/users\/1"}],"replies":[{"embeddable":true,"href":"https:\/\/miradordeatarfe.es\/index.php?rest_route=%2Fwp%2Fv2%2Fcomments&post=64645"}],"version-history":[{"count":1,"href":"https:\/\/miradordeatarfe.es\/index.php?rest_route=\/wp\/v2\/posts\/64645\/revisions"}],"predecessor-version":[{"id":64647,"href":"https:\/\/miradordeatarfe.es\/index.php?rest_route=\/wp\/v2\/posts\/64645\/revisions\/64647"}],"wp:featuredmedia":[{"embeddable":true,"href":"https:\/\/miradordeatarfe.es\/index.php?rest_route=\/wp\/v2\/media\/64646"}],"wp:attachment":[{"href":"https:\/\/miradordeatarfe.es\/index.php?rest_route=%2Fwp%2Fv2%2Fmedia&parent=64645"}],"wp:term":[{"taxonomy":"category","embeddable":true,"href":"https:\/\/miradordeatarfe.es\/index.php?rest_route=%2Fwp%2Fv2%2Fcategories&post=64645"},{"taxonomy":"post_tag","embeddable":true,"href":"https:\/\/miradordeatarfe.es\/index.php?rest_route=%2Fwp%2Fv2%2Ftags&post=64645"}],"curies":[{"name":"wp","href":"https:\/\/api.w.org\/{rel}","templated":true}]}}