{"id":64654,"date":"2023-11-06T08:49:20","date_gmt":"2023-11-06T07:49:20","guid":{"rendered":"https:\/\/miradordeatarfe.es\/?p=64654"},"modified":"2023-11-05T14:11:51","modified_gmt":"2023-11-05T13:11:51","slug":"la-revolucion-del-autoconsumo-hunde-la-demanda-de-electricidad-a-su-minimo-en-20-anos","status":"publish","type":"post","link":"https:\/\/miradordeatarfe.es\/?p=64654","title":{"rendered":"La revoluci\u00f3n del autoconsumo hunde la demanda de electricidad a su m\u00ednimo en 20 a\u00f1os"},"content":{"rendered":"<h3 style=\"text-align: justify;\">La demanda el\u00e9ctrica cae hasta mayo al nivel m\u00e1s bajo desde 2003; junto al autoconsumo, los expertos apuntan a menos consumo en algunas industrias, al ahorro energ\u00e9tico y a que la electrificaci\u00f3n no despega<\/h3>\n<p class=\"article-text\" style=\"text-align: justify;\">La demanda el\u00e9ctrica se est\u00e1 desplomando este a\u00f1o en Espa\u00f1a hasta el nivel m\u00e1s bajo en dos d\u00e9cadas. Con la econom\u00eda creciendo a buen ritmo, la ca\u00edda se explica principalmente, seg\u00fan los expertos, por <a class=\"link\" href=\"https:\/\/www.eldiario.es\/economia\/autoconsumo-desborda-expectativas-potencia-instalada-duplica-ano_1_9797727.html\" data-mrf-recirculation=\"links-noticia\" data-mrf-link=\"https:\/\/www.eldiario.es\/economia\/autoconsumo-desborda-expectativas-potencia-instalada-duplica-ano_1_9797727.html\">el crecimiento del autoconsumo<\/a> y, en menor medida, por el retroceso de la demanda de algunos sectores industriales, las medidas de ahorro energ\u00e9tico ante la guerra en Ucrania y una electrificaci\u00f3n que no despega.<\/p>\n<aside class=\"know-more know-more--with-image\">\n<p class=\"know-more__title\">Se buscan 50.000 empleados para instalar placas solares y hacer frente al despegue del autoconsumo<\/p>\n<p><a href=\"https:\/\/www.eldiario.es\/economia\/buscan-50-000-empleados-instalar-placas-solares-frente-despegue-autoconsumo_1_9285555.html\" data-mrf-recirculation=\"saber-mas\" data-mrf-link=\"https:\/\/www.eldiario.es\/economia\/buscan-50-000-empleados-instalar-placas-solares-frente-despegue-autoconsumo_1_9285555.html\"><picture class=\"know-more__img\"><source srcset=\"https:\/\/static.eldiario.es\/clip\/0cac1801-97ee-4339-acda-1f0f412ab79e_16-9-aspect-ratio_50p_0.webp\" type=\"image\/webp\" media=\"(max-width: 767px)\" \/><source srcset=\"https:\/\/static.eldiario.es\/clip\/0cac1801-97ee-4339-acda-1f0f412ab79e_16-9-aspect-ratio_50p_0.jpg\" type=\"image\/jpg\" media=\"(max-width: 767px)\" \/><source srcset=\"https:\/\/static.eldiario.es\/clip\/0cac1801-97ee-4339-acda-1f0f412ab79e_16-9-aspect-ratio_50p_0.webp\" type=\"image\/webp\" media=\"(min-width: 768px)\" \/><source srcset=\"https:\/\/static.eldiario.es\/clip\/0cac1801-97ee-4339-acda-1f0f412ab79e_16-9-aspect-ratio_50p_0.jpg\" type=\"image\/jpg\" media=\"(min-width: 768px)\" \/><source srcset=\"https:\/\/static.eldiario.es\/clip\/0cac1801-97ee-4339-acda-1f0f412ab79e_16-9-aspect-ratio_default_0.webp\" type=\"image\/webp\" \/><img data-recalc-dims=\"1\" decoding=\"async\" class=\"lazy entered loaded\" src=\"https:\/\/i0.wp.com\/static.eldiario.es\/clip\/0cac1801-97ee-4339-acda-1f0f412ab79e_16-9-aspect-ratio_default_0.jpg?w=640&#038;ssl=1\" alt=\"Se buscan 50.000 empleados para instalar placas solares y hacer frente al despegue del autoconsumo\" data-src=\"https:\/\/static.eldiario.es\/clip\/0cac1801-97ee-4339-acda-1f0f412ab79e_16-9-aspect-ratio_default_0.jpg\" data-ll-status=\"loaded\" \/> <\/picture> <\/a><\/aside>\n<p class=\"article-text\" style=\"text-align: justify;\">Seg\u00fan datos provisionales de Red El\u00e9ctrica de Espa\u00f1a (REE), hasta mayo la demanda en el sistema peninsular (\u00fanico en el que el hist\u00f3rico del operador del sistema abarca m\u00e1s all\u00e1 de 2011) se ha situado en 93.867 gigavatios hora (GWh), un 4,6% menos que en 2022. Es el nivel m\u00e1s bajo desde 2003, por debajo de los 95.754 GWh de los cinco primeros meses de 2020, en pleno confinamiento en la fase m\u00e1s aguda de la pandemia.<\/p>\n<figure class=\"embed-container embed-container--type-embed \" style=\"text-align: justify;\">\n<iframe id=\"datawrapper-chart-B1rBO\" title=\"El consumo el\u00e9ctrico cae a m\u00ednimos de 20 a\u00f1os\" src=\"https:\/\/datawrapper.dwcdn.net\/B1rBO\/1\/\" height=\"560\" frameborder=\"0\" scrolling=\"no\" aria-label=\"Interactive line chart\" data-external=\"1\" data-mce-fragment=\"1\"><\/iframe><\/figure>\n<p class=\"article-text\" style=\"text-align: justify;\">Fuentes del sector estiman que en mayo la ca\u00edda se ha situado, corrigiendo por laboralidad y temperatura, en el entorno del 6,7% interanual (8,8% sin ese ajuste) y en el 4,2% desde enero. Todos los expertos consultados apuntan a que gran parte se explica por el autoconsumo, tras un excepcional 2022.<\/p>\n<p class=\"article-text\" style=\"text-align: justify;\">El a\u00f1o pasado, seg\u00fan las estimaciones del sector, se instalaron en Espa\u00f1a m\u00e1s de 2 GW de solar fotovoltaica en autoconsumo. La potencia se duplic\u00f3, en un boom que probablemente no se repita este a\u00f1o, en un contexto de cierta normalizaci\u00f3n de los precios de la electricidad tras los r\u00e9cords del pasado ejercicio.\u00a0<\/p>\n<p class=\"article-text\" style=\"text-align: justify;\">La patronal APPA Renovables estima que 2022 acab\u00f3 con m\u00e1s de 375.000 plantas de autoconsumo dom\u00e9stico e industrial, de las que unas 240.000 se habr\u00edan puesto en marcha en 2022. Cifra que, con ser relevante, est\u00e1 lejos de los 3 millones de instalaciones de Alemania. APPA calcula que esas plantas estar\u00edan aportando en torno al 1,8% de la demanda en Espa\u00f1a. El sector estima que pueden suponer una producci\u00f3n del orden de 3 TWh\/a\u00f1o, sobre un consumo total de unos 250 TWh anuales.<\/p>\n<figure class=\"embed-container embed-container--type-embed \" style=\"text-align: justify;\">\n<iframe id=\"datawrapper-chart-jfmFx\" title=\"El autoconsumo se dispara en Espa\u00f1a\" src=\"https:\/\/datawrapper.dwcdn.net\/jfmFx\/1\/\" height=\"500\" frameborder=\"0\" scrolling=\"no\" aria-label=\"Gr\u00e1fico de columnas\" data-external=\"1\" data-mce-fragment=\"1\"><\/iframe><\/figure>\n<p class=\"article-text\" style=\"text-align: justify;\">\u201cPara m\u00ed el principal factor ha sido el autoconsumo\u201d, dice el consultor y responsable de Renovables de Menta Energ\u00eda, Francisco Valverde, para explicar la ca\u00edda. Este experto apunta tambi\u00e9n a unas temperaturas especialmente favorables como claves para este comportamiento de la demanda. En mayo \u201ccalor no ha hecho, ni fr\u00edo tampoco\u201d.<\/p>\n<p class=\"article-text\" style=\"text-align: justify;\">El expresidente de Red El\u00e9ctrica y exministro Luis Atienza apunta, adem\u00e1s de al autoconsumo, a otro factor \u201cm\u00e1s preocupante\u201d: cierta destrucci\u00f3n de demanda industrial como consecuencia de los disparatados precios de la energ\u00eda en 2022 y las medidas de ahorro impuestas por la UE, que \u201cno han salido gratis\u201d.\u00a0<\/p>\n<p class=\"article-text\" style=\"text-align: justify;\">El exministro apunta que determinar las causas requiere un an\u00e1lisis en profundidad. \u201cSer\u00eda positivo\u201d que se debiera a un aumento de la eficiencia energ\u00e9tica en los procesos productivos de la industria. Pero no descarta un desplazamiento de la producci\u00f3n a terceros pa\u00edses. Fuentes del Gobierno defienden que, de producirse, estar\u00eda afectando a actividades de menos valor a\u00f1adido.<\/p>\n<p class=\"article-text\" style=\"text-align: justify;\">El experto Francisco Valverde pone en duda esa ca\u00edda de la industria. \u201cSi te vas a los datos macro, ves que tenemos un crecimiento que no est\u00e1 mal\u201d. Y en los picos de precios de 2022 \u201calgunos electrointensivos s\u00ed cerraron\u201d, pero \u201csi el peso de la industria fuera muy gordo en ese decrecimiento lo habr\u00edamos visto en enero u octubre; no ahora\u201d.<\/p>\n<figure class=\"embed-container embed-container--type-embed \" style=\"text-align: justify;\">\n<iframe id=\"datawrapper-chart-E4wFZ\" title=\"La variaci\u00f3n trimestral del PIB en Espa\u00f1a\" src=\"https:\/\/datawrapper.dwcdn.net\/E4wFZ\/1\/\" height=\"600\" frameborder=\"0\" scrolling=\"no\" aria-label=\"Gr\u00e1fico de columnas\" data-external=\"1\" data-mce-fragment=\"1\"><\/iframe><\/figure>\n<p class=\"article-text\" style=\"text-align: justify;\">Red El\u00e9ctrica tiene un \u00edndice mensual (IRE) que analiza el consumo el\u00e9ctrico por sectores. Las mayores ca\u00eddas en el \u00faltimo publicado, de abril, son del 22,2% en el sector de metalurgia (fabricaci\u00f3n de productos de hierro, acero y ferroaleaciones), 13,5% en la industria papelera, 8,2% en alimentaci\u00f3n, 7% en la fabricaci\u00f3n de otros productos minerales no met\u00e1licos y 5,8% en la industria qu\u00edmica.<\/p>\n<p class=\"article-text\" style=\"text-align: justify;\">Fuentes del sector el\u00e9ctrico apuntan que \u201ctodos los sectores est\u00e1n d\u00e9biles\u201d, con ca\u00eddas \u201cen sectores electrointensivos como la siderurgia o de transformados met\u00e1licos por los elevados costes\u201d. Otros sectores industriales como papeleras y cauchos y pl\u00e1sticos tambi\u00e9n est\u00e1n teniendo importantes retrocesos.\u00a0En el sector dom\u00e9stico hay asimismo cierto \u201cahorro\u201d por la presi\u00f3n de los precios del \u00faltimo a\u00f1o.<\/p>\n<p class=\"article-text\" style=\"text-align: justify;\">Y est\u00e1n los servicios, que tuvieron un buen comportamiento en 2022. \u201cAqu\u00ed es m\u00e1s dif\u00edcil encontrar explicaci\u00f3n dado el buen comportamiento tur\u00edstico, pero la realidad es que est\u00e1 cayendo del orden del 3% acumulado\u201d respecto a 2023, apuntan esas fuentes, que conf\u00edan en que con la normalizaci\u00f3n de precios \u201cse vaya recuperando demanda poco a poco. Tambi\u00e9n el autoconsumo deber\u00eda racionalizarse\u201d.<\/p>\n<p class=\"article-text\" style=\"text-align: justify;\">Este mi\u00e9rcoles, la Asociaci\u00f3n de Empresas con Gran Consumo de Energ\u00eda (AEGE) reiteraba que, pese a que el mercado mayorista el\u00e9ctrico espa\u00f1ol es ahora m\u00e1s barato que los de Francia o Alemania, la gran industria de esos dos pa\u00edses \u201ccompra su electricidad con contratos m\u00e1s competitivos que el precio de sus mercados el\u00e9ctricos. As\u00ed, en Francia disfrutan de la tarifa ARENH, a 42 \u20ac\/MWh\u201d.\u00a0<\/p>\n<p class=\"article-text\" style=\"text-align: justify;\">AEGE estima un precio a fin de a\u00f1o en Espa\u00f1a de 100,46 \u20ac\/MWh, que asegura que es 44,77 \u20ac\/MWh m\u00e1s que el precio franc\u00e9s. Seg\u00fan la gran industria, considerando la evoluci\u00f3n del mercado diario en 2023 y las cotizaciones de los precios futuros hasta fin de a\u00f1o, el precio medio estimado del mercado el\u00e9ctrico espa\u00f1ol es de 89,95 \u20ac\/MWh, un 46,2% menor que el de 2022, un 10,5% m\u00e1s barato que el del mercado alem\u00e1n y un 25,2% m\u00e1s barato que el mercado franc\u00e9s.<\/p>\n<h3 class=\"article-text\" style=\"text-align: justify;\">Preocupaci\u00f3n<\/h3>\n<p class=\"article-text\" style=\"text-align: justify;\">El dato de consumo de REE hasta mayo es un guarismo en bruto, sin corregir factores de calendario (poco relevante este a\u00f1o, apunta Atienza) y temperaturas, con m\u00e1s impacto, en un a\u00f1o m\u00e1s c\u00e1lido de lo normal. Pero ilustra la tendencia de los \u00faltimos meses, que ha puesto en alerta a algunos directivos del sector.<\/p>\n<p class=\"article-text\" style=\"text-align: justify;\">El director general de la Asociaci\u00f3n de Energ\u00edas Renovables APPA, Jos\u00e9 Mar\u00eda Gonz\u00e1lez Moya, calificaba hace unos d\u00edas el desplome del consumo de \u201cdesastroso\u201d, lamentaba el lento despegue del veh\u00edculo el\u00e9ctrico y las bombas de calor en Espa\u00f1a y advert\u00eda de que Espa\u00f1a est\u00e1 \u201cfallando de forma estrepitosa\u201d a la hora de atraer consumos de energ\u00eda f\u00f3sil a la electricidad.\u00a0<\/p>\n<p class=\"article-text\" style=\"text-align: justify;\">\u201cEstamos teniendo m\u00e1s \u00e9xito en el desarrollo de la oferta renovable que en la electrificaci\u00f3n\u201d, resume Luis Atienza, que recuerda que el proceso de transici\u00f3n energ\u00e9tica se basa en tres patas: eficiencia, descarbonizaci\u00f3n del sistema el\u00e9ctrico con el desarrollo de grandes plantas de renovables y del autoconsumo y electrificaci\u00f3n de consumos que hasta ahora eran f\u00f3siles.<\/p>\n<p class=\"article-text\" style=\"text-align: justify;\">En este \u00faltimo \u00e1mbito \u201cno estamos avanzando\u201d, subraya el exministro, que apunta a una electrificaci\u00f3n del transporte \u201cm\u00e1s lenta de lo esperado\u201d. Francisco Valverde coincide: \u201cDonde vamos mal es en electrificaci\u00f3n. Tenemos a Portugal al lado y nos da mil vueltas con el coche el\u00e9ctrico\u201d. Y en climatizaci\u00f3n, con la eliminaci\u00f3n de calderas de gasoil y gas y su sustituci\u00f3n por bombas de calor, \u201ctampoco vamos bien. Son dos patas que tendr\u00edamos que potenciar porque suponen mucha energ\u00eda primaria\u201d.<\/p>\n<p class=\"article-text\" style=\"text-align: justify;\">La semana pasada, la patronal de automoci\u00f3n Anfac insist\u00eda en que \u201cEspa\u00f1a se mantiene en la cola del desarrollo de electromovilidad y se ampl\u00eda la brecha con Europa\u201d, con una red de algo m\u00e1s de 20.000 puntos de recarga, frente a los 45.000 que preve\u00eda el Plan Nacional Integrado de Energ\u00eda y Clima (PNIEC) para 2022, cuya revisi\u00f3n el Gobierno va a tener que mandar a Bruselas en v\u00edsperas de las elecciones generales del pr\u00f3ximo 23 de julio. La actualizaci\u00f3n incluir\u00e1 una revisi\u00f3n al alza de los objetivos de autoconsumo.<\/p>\n<p class=\"article-text\" style=\"text-align: justify;\">Gonz\u00e1lez Moya subray\u00f3 hace unos d\u00edas que el vigente PNIEC preve\u00eda un descenso del consumo de energ\u00eda final superior al 20% y un incremento de la electricidad de casi el 11%. \u201cEso no lo estamos viendo. La demanda de combustibles f\u00f3siles se est\u00e1 manteniendo, si no aumentando, y el problema es que la de electricidad est\u00e1 descendiendo y de forma preocupante\u201d. En el \u00faltimo Congreso de Autoconsumo de APPA, el directivo de la patronal de renovables abund\u00f3 en esa idea y se\u00f1al\u00f3 que es \u201curgent\u00edsimo\u201d contar con almacenamiento e incentivar la electrificaci\u00f3n. \u201cNo tiene sentido seguir instalando cosas si la demanda no va\u201d.\u00a0<\/p>\n<h3 class=\"article-text\" style=\"text-align: justify;\">Exceso de capacidad<\/h3>\n<p class=\"article-text\" style=\"text-align: justify;\">De fondo se adivina el temor del sector renovable a un exceso de capacidad de potencia verde, especialmente en las horas con m\u00e1s sol, cuando la demanda no termina de tirar. Esto propicia precios cercanos a cero gracias a la fotovoltaica, lo que se conoce como canibalizaci\u00f3n de precios, que no favorece la inversi\u00f3n.<\/p>\n<p class=\"article-text\" style=\"text-align: justify;\">Y est\u00e1 la cuesti\u00f3n de c\u00f3mo incentivar el almacenamiento a gran escala. Atienza aboga por alg\u00fan tipo de complemento econ\u00f3mico o \u201cun pago por capacidad flexible\u201d, en especial para incentivar el despliegue de las centrales de bombeo, con largos plazos de construcci\u00f3n.<\/p>\n<p class=\"article-text\" style=\"text-align: justify;\">La comparaci\u00f3n con la vecina Portugal, mucho m\u00e1s avanzada que Espa\u00f1a en la penetraci\u00f3n del veh\u00edculo el\u00e9ctrico, ilustra la diferencia. Hasta abril, \u00faltimo dato oficial corregido de calendario y temperaturas publicado por REE, la demanda nacional de electricidad cay\u00f3 en Espa\u00f1a un 4,2% respecto a 2022, frente al aumento del 5,5% registrado en Portugal, seg\u00fan datos de REN.\u00a0En tasa interanual, el PIB luso creci\u00f3 en el primer trimestre de 2023 un 2,5%, muy por debajo del 3,8% de Espa\u00f1a, seg\u00fan Eurostat.<\/p>\n<p class=\"article-text\" style=\"text-align: justify;\">Y mientras el coche el\u00e9ctrico no despega en Espa\u00f1a, desde algunos sectores se llama la atenci\u00f3n sobre la necesidad de contar con datos fiables y en tiempo real sobre el despliegue del autoconsumo, dado que no hay un registro oficial con informaci\u00f3n actualizada. En palabras de Gonz\u00e1lez Moya, \u201cno es razonable que seamos las empresas\u201d las que, a trav\u00e9s de sus patronales, estimen cu\u00e1nta potencia hay instalada, y \u201cno deber\u00eda ser tan dif\u00edcil tener datos oficiales\u201d a trav\u00e9s de los diferentes registros de las comunidades aut\u00f3nomas.<\/p>\n<p class=\"article-text\" style=\"text-align: justify;\">Como dijo hace unos d\u00edas Ricardo Bajo, director de Medidas y Liquidaci\u00f3n de REE, actualmente el operador del sistema no tiene datos sobre las plantas de autoconsumo con una potencia inferior a 1 megavatio, una informaci\u00f3n con la que esperan contar el a\u00f1o que viene gracias a la nueva regulaci\u00f3n que ha aprobado el Ministerio para la Transici\u00f3n Ecol\u00f3gica <a class=\"link\" href=\"https:\/\/www.eldiario.es\/economia\/gobierno-exigira-electricas-datos-evolucion-autoconsumo-boom-instalaciones_1_9843162.html\" data-mrf-recirculation=\"links-noticia\" data-mrf-link=\"https:\/\/www.eldiario.es\/economia\/gobierno-exigira-electricas-datos-evolucion-autoconsumo-boom-instalaciones_1_9843162.html\">para que las el\u00e9ctricas remitan informaci\u00f3n cada trimestre a REE<\/a>.<\/p>\n<p class=\"article-text\" style=\"text-align: justify;\">Seg\u00fan Bajo, hablamos de \u201cmiles de MW\u201d que est\u00e1n fuera del radar de REE, y la \u201cfalta de observabilidad\u201d sobre las instalaciones que se est\u00e1n desplegando \u201cpuede poner en riesgo la estabilidad del sistema\u201d porque \u201clas cifras que dan los operadores del sector est\u00e1n muy por delante de las que estamos viendo en REE\u201d.\u00a0<\/p>\n<p class=\"article-text\" style=\"text-align: justify;\">REE propone que la normativa imponga exigencias de capacidad de soportar huecos de tensi\u00f3n a las plantas de autoconsumo m\u00e1s peque\u00f1as, actualmente exentas, ya que \u201cun despliegue masivo\u201d puede \u201cponer en riesgo la seguridad de suministro y reducir la capacidad de acceso para alojar otras renovables debido a las desconexiones masivas de generaci\u00f3n ante perturbaciones en la red\u201d. Seg\u00fan Bajo, \u201clo que no queremos es que un problema de un cortocircuito en la red nos afecte a una gran zona\u201d y suponga la \u201cdesconexi\u00f3n inmediata de cientos de MW\u201d<\/p>\n<p style=\"text-align: justify;\"><a href=\"https:\/\/www.eldiario.es\/autores\/antonio_m_velez\/\" data-mrf-link=\"https:\/\/www.eldiario.es\/autores\/antonio_m_velez\/\"><strong>Antonio M. V\u00e9lez<\/strong><\/a><\/p>\n<div class=\"second-col\">\n<figure class=\"ni-figure\"><figcaption class=\"image-footer\"><span class=\"title\">FOTO: Instalaci\u00f3n de placas de autoconsumo. <span class=\"author\"> elDiarioex<\/span> <\/span><\/figcaption><\/figure>\n<\/div>\n<footer class=\"news-info  has-button-follow\" data-mrf-recirculation=\"firma\">\n<div class=\"info-wrapper\">\n<p>https:\/\/www.eldiario.es\/economia\/revolucion-autoconsumo-hunde-demanda-electricidad-minimo-20-anos_1_10256412.html<\/p>\n<\/div>\n<\/footer>\n","protected":false},"excerpt":{"rendered":"<p>La demanda el\u00e9ctrica cae hasta mayo al nivel m\u00e1s bajo desde 2003; junto al autoconsumo,&#8230;<\/p>\n","protected":false},"author":1,"featured_media":64655,"comment_status":"closed","ping_status":"closed","sticky":false,"template":"","format":"standard","meta":{"_coblocks_attr":"","_coblocks_dimensions":"","_coblocks_responsive_height":"","_coblocks_accordion_ie_support":"","jetpack_post_was_ever_published":false,"_jetpack_newsletter_access":"","_jetpack_dont_email_post_to_subs":false,"_jetpack_newsletter_tier_id":0,"_jetpack_memberships_contains_paywalled_content":false,"_jetpack_memberships_contains_paid_content":false,"footnotes":"","jetpack_publicize_message":"","jetpack_publicize_feature_enabled":true,"jetpack_social_post_already_shared":true,"jetpack_social_options":{"image_generator_settings":{"template":"highway","default_image_id":0,"enabled":false},"version":2}},"categories":[7725,1161,44],"tags":[],"class_list":["post-64654","post","type-post","status-publish","format-standard","has-post-thumbnail","hentry","category-atarfe-sostenible","category-ciudadania","category-noticias-de-hoy"],"jetpack_publicize_connections":[],"jetpack_featured_media_url":"https:\/\/i0.wp.com\/miradordeatarfe.es\/wp-content\/uploads\/2023\/11\/bac86811-626e-48b0-ad03-9ab54582b2e0_16-9-discover-aspect-ratio_default_0.webp?fit=1200%2C675&ssl=1","jetpack_likes_enabled":true,"jetpack_sharing_enabled":true,"_links":{"self":[{"href":"https:\/\/miradordeatarfe.es\/index.php?rest_route=\/wp\/v2\/posts\/64654","targetHints":{"allow":["GET"]}}],"collection":[{"href":"https:\/\/miradordeatarfe.es\/index.php?rest_route=\/wp\/v2\/posts"}],"about":[{"href":"https:\/\/miradordeatarfe.es\/index.php?rest_route=\/wp\/v2\/types\/post"}],"author":[{"embeddable":true,"href":"https:\/\/miradordeatarfe.es\/index.php?rest_route=\/wp\/v2\/users\/1"}],"replies":[{"embeddable":true,"href":"https:\/\/miradordeatarfe.es\/index.php?rest_route=%2Fwp%2Fv2%2Fcomments&post=64654"}],"version-history":[{"count":2,"href":"https:\/\/miradordeatarfe.es\/index.php?rest_route=\/wp\/v2\/posts\/64654\/revisions"}],"predecessor-version":[{"id":64657,"href":"https:\/\/miradordeatarfe.es\/index.php?rest_route=\/wp\/v2\/posts\/64654\/revisions\/64657"}],"wp:featuredmedia":[{"embeddable":true,"href":"https:\/\/miradordeatarfe.es\/index.php?rest_route=\/wp\/v2\/media\/64655"}],"wp:attachment":[{"href":"https:\/\/miradordeatarfe.es\/index.php?rest_route=%2Fwp%2Fv2%2Fmedia&parent=64654"}],"wp:term":[{"taxonomy":"category","embeddable":true,"href":"https:\/\/miradordeatarfe.es\/index.php?rest_route=%2Fwp%2Fv2%2Fcategories&post=64654"},{"taxonomy":"post_tag","embeddable":true,"href":"https:\/\/miradordeatarfe.es\/index.php?rest_route=%2Fwp%2Fv2%2Ftags&post=64654"}],"curies":[{"name":"wp","href":"https:\/\/api.w.org\/{rel}","templated":true}]}}