{"id":64734,"date":"2023-11-11T09:54:20","date_gmt":"2023-11-11T08:54:20","guid":{"rendered":"https:\/\/miradordeatarfe.es\/?p=64734"},"modified":"2023-11-09T16:03:49","modified_gmt":"2023-11-09T15:03:49","slug":"la-jubilacion-de-la-generacion-del-baby-boom-pone-a-prueba-el-relevo-en-la-ganaderia","status":"publish","type":"post","link":"https:\/\/miradordeatarfe.es\/?p=64734","title":{"rendered":"La jubilaci\u00f3n de la generaci\u00f3n del &#8216;baby boom&#8217; pone a prueba el relevo en la ganader\u00eda"},"content":{"rendered":"<h3 style=\"text-align: justify;\">M\u00e1s de la mitad de los ganaderos est\u00e1n o estar\u00e1n en edad de retirarse durante esta d\u00e9cada, seg\u00fan un estudio de COAG. Los m\u00e1s j\u00f3venes reclaman mejores servicios en el rural y ser escuchados en las mesas de negociaci\u00f3n.<\/h3>\n<p style=\"text-align: justify;\">El mismo d\u00eda que <a href=\"https:\/\/cadenaser.com\/tag\/coag_coordinadora_agricultores_ganaderos\/a\/\" target=\"_blank\" rel=\"noopener\">COAG<\/a> celebraba una jornada sobre los retos a los que enfrenta la ganader\u00eda, la integrante m\u00e1s joven de su ejecutiva estatal, \u00c1ngeles Santos, cumpl\u00eda 39 a\u00f1os. Ella y sus dos hermanos se formaron fuera de su pueblo y despu\u00e9s volvieron y se incorporaron a la granja de sus padres, en Arribes del Duero (Zamora). Son \u201cun ejemplo de relevo generacional\u201d, dice orgullosa.<\/p>\n<p style=\"text-align: justify;\">Seg\u00fan los datos que se debatieron en esa jornada, m\u00e1s de la mitad de los titulares de una explotaci\u00f3n <a href=\"https:\/\/cadenaser.com\/tag\/ganaderia\/a\/\" target=\"_blank\" rel=\"noopener\">ganadera<\/a> en Espa\u00f1a (el 56%) est\u00e1n o van a entrar en edad de jubilarse durante esta d\u00e9cada. Para la organizaci\u00f3n, el reto es conseguir reemplazar a los cerca de 95.000 ganaderos de la generaci\u00f3n del &#8216;baby boom&#8217; que se retirar\u00e1n de aqu\u00ed a 2030. Y considera que el ritmo de incorporaci\u00f3n actual es insuficiente. Seg\u00fan cita, un informe del Tribunal de Cuentas sit\u00faa a Espa\u00f1a en el puesto 19 de 27 pa\u00edses europeos en ritmo de entrada de j\u00f3venes al sector agroganadero.<\/p>\n<p style=\"text-align: justify;\">\u201cNo solo estamos manteniendo el paisaje, la cultura, estamos manteniendo esos pueblos que se estaban <a href=\"https:\/\/cadenaser.com\/tag\/despoblacion\/a\/\" target=\"_blank\" rel=\"noopener\">despoblando<\/a> de otra manera. Queremos que haya pol\u00edticas p\u00fablicas: sanidad, educaci\u00f3n, transportes, telecomunicaciones&#8230;\u201d, explica Santos. Necesidades que comparten el resto de actividades econ\u00f3micas en el rural. \u00bfCu\u00e1les son las espec\u00edficas para la ganader\u00eda? \u201cUnos precios justos de nuestros productos, una revalorizaci\u00f3n de nuestra imagen como ganaderos y que tengamos un incentivo fiscal para seguir viviendo y produciendo en el medio rural\u201d, se\u00f1ala.<\/p>\n<p style=\"text-align: justify;\">El 65% de los ganaderos menores de 44 a\u00f1os se dedican a la cr\u00eda de vacuno de carne y ovino-caprino. En el caso de las granjas de cerdos, conejos y aves, los propietarios <a href=\"https:\/\/cadenaser.com\/tag\/jovenes\/a\/\" target=\"_blank\" rel=\"noopener\">j\u00f3venes<\/a> no superan el 10% del total. Y en su mayor\u00eda dirigen explotaciones peque\u00f1as: el 77% de los ganaderos j\u00f3venes llevan granjas inferiores a las 100 unidades ganaderas (UG).<\/p>\n<p style=\"text-align: justify;\">Uno de ellos es Luis P\u00e9rez. Tiene 32 a\u00f1os y es ganadero de ovino y quesero en Escobedo de Camargo, en Cantabria. \u201cLos j\u00f3venes necesitan estar en esas mesas de negociaci\u00f3n donde realmente se sepa lo que necesitamos. Y donde al joven que se incorpora se le ponga alfombra roja y bandeja de plata\u201d, afirma. En su opini\u00f3n, hay que \u201cdarle una vuelta\u201d entre los ganaderos m\u00e1s veteranos y los m\u00e1s nuevos para \u201chacer del campo algo atractivo para los j\u00f3venes\u201d. \u201cPorque solamente con los hijos de los ganaderos y ganaderas no llegamos a ese relevo\u201d, dice P\u00e9rez, responsable de Juventudes de COAG.<\/p>\n<p style=\"text-align: justify;\">De los datos presentados tambi\u00e9n se desprende otro reto: el de la incorporaci\u00f3n de la <a href=\"https:\/\/cadenaser.com\/tag\/mujeres\/a\/\" target=\"_blank\" rel=\"noopener\">mujer<\/a> al sector ganadero. El 70% de los jefes de explotaci\u00f3n son hombres. Solo el 30% mujeres.<\/p>\n<p style=\"text-align: justify;\"><a class=\"au-wb\" title=\"Carlos Sevilla\" href=\"https:\/\/cadenaser.com\/autor\/carlos_sevilla_peris\/a\/\">Carlos Sevilla<\/a><a class=\"au-tw\" href=\"https:\/\/twitter.com\/csevillap\" target=\"_blank\" rel=\"noopener noreferrer\">csevillap<\/a><\/p>\n<figure style=\"text-align: justify;\"><figcaption class=\"fc\">\n<p>FOTO: El ritmo de incorporaci\u00f3n de j\u00f3venes al sector es \u00abinsuficiente\u00bb, seg\u00fan las organizaciones<\/p>\n<\/figcaption><\/figure>\n<div id=\"#cwv-noticia-1\" style=\"text-align: justify;\">https:\/\/cadenaser.com\/nacional\/2023\/11\/04\/la-jubilacion-de-la-generacion-del-baby-boom-pone-a-prueba-el-relevo-en-la-ganaderia-cadena-ser\/<\/div>\n<div class=\"cnt-byline\">\n<div>\n<p>&nbsp;<\/p>\n<\/div>\n<\/div>\n","protected":false},"excerpt":{"rendered":"<p>M\u00e1s de la mitad de los ganaderos est\u00e1n o estar\u00e1n en edad de retirarse durante&#8230;<\/p>\n","protected":false},"author":1,"featured_media":64735,"comment_status":"closed","ping_status":"closed","sticky":false,"template":"","format":"standard","meta":{"_coblocks_attr":"","_coblocks_dimensions":"","_coblocks_responsive_height":"","_coblocks_accordion_ie_support":"","jetpack_post_was_ever_published":false,"_jetpack_newsletter_access":"","_jetpack_dont_email_post_to_subs":false,"_jetpack_newsletter_tier_id":0,"_jetpack_memberships_contains_paywalled_content":false,"_jetpack_memberships_contains_paid_content":false,"footnotes":"","jetpack_publicize_message":"","jetpack_publicize_feature_enabled":true,"jetpack_social_post_already_shared":true,"jetpack_social_options":{"image_generator_settings":{"template":"highway","default_image_id":0,"enabled":false},"version":2}},"categories":[44,6937],"tags":[],"class_list":["post-64734","post","type-post","status-publish","format-standard","has-post-thumbnail","hentry","category-noticias-de-hoy","category-sociedad"],"jetpack_publicize_connections":[],"jetpack_featured_media_url":"https:\/\/i0.wp.com\/miradordeatarfe.es\/wp-content\/uploads\/2023\/11\/Screenshot-2023-11-07-at-16-55-00-La-jubilacion-de-la-generacion-del-baby-boom-pone-a-prueba-el-relevo-en-la-ganaderia.png?fit=424%2C287&ssl=1","jetpack_likes_enabled":true,"jetpack_sharing_enabled":true,"_links":{"self":[{"href":"https:\/\/miradordeatarfe.es\/index.php?rest_route=\/wp\/v2\/posts\/64734","targetHints":{"allow":["GET"]}}],"collection":[{"href":"https:\/\/miradordeatarfe.es\/index.php?rest_route=\/wp\/v2\/posts"}],"about":[{"href":"https:\/\/miradordeatarfe.es\/index.php?rest_route=\/wp\/v2\/types\/post"}],"author":[{"embeddable":true,"href":"https:\/\/miradordeatarfe.es\/index.php?rest_route=\/wp\/v2\/users\/1"}],"replies":[{"embeddable":true,"href":"https:\/\/miradordeatarfe.es\/index.php?rest_route=%2Fwp%2Fv2%2Fcomments&post=64734"}],"version-history":[{"count":1,"href":"https:\/\/miradordeatarfe.es\/index.php?rest_route=\/wp\/v2\/posts\/64734\/revisions"}],"predecessor-version":[{"id":64736,"href":"https:\/\/miradordeatarfe.es\/index.php?rest_route=\/wp\/v2\/posts\/64734\/revisions\/64736"}],"wp:featuredmedia":[{"embeddable":true,"href":"https:\/\/miradordeatarfe.es\/index.php?rest_route=\/wp\/v2\/media\/64735"}],"wp:attachment":[{"href":"https:\/\/miradordeatarfe.es\/index.php?rest_route=%2Fwp%2Fv2%2Fmedia&parent=64734"}],"wp:term":[{"taxonomy":"category","embeddable":true,"href":"https:\/\/miradordeatarfe.es\/index.php?rest_route=%2Fwp%2Fv2%2Fcategories&post=64734"},{"taxonomy":"post_tag","embeddable":true,"href":"https:\/\/miradordeatarfe.es\/index.php?rest_route=%2Fwp%2Fv2%2Ftags&post=64734"}],"curies":[{"name":"wp","href":"https:\/\/api.w.org\/{rel}","templated":true}]}}