{"id":64747,"date":"2023-11-11T10:00:16","date_gmt":"2023-11-11T09:00:16","guid":{"rendered":"https:\/\/miradordeatarfe.es\/?p=64747"},"modified":"2023-11-10T19:20:10","modified_gmt":"2023-11-10T18:20:10","slug":"pueblos-de-granada-pobres-de-pedir-por-agustin-martinez","status":"publish","type":"post","link":"https:\/\/miradordeatarfe.es\/?p=64747","title":{"rendered":"\u00abPueblos de Granada: pobres de pedir\u00bb por Agust\u00edn Mart\u00ednez"},"content":{"rendered":"<h3>En pleno siglo XXI y viviendo en un supuesto Estado de bienestar, no podemos aceptar situaciones como estas de la pobreza.<\/h3>\n<p style=\"text-align: justify;\">En mi lejana infancia los pobres se catalogaban por categor\u00edas. Mi abuela rezaba por los pobres que recorr\u00edan los caminos, para que sus plegarias los protegieran de la lluvia y del fr\u00edo, como si, quiz\u00e1s tuviera raz\u00f3n, fuera siempre invierno. Eran los pobres de pedir, los que demandaban limosnas en las calles y en las plazas. Y en aquel pa\u00eds en blanco y negro, lleno de escaseces y miserias, acud\u00edan a casa de mis abuelos los pobres de los viernes, personas que no eran mendicantes pero no rechazaban un litro de aceite o de leche, un paquete de az\u00facar o arroz. Eran pobres de solemnidad que no evitaban un comportamiento que evidenciara su tremenda dignidad.<\/p>\n<p style=\"text-align: justify;\">Pues con unas cuentas d\u00e9cadas m\u00e1s y cambiando el pobre individual, por el municipal como sujeto de la pobreza, el Instituto Nacional de Estad\u00edstica nos ha dado una hostia de esas de las que es dif\u00edcil recuperarse. And\u00e1bamos en Granada encantados de conocernos con nuestras cumbres europeas, nuestra inteligencia artificial, nuestro acelerador de part\u00edculas, con la universidad top y un turismo imparable y con eso de que somos la ciudad de la innovaci\u00f3n, la tecnolog\u00eda, la m\u00fasica, la patria de Lorca y la de Manuel de Falla, etc, etc, cuando los bolivarianos del INE, nos han puesto frente al espejo y nos han bajado del guindo. Resulta que nueve de los treinta municipios m\u00e1s pobres de Espa\u00f1a, son granadinos, entre ellos dos de los tres m\u00e1s pobres. Semejante ranking sonrojar\u00eda a Fray Leopoldo de Alpandeire y le obligar\u00eda a hacer m\u00e1s horas extras que un reloj, pero no parece inmutar a Juanma Moreno, en cuyo territorio se produce semejante escarnio.<\/p>\n<p style=\"text-align: justify;\">Seg\u00fan los datos del Atlas de Distribuci\u00f3n de Renta de los Hogares dado a conocer el pasado lunes, el pueblo espa\u00f1ol con menor renta disponible es el sevillano Palmar de Troya, con 7.299 euros por habitante. A continuaci\u00f3n aparecen dos municipios granadinos: Albu\u00f1ol (7.371 euros) e Iznalloz (7.540 euros). Pero es que a rengl\u00f3n seguido figuran otros 27 de todo el pa\u00eds, entre los que hay otros siete de nuestra provincia. Son, por orden inverso a su riqueza disponible: Gualchos, Fuente Vaqueros, Zafarraya, Deifontes, Montej\u00edcar, Ugijar y Pinos Puente. En la lista aparecen, adem\u00e1s, otros 14 municipios del resto de Andaluc\u00eda.<\/p>\n<p style=\"text-align: justify;\">Parad\u00f3jicamente, la ciudad de Granada es la capital andaluza con m\u00e1s renta disponible, con una renta medida per capita de 14.035 euros. Le siguen, seg\u00fan el INE, C\u00e1diz (13.608), Ja\u00e9n 13.148, Sevilla (13.085), C\u00f3rdoba (12.448), M\u00e1laga (11.902), Huelva (11.791) y Almer\u00eda (11.789). Me barrunto que miles de granadinos capitalinos estar\u00e1n buscando debajo de las piedras donde est\u00e1n sus 14.000 euros anuales, m\u00e1s que nada porque, seg\u00fan el mismo estudio, algunos de sus barios apenas si llegan a los 4.600 euros.<\/p>\n<p style=\"text-align: justify;\">Semejante panorama har\u00eda saltar todas las alarmas en cualquier administraci\u00f3n con la m\u00e1s elemental verg\u00fcenza torera, pero lamentablemente eso ni ha ocurrido, ni ocurre y mucho me temo que tampoco ocurrir\u00e1 en Granada. Dicen los sesudos analistas que estos datos no deber\u00edan sorprendernos, porque reflejan una situaci\u00f3n que viene desde hace mucho tiempo y eso es cierto, lo que no solo no es justificaci\u00f3n, sino un agravante, por ser incapaces de evitar que las zonas m\u00e1s pobres de nuestra provincia lo sigan siendo \u00abper s\u00e9cula secul\u00f3rum\u00bb.<\/p>\n<p style=\"text-align: justify;\">\u00bfSaben ustedes la \u00abreacci\u00f3n\u00bb de la Diputaci\u00f3n provincial ante semejante verg\u00fcenza? Pues ni m\u00e1s ni menos que incluir a las ciudades de Granada y Motril, entre las beneficiarias del reparto de remanentes de la instituci\u00f3n que supuestamente debe prestar ayuda a los municipios m\u00e1s peque\u00f1os y desfavorecidos de la provincia \u00a1Con un par!<\/p>\n<p style=\"text-align: justify;\">Los Estados modernos suelen tener Gobiernos que impiden que la pobreza se convierta en pandemia, que los ciudadanos se instalen en la exclusi\u00f3n, existiendo mecanismos de protecci\u00f3n social de los que no debemos abdicar, aunque la pobreza amenace con extenderse imparable. Pues bien, o el nuestro no es un Estado moderno, o a nuestros gobiernos les ha importado un carajo que las buenas gentes de Albu\u00f1ol, Iznalloz, Gualchos, Fuente Vaqueros, Zafarraya, Deifontes, Montej\u00edcar, Ugijar y Pinos Puente, sean pobres de pedir como lo fueron sus abuelos y por lo que de nuestros gobiernos dependa, tambi\u00e9n lo ser\u00e1n sus nietos.<\/p>\n<p style=\"text-align: justify;\">En pleno siglo XXI y viviendo en un supuesto Estado de bienestar, no podemos aceptar situaciones como estas, como tampoco volver al ej\u00e9rcito de mendigos recorriendo los caminos del hambre en un invierno perpetuo, ni a tener que llamar a la puerta de los viernes para demandar una barra de pan, porque si nos resignamos a esa realidad, es que pobres de pedir, somos todos.<\/p>\n<p>https:\/\/www.lavozdegranada.info\/pueblos-de-granada-pobres-de-pedir\/<\/p>\n","protected":false},"excerpt":{"rendered":"<p>En pleno siglo XXI y viviendo en un supuesto Estado de bienestar, no podemos aceptar&#8230;<\/p>\n","protected":false},"author":1,"featured_media":64748,"comment_status":"closed","ping_status":"closed","sticky":false,"template":"","format":"standard","meta":{"_coblocks_attr":"","_coblocks_dimensions":"","_coblocks_responsive_height":"","_coblocks_accordion_ie_support":"","jetpack_post_was_ever_published":false,"_jetpack_newsletter_access":"","_jetpack_dont_email_post_to_subs":false,"_jetpack_newsletter_tier_id":0,"_jetpack_memberships_contains_paywalled_content":false,"_jetpack_memberships_contains_paid_content":false,"footnotes":"","jetpack_publicize_message":"","jetpack_publicize_feature_enabled":true,"jetpack_social_post_already_shared":true,"jetpack_social_options":{"image_generator_settings":{"template":"highway","default_image_id":0,"enabled":false},"version":2}},"categories":[1161,44,7671],"tags":[],"class_list":["post-64747","post","type-post","status-publish","format-standard","has-post-thumbnail","hentry","category-ciudadania","category-noticias-de-hoy","category-politica"],"jetpack_publicize_connections":[],"jetpack_featured_media_url":"https:\/\/i0.wp.com\/miradordeatarfe.es\/wp-content\/uploads\/2023\/11\/image_151036.jpeg?fit=454%2C295&ssl=1","jetpack_likes_enabled":true,"jetpack_sharing_enabled":true,"_links":{"self":[{"href":"https:\/\/miradordeatarfe.es\/index.php?rest_route=\/wp\/v2\/posts\/64747","targetHints":{"allow":["GET"]}}],"collection":[{"href":"https:\/\/miradordeatarfe.es\/index.php?rest_route=\/wp\/v2\/posts"}],"about":[{"href":"https:\/\/miradordeatarfe.es\/index.php?rest_route=\/wp\/v2\/types\/post"}],"author":[{"embeddable":true,"href":"https:\/\/miradordeatarfe.es\/index.php?rest_route=\/wp\/v2\/users\/1"}],"replies":[{"embeddable":true,"href":"https:\/\/miradordeatarfe.es\/index.php?rest_route=%2Fwp%2Fv2%2Fcomments&post=64747"}],"version-history":[{"count":2,"href":"https:\/\/miradordeatarfe.es\/index.php?rest_route=\/wp\/v2\/posts\/64747\/revisions"}],"predecessor-version":[{"id":64789,"href":"https:\/\/miradordeatarfe.es\/index.php?rest_route=\/wp\/v2\/posts\/64747\/revisions\/64789"}],"wp:featuredmedia":[{"embeddable":true,"href":"https:\/\/miradordeatarfe.es\/index.php?rest_route=\/wp\/v2\/media\/64748"}],"wp:attachment":[{"href":"https:\/\/miradordeatarfe.es\/index.php?rest_route=%2Fwp%2Fv2%2Fmedia&parent=64747"}],"wp:term":[{"taxonomy":"category","embeddable":true,"href":"https:\/\/miradordeatarfe.es\/index.php?rest_route=%2Fwp%2Fv2%2Fcategories&post=64747"},{"taxonomy":"post_tag","embeddable":true,"href":"https:\/\/miradordeatarfe.es\/index.php?rest_route=%2Fwp%2Fv2%2Ftags&post=64747"}],"curies":[{"name":"wp","href":"https:\/\/api.w.org\/{rel}","templated":true}]}}