{"id":64751,"date":"2023-11-11T09:05:31","date_gmt":"2023-11-11T08:05:31","guid":{"rendered":"https:\/\/miradordeatarfe.es\/?p=64751"},"modified":"2023-11-09T10:08:37","modified_gmt":"2023-11-09T09:08:37","slug":"el-fenomeno-de-el-nino-se-endurecera-y-seguira-calentando-mas-el-planeta-hasta-al-menos-abril-de-2024","status":"publish","type":"post","link":"https:\/\/miradordeatarfe.es\/?p=64751","title":{"rendered":"El fen\u00f3meno de \u2018El Ni\u00f1o\u2019 se endurecer\u00e1 y seguir\u00e1 calentando m\u00e1s el planeta hasta al menos abril de 2024"},"content":{"rendered":"<h3 class=\"a_st\" style=\"text-align: justify;\">Las agencias meteorol\u00f3gicas dan casi por hecho que este 2023 ser\u00e1 el a\u00f1o m\u00e1s caluroso jam\u00e1s registrado en el planeta.<\/h3>\n<p class=\"\" style=\"text-align: justify;\">El cambio clim\u00e1tico, desencadenado por los gases de efecto invernadero que expulsa la humanidad, es el principal responsable de la situaci\u00f3n de excepcionalidad en la que est\u00e1 el planeta. Este octubre ha sido, por mucho, el octubre m\u00e1s c\u00e1lido que se ha documentado desde que existen registros fiables. Estos arrancan en 1850, aunque algunos cient\u00edficos paleoclim\u00e1ticos sostienen que la superficie del planeta no hab\u00eda estado tan c\u00e1lida desde hace varias decenas de miles de a\u00f1os. Adem\u00e1s, 2023 va a ser tambi\u00e9n casi con total probabilidad el a\u00f1o m\u00e1s c\u00e1lido jam\u00e1s registrado, <a href=\"https:\/\/elpais.com\/clima-y-medio-ambiente\/2023-11-08\/los-paises-productores-de-combustibles-fosiles-ignoran-las-alertas-climaticas-y-planean-aumentar-la-extraccion-de-carbon-petroleo-y-gas.html\" target=\"_blank\" rel=\"noopener\" data-link-track-dtm=\"\" data-mrf-link=\"https:\/\/elpais.com\/clima-y-medio-ambiente\/2023-11-08\/los-paises-productores-de-combustibles-fosiles-ignoran-las-alertas-climaticas-y-planean-aumentar-la-extraccion-de-carbon-petroleo-y-gas.html\">seg\u00fan ha detallado este mi\u00e9rcoles el servicio de cambio clim\u00e1tico de Copernicus<\/a>. En lo que va de a\u00f1o, las temperaturas ya est\u00e1n 1,43 grados por encima del promedio de la era preindustrial (1850-1900), ha a\u00f1adido esta agencia que depende de la Comisi\u00f3n Europea.<\/p>\n<p class=\"\" style=\"text-align: justify;\">El principal responsable del aumento global de la temperatura del planeta es el calentamiento de origen antropog\u00e9nico, pero el sistema clim\u00e1tico es complejo y hay otros factores que tambi\u00e9n influyen. <a href=\"https:\/\/elpais.com\/clima-y-medio-ambiente\/2023-05-17\/el-cambio-climatico-y-el-nino-elevaran-hasta-limites-desconocidos-la-temperatura-global-advierte-la-onu.html\" target=\"_blank\" rel=\"noopener\" data-link-track-dtm=\"\" data-mrf-link=\"https:\/\/elpais.com\/clima-y-medio-ambiente\/2023-05-17\/el-cambio-climatico-y-el-nino-elevaran-hasta-limites-desconocidos-la-temperatura-global-advierte-la-onu.html\">Como el fen\u00f3meno de <i>El Ni\u00f1o<\/i><\/a>, un patr\u00f3n natural que hace que las temperaturas de la superficie del agua en las \u00e1reas tropicales del oc\u00e9ano Pac\u00edfico aumenten, lo que acaba teniendo efectos en el clima global. La <a href=\"https:\/\/public.wmo.int\/es\" target=\"_blank\" rel=\"noopener\" data-link-track-dtm=\"\" data-mrf-link=\"https:\/\/public.wmo.int\/es\">Organizaci\u00f3n Meteorol\u00f3gica Mundial<\/a> (OMM) ha advertido este mi\u00e9rcoles de que el actual episodio de <i>El Ni\u00f1o<\/i>, que arranc\u00f3 en el verano boreal, continuar\u00e1 al menos hasta la primavera de 2024. Y, adem\u00e1s, est\u00e1 previsto que se endurezca.<\/p>\n<p class=\"\" style=\"text-align: justify;\">\u201cLos impactos de <i>El Ni\u00f1o<\/i> en la temperatura global suelen darse en el a\u00f1o siguiente a su desarrollo, en este caso en 2024. Pero como resultado de las temperaturas r\u00e9cord de la superficie terrestre y del mar desde junio, <a href=\"https:\/\/elpais.com\/clima-y-medio-ambiente\/2023-10-05\/2023-se-perfila-ya-como-el-ano-mas-calido-jamas-registrado-tras-un-septiembre-tambien-record.html\" target=\"_blank\" rel=\"noopener\" data-link-track-dtm=\"\" data-mrf-link=\"https:\/\/elpais.com\/clima-y-medio-ambiente\/2023-10-05\/2023-se-perfila-ya-como-el-ano-mas-calido-jamas-registrado-tras-un-septiembre-tambien-record.html\">el a\u00f1o 2023 va camino de ser el a\u00f1o m\u00e1s c\u00e1lido registrado<\/a>\u201d, ha se\u00f1alado a trav\u00e9s de un comunicado el secretario general de la OMM, Petteri Taalas. \u201cEl pr\u00f3ximo a\u00f1o puede ser a\u00fan m\u00e1s c\u00e1lido\u201d, ha alertado Taalas, quien ha insistido en que los principales responsables del calentamiento son \u201cclara e inequ\u00edvocamente\u201d las emisiones de gases de efecto invernadero procedentes de las actividades humanas.<\/p>\n<p class=\"\" style=\"text-align: justify;\">La OMM ha actualizado este mi\u00e9rcoles su an\u00e1lisis de la evoluci\u00f3n prevista de <i>El Ni\u00f1o<\/i>. En el documento se detalla que \u201cen la regi\u00f3n ecuatorial del Pac\u00edfico empezaron a instaurarse condiciones t\u00edpicas de un episodio de <i>El Ni\u00f1o<\/i> durante la primavera de 2023 del hemisferio norte\u201d. \u201cEstas condiciones se intensificaron r\u00e1pidamente durante el verano, y en septiembre de 2023 alcanzaron un nivel congruente con un episodio moderado de este fen\u00f3meno\u201d, explican los expertos de la OMM. \u201dEs muy probable que el actual episodio de <i>El Ni\u00f1o<\/i> contin\u00fae durante el pr\u00f3ximo invierno del hemisferio norte (probabilidad del 90%) y adquiera en su apogeo valores correspondientes a un episodio intenso\u201d, a\u00f1aden.<\/p>\n<p class=\"\" style=\"text-align: justify;\">Pese a todo, Copernico resalta tambi\u00e9n que \u201clas condiciones de <i>El Ni\u00f1o <\/i>continuaron desarroll\u00e1ndose en el Pac\u00edfico ecuatorial, aunque las anomal\u00edas siguen siendo inferiores a las alcanzadas en esta \u00e9poca del a\u00f1o durante el desarrollo de los eventos hist\u00f3ricamente fuertes de 1997 y 2015\u2033. Precisamente, el \u00faltimo episodio, el de hace ocho a\u00f1os, contribuy\u00f3 a que 2016 siga siendo el a\u00f1o m\u00e1s c\u00e1lido registrado hasta ahora. Aunque, a este reinado le queda poco, porque la mayor\u00eda de agencias meteorol\u00f3gicas internacionales dan por hecho que 2023 marcar\u00e1 el siguiente r\u00e9cord. \u201cPodemos afirmar con bastante certeza que 2023 ser\u00e1 el a\u00f1o m\u00e1s c\u00e1lido desde que hay registros, con una temperatura que actualmente est\u00e1 1,43 grados Celsius por encima de la era preindustrial\u201d, ha abundado este mi\u00e9rcoles Samantha Burgess, directora adjunta del servicio de cambio clim\u00e1tico de Copernicus. \u201cLlevar a cabo acciones ambiciosas en materia de cambio clim\u00e1tico en la COP28 nunca ha sido tan urgente\u201d, ha a\u00f1adido en referencia a <a href=\"https:\/\/elpais.com\/clima-y-medio-ambiente\/2023-10-02\/triplicar-las-renovables-en-2030-se-convierte-en-el-mantra-de-la-lucha-climatica-internacional.html\" target=\"_blank\" rel=\"noopener\" data-link-track-dtm=\"\" data-mrf-link=\"https:\/\/elpais.com\/clima-y-medio-ambiente\/2023-10-02\/triplicar-las-renovables-en-2030-se-convierte-en-el-mantra-de-la-lucha-climatica-internacional.html\">la cumbre del clima de la ONU<\/a> que arranca a finales de este mes en Dub\u00e1i (Emiratos \u00c1rabes Unidos).<\/p>\n<p><a class=\"a_md_a_n\" title=\"Ver todas las noticias de Manuel Planelles\" href=\"https:\/\/elpais.com\/autor\/manuel-planelles\/#?rel=author_top\" data-mrf-link=\"https:\/\/elpais.com\/autor\/manuel-planelles\/\"><strong>Manuel Planelles<\/strong><\/a><\/p>\n<header class=\"a_e _g _g-xs\">\n<div class=\"a_e_m\">\n<figure class=\"a_m a_m-h \"><figcaption class=\"a_m_p\">FOTO: El fiordo de Scoresby, en el este de Groenlandia, en una imagen de este agosto mientras se derret\u00eda.<span class=\"a_m_m\">OLIVIER MORIN (AFP)<\/span><\/figcaption><\/figure>\n<\/div>\n<\/header>\n<div class=\"a_md _g _g-xs \">\n<figure class=\"a_md_i a_m-h c_m--nf\"><span class=\"a_m_w _db\">https:\/\/elpais.com\/clima-y-medio-ambiente\/2023-11-08\/el-fenomeno-de-el-nino-se-endurecera-y-seguira-calentando-mas-el-planeta-hasta-al-menos-abril-de-2024.html<\/span><\/figure>\n<div class=\"a_md_txt\">\n<div class=\"a_md_a\" data-dtm-region=\"articulo_firma\">\u00a0<\/div>\n<\/div>\n<\/div>\n","protected":false},"excerpt":{"rendered":"<p>Las agencias meteorol\u00f3gicas dan casi por hecho que este 2023 ser\u00e1 el a\u00f1o m\u00e1s caluroso&#8230;<\/p>\n","protected":false},"author":1,"featured_media":64752,"comment_status":"closed","ping_status":"closed","sticky":false,"template":"","format":"standard","meta":{"_coblocks_attr":"","_coblocks_dimensions":"","_coblocks_responsive_height":"","_coblocks_accordion_ie_support":"","jetpack_post_was_ever_published":false,"_jetpack_newsletter_access":"","_jetpack_dont_email_post_to_subs":false,"_jetpack_newsletter_tier_id":0,"_jetpack_memberships_contains_paywalled_content":false,"_jetpack_memberships_contains_paid_content":false,"footnotes":"","jetpack_publicize_message":"","jetpack_publicize_feature_enabled":true,"jetpack_social_post_already_shared":true,"jetpack_social_options":{"image_generator_settings":{"template":"highway","default_image_id":0,"enabled":false},"version":2}},"categories":[9,44],"tags":[],"class_list":["post-64751","post","type-post","status-publish","format-standard","has-post-thumbnail","hentry","category-medio-ambiente","category-noticias-de-hoy"],"jetpack_publicize_connections":[],"jetpack_featured_media_url":"https:\/\/i0.wp.com\/miradordeatarfe.es\/wp-content\/uploads\/2023\/11\/Screenshot-2023-11-09-at-10-06-02-El-fenomeno-de-%E2%80%98El-Nino-se-endurecera-y-seguira-calentando-mas-el-planeta-hasta-al-menos-abril-de-2024.png?fit=706%2C550&ssl=1","jetpack_likes_enabled":true,"jetpack_sharing_enabled":true,"_links":{"self":[{"href":"https:\/\/miradordeatarfe.es\/index.php?rest_route=\/wp\/v2\/posts\/64751","targetHints":{"allow":["GET"]}}],"collection":[{"href":"https:\/\/miradordeatarfe.es\/index.php?rest_route=\/wp\/v2\/posts"}],"about":[{"href":"https:\/\/miradordeatarfe.es\/index.php?rest_route=\/wp\/v2\/types\/post"}],"author":[{"embeddable":true,"href":"https:\/\/miradordeatarfe.es\/index.php?rest_route=\/wp\/v2\/users\/1"}],"replies":[{"embeddable":true,"href":"https:\/\/miradordeatarfe.es\/index.php?rest_route=%2Fwp%2Fv2%2Fcomments&post=64751"}],"version-history":[{"count":1,"href":"https:\/\/miradordeatarfe.es\/index.php?rest_route=\/wp\/v2\/posts\/64751\/revisions"}],"predecessor-version":[{"id":64753,"href":"https:\/\/miradordeatarfe.es\/index.php?rest_route=\/wp\/v2\/posts\/64751\/revisions\/64753"}],"wp:featuredmedia":[{"embeddable":true,"href":"https:\/\/miradordeatarfe.es\/index.php?rest_route=\/wp\/v2\/media\/64752"}],"wp:attachment":[{"href":"https:\/\/miradordeatarfe.es\/index.php?rest_route=%2Fwp%2Fv2%2Fmedia&parent=64751"}],"wp:term":[{"taxonomy":"category","embeddable":true,"href":"https:\/\/miradordeatarfe.es\/index.php?rest_route=%2Fwp%2Fv2%2Fcategories&post=64751"},{"taxonomy":"post_tag","embeddable":true,"href":"https:\/\/miradordeatarfe.es\/index.php?rest_route=%2Fwp%2Fv2%2Ftags&post=64751"}],"curies":[{"name":"wp","href":"https:\/\/api.w.org\/{rel}","templated":true}]}}