{"id":64754,"date":"2023-11-17T10:30:04","date_gmt":"2023-11-17T09:30:04","guid":{"rendered":"https:\/\/miradordeatarfe.es\/?p=64754"},"modified":"2023-11-15T18:41:58","modified_gmt":"2023-11-15T17:41:58","slug":"atarfe-28-de-diciembre-de-1952-por-mariano-poyatosd-augustin","status":"publish","type":"post","link":"https:\/\/miradordeatarfe.es\/?p=64754","title":{"rendered":"\u00abAtarfe, 28 de diciembre de 1952.\u00bb por Mariano Poyatos August\u00edn"},"content":{"rendered":"<div class=\"xdj266r x11i5rnm xat24cr x1mh8g0r x1vvkbs x126k92a\">\n<h3 dir=\"auto\">En este relato, intentamos plasmar aquella \u00e9poca de los a\u00f1os 50. El autor no hab\u00eda nacido, y los datos que se recogen se encuentran en el fondo de la memoria de unas cuantas personas mayores.<\/h3>\n<\/div>\n<div class=\"x11i5rnm xat24cr x1mh8g0r x1vvkbs xtlvy1s x126k92a\">\n<div dir=\"auto\" style=\"text-align: justify;\">La ma\u00f1ana, fr\u00eda y lluviosa, se reflejaba por la calle Nueva hacia abajo. A veces, los riachuelos se acercaban a las aceras, en otras ocasiones, de forma caprichosa, se recog\u00edan en el centro de la calle. A la altura del dep\u00f3sito del agua, la calle Nueva daba paso a la calle de las Heras, d\u00f3nde sab\u00eda que ten\u00eda que dividirse para evitar ego\u00edsmos de otros tiempos. En primer lugar, se acercaba a Encarnaci\u00f3n \u00abLa Canala\u00bb bajando hasta Victoria Zurita y Carmen \u00abLa Marcelina\u00bb, luego tomaba velocidad hacia el centro en un barro que los ni\u00f1os lo moldear\u00edan al salir de la escuela.<\/div>\n<div dir=\"auto\" style=\"text-align: justify;\">\u00a0<\/div>\n<div dir=\"auto\" style=\"text-align: justify;\">A la altura de Mercedes Torres, Conchita Rom\u00e1n y Paco de Virginia, se abr\u00eda una boca calle que daba al molino de aceite, mezcl\u00e1ndose el olor con el pan reci\u00e9n hecho del horno de pinos.<\/div>\n<div dir=\"auto\" style=\"text-align: justify;\">Frente a la calle, la vivienda de un ni\u00f1o inocente que supo la terrible reacci\u00f3n de un brasero inoportuno. En la casa de las Panaeras, el bullicio era constante, una joven de veinticuatro a\u00f1os, se arreglaba con un vestido negro, para lucir como novia. Los lutos de la \u00e9poca, obligaban a esas costumbres. En la esquina de la calle hab\u00eda una f\u00e1brica de gaseosas y sifones, seguramente ese l\u00edquido espumoso tendr\u00eda un dulzor tan suave que ahora ser\u00eda dif\u00edcil reproducir.<\/div>\n<div dir=\"auto\" style=\"text-align: justify;\">\u00a0<\/div>\n<div dir=\"auto\" style=\"text-align: justify;\">Como los responsables eran muy emprendedores, tomaron el negocio del butano, por ellos, a nadie le hubiese faltado nunca ese gas que en la actualidad es tan apreciado.<\/div>\n<div dir=\"auto\" style=\"text-align: justify;\">Al intentar salir la novia a la calle, observ\u00f3 las dificultades que supon\u00eda atravesar la zona embarrada. Su hermano Paco Panaero, la tom\u00f3 en brazos como si fuese una ni\u00f1a, a \u00e9l no le importaba ni la lluvia ni el barro ni el humo de color de la f\u00e1brica de carrillo. A esos familiares reunidos, se les daba bien el hacer el pan, tanto a ellos como a sus descendientes.<\/div>\n<div dir=\"auto\">\u00a0<\/div>\n<div dir=\"auto\" style=\"text-align: justify;\">Llegados a la iglesia, antes de entrar, la novia tom\u00f3 un peque\u00f1o ramo de flores. El cura comenz\u00f3 su liturgia en lat\u00edn, era la costumbre de aquella \u00e9poca. Lo que no sab\u00eda el sacerdote era que pasado el tiempo, los hijos de la novia llegaron a dar clases de mecanograf\u00eda, griego y lat\u00edn, a diferentes vecinos.<\/div>\n<div dir=\"auto\">\u00a0<\/div>\n<div dir=\"auto\">PUBLICADO POR MARIANO EN FACEBOOK\u00a0 EL 28 de diciembre de 2022<\/div>\n<\/div>\n","protected":false},"excerpt":{"rendered":"<p>En este relato, intentamos plasmar aquella \u00e9poca de los a\u00f1os 50. El autor no hab\u00eda&#8230;<\/p>\n","protected":false},"author":1,"featured_media":64755,"comment_status":"closed","ping_status":"closed","sticky":false,"template":"","format":"standard","meta":{"_coblocks_attr":"","_coblocks_dimensions":"","_coblocks_responsive_height":"","_coblocks_accordion_ie_support":"","jetpack_post_was_ever_published":false,"_jetpack_newsletter_access":"","_jetpack_dont_email_post_to_subs":false,"_jetpack_newsletter_tier_id":0,"_jetpack_memberships_contains_paywalled_content":false,"_jetpack_memberships_contains_paid_content":false,"footnotes":"","jetpack_publicize_message":"","jetpack_publicize_feature_enabled":true,"jetpack_social_post_already_shared":true,"jetpack_social_options":{"image_generator_settings":{"template":"highway","default_image_id":0,"enabled":false},"version":2}},"categories":[2,1161,44,6539],"tags":[],"class_list":["post-64754","post","type-post","status-publish","format-standard","has-post-thumbnail","hentry","category-atarfe","category-ciudadania","category-noticias-de-hoy","category-personajes-de-ataref"],"jetpack_publicize_connections":[],"jetpack_featured_media_url":"https:\/\/i0.wp.com\/miradordeatarfe.es\/wp-content\/uploads\/2023\/11\/322801606_881265636652929_6396777956859742103_n.jpg?fit=720%2C465&ssl=1","jetpack_likes_enabled":true,"jetpack_sharing_enabled":true,"_links":{"self":[{"href":"https:\/\/miradordeatarfe.es\/index.php?rest_route=\/wp\/v2\/posts\/64754","targetHints":{"allow":["GET"]}}],"collection":[{"href":"https:\/\/miradordeatarfe.es\/index.php?rest_route=\/wp\/v2\/posts"}],"about":[{"href":"https:\/\/miradordeatarfe.es\/index.php?rest_route=\/wp\/v2\/types\/post"}],"author":[{"embeddable":true,"href":"https:\/\/miradordeatarfe.es\/index.php?rest_route=\/wp\/v2\/users\/1"}],"replies":[{"embeddable":true,"href":"https:\/\/miradordeatarfe.es\/index.php?rest_route=%2Fwp%2Fv2%2Fcomments&post=64754"}],"version-history":[{"count":3,"href":"https:\/\/miradordeatarfe.es\/index.php?rest_route=\/wp\/v2\/posts\/64754\/revisions"}],"predecessor-version":[{"id":64758,"href":"https:\/\/miradordeatarfe.es\/index.php?rest_route=\/wp\/v2\/posts\/64754\/revisions\/64758"}],"wp:featuredmedia":[{"embeddable":true,"href":"https:\/\/miradordeatarfe.es\/index.php?rest_route=\/wp\/v2\/media\/64755"}],"wp:attachment":[{"href":"https:\/\/miradordeatarfe.es\/index.php?rest_route=%2Fwp%2Fv2%2Fmedia&parent=64754"}],"wp:term":[{"taxonomy":"category","embeddable":true,"href":"https:\/\/miradordeatarfe.es\/index.php?rest_route=%2Fwp%2Fv2%2Fcategories&post=64754"},{"taxonomy":"post_tag","embeddable":true,"href":"https:\/\/miradordeatarfe.es\/index.php?rest_route=%2Fwp%2Fv2%2Ftags&post=64754"}],"curies":[{"name":"wp","href":"https:\/\/api.w.org\/{rel}","templated":true}]}}