{"id":64759,"date":"2023-11-10T11:29:30","date_gmt":"2023-11-10T10:29:30","guid":{"rendered":"https:\/\/miradordeatarfe.es\/?p=64759"},"modified":"2023-11-10T18:41:04","modified_gmt":"2023-11-10T17:41:04","slug":"atarfe-prepara-una-vez-mas-su-reglamento-de-participacion","status":"publish","type":"post","link":"https:\/\/miradordeatarfe.es\/?p=64759","title":{"rendered":"ATARFE PREPARA UNA VEZ M\u00c1S SU REGLAMENTO DE PARTICIPACI\u00d3N"},"content":{"rendered":"<h3 style=\"text-align: justify;\"><strong>El Consejo de PARTICIPACI\u00d3N<\/strong>, es un \u00f3rgano \u00abconsultivo\u00bb con capacidad para realizar propuestas en materia de desarrollo econ\u00f3mico local, planificaci\u00f3n estrat\u00e9gica y grandes proyectos urbanos; y a la posibilidad de que los vecinos y vecinas de Atarfe tengan capacidad de decisi\u00f3n a la hora de establecer las prioridades en el cap\u00edtulo de inversiones de los presupuestos.<\/h3>\n<p style=\"text-align: justify;\">Es el<strong> \u00d3RGANO M\u00c1XIMO DE PARTICIPACI\u00d3N DE LAS M\u00daLTIPLES ASOCIACIONES QUE TIENE ATARFE<\/strong>.culturales, deportivas , art\u00edsticas, sociales, vecinales, etc. <strong>no es el Pleno del Ayuntamient<\/strong>o <strong>ni trata de suplantar la participaci\u00f3n de los grupos pol\u00edticos.<\/strong><\/p>\n<p style=\"text-align: justify;\">Entre las actuaciones que el art. 9.2 de la Constituci\u00f3n Espa\u00f1ola encomienda a los poderes p\u00fablicos para favorecer el ejercicio en plenitud de los derechos y libertades individuales, se contempla la de facilitar la participaci\u00f3n de la ciudadan\u00eda en la vida pol\u00edtica, econ\u00f3mica, cultural y social, siendo la participaci\u00f3n en los asuntos p\u00fablicos, directamente o por medio de representantes, un derecho otorgado a la ciudadan\u00eda.<\/p>\n<p style=\"text-align: justify;\">La participaci\u00f3n ciudadana se ha convertido en uno de los elementos b\u00e1sicos en el gobierno y la administraci\u00f3n del Ayuntamiento de Atarfe. As\u00ed lo expres\u00f3 el<strong> Concejal de Participaci\u00f3n Ciudadana, Javier Arenas,<\/strong> en la reuni\u00f3n que celebr\u00f3 el pasado mi\u00e9rcoles, 8 de noviembre, en el Centro C\u00edvico donde, acompa\u00f1ado por la<strong> Responsable del \u00c1rea, Ana Isabel Zamora<\/strong>, y ante m\u00e1s de 25 asociaciones del municipio, present\u00f3 el borrador del que ser\u00e1 el nuevo Reglamento de Participaci\u00f3n Ciudadana en Atarfe.<\/p>\n<p>Siendo consciente de que la participaci\u00f3n debe ser un principio inspirador de toda la actuaci\u00f3n municipal, y complemento de la democracia representativa, el Concejal sostuvo que <em><i>\u201cla elaboraci\u00f3n de este Reglamento es un gran avance para articular la participaci\u00f3n democr\u00e1tica en nuestro municipio\u201d.<\/i><\/em>\u00a0\u00a0Adem\u00e1s, se\u00f1al\u00f3 que, tras mantener reuniones con todo el tejido asociativo municipal, consideraba una prioridad avanzar en el fortalecimiento de la participaci\u00f3n ciudadana en el municipio porque <em><i>\u201cdespu\u00e9s de m\u00e1s de 25 a\u00f1os es necesario actualizar y adaptar el Reglamento de 1997 <\/i><\/em>(actualmente en vigor) <em><i>a la realidad actual de Atarfe, pr\u00f3ximamente ciudad, dando respuesta a todos los cambios que se han producido a lo largo de estos a\u00f1os\u201d.<\/i><\/em><\/p>\n<p style=\"text-align: justify;\" align=\"JUSTIFY\">La participaci\u00f3n ciudadana se ha c<strong>onvertido en uno de los elementos b\u00e1sicos en el gobierno y administraci\u00f3n del Ayuntamiento de Atarfe<\/strong> siendo consciente de que la participaci\u00f3n debe ser un principio inspirador de toda la actuaci\u00f3n municipal, y complemento de la democracia representativa, en una sociedad en la que el ciudadano, como miembro de una comunidad pol\u00edtica, reclama una presencia activa en la toma de decisiones; en definitiva, <strong>participar consiste en tomar parte en algo, y sentirse parte de una ciudad es participar en su gobierno y gesti\u00f3n<\/strong>.<\/p>\n<p><a href=\"https:\/\/i0.wp.com\/miradordeatarfe.es\/wp-content\/uploads\/2023\/11\/IMG20231108173056-scaled.jpg?ssl=1\"><img data-recalc-dims=\"1\" loading=\"lazy\" decoding=\"async\" class=\"wp-image-64760 size-large alignleft\" src=\"https:\/\/i0.wp.com\/miradordeatarfe.es\/wp-content\/uploads\/2023\/11\/IMG20231108173056.jpg?resize=640%2C482&#038;ssl=1\" alt=\"\" width=\"640\" height=\"482\" srcset=\"https:\/\/i0.wp.com\/miradordeatarfe.es\/wp-content\/uploads\/2023\/11\/IMG20231108173056-scaled.jpg?resize=1024%2C771&amp;ssl=1 1024w, https:\/\/i0.wp.com\/miradordeatarfe.es\/wp-content\/uploads\/2023\/11\/IMG20231108173056-scaled.jpg?resize=300%2C226&amp;ssl=1 300w, https:\/\/i0.wp.com\/miradordeatarfe.es\/wp-content\/uploads\/2023\/11\/IMG20231108173056-scaled.jpg?resize=768%2C578&amp;ssl=1 768w, https:\/\/i0.wp.com\/miradordeatarfe.es\/wp-content\/uploads\/2023\/11\/IMG20231108173056-scaled.jpg?resize=1536%2C1157&amp;ssl=1 1536w, https:\/\/i0.wp.com\/miradordeatarfe.es\/wp-content\/uploads\/2023\/11\/IMG20231108173056-scaled.jpg?resize=2048%2C1542&amp;ssl=1 2048w, https:\/\/i0.wp.com\/miradordeatarfe.es\/wp-content\/uploads\/2023\/11\/IMG20231108173056-scaled.jpg?resize=1320%2C994&amp;ssl=1 1320w, https:\/\/i0.wp.com\/miradordeatarfe.es\/wp-content\/uploads\/2023\/11\/IMG20231108173056-scaled.jpg?w=1920&amp;ssl=1 1920w\" sizes=\"auto, (max-width: 640px) 100vw, 640px\" \/><\/a>El actual reglamento del <strong>1997<\/strong>, aunque no se ha derogado formalmente, las diferentes leyes aprobadas tanto a nivel Nacional como a nivel Auton\u00f3mico han dejado sin efecto dicho reglamento.<\/p>\n<p style=\"text-align: justify;\">En el a\u00f1o <strong>2016<\/strong> hubo un intento de creaci\u00f3n de un reglamento que cont\u00f3 con la aportaci\u00f3n de distintas asociaciones. En el proceso abierto en la confecci\u00f3n de dicho reglamento y al trabajo desarrollado en los meses previos por los distintos colectivos para adaptar a los nuevos tiempos un reglamento que como ya hemos explicado data de 1997. hubo aportaciones de la\u00a0<strong>Fundaci\u00f3n Sierra Elvira<\/strong>, <strong>Grupo de Trabajo para la accesibilidad de Atarfe<\/strong>, la <strong>Asociaci\u00f3n de Alumnos Antonio Machado del Centro de Adultos Mariana Pineda<\/strong>, la\u00a0<strong>Asociaci\u00f3n de Vecinos la Tasquiva<\/strong>, la <strong>Asociaci\u00f3n La Rejunt\u00e1<\/strong>,<b> Apiema,<\/b> <strong>Colectivos de Mujeres Aura, otras asociaciones <\/strong><strong><b> y vecinos a t\u00edtulo particular<\/b><\/strong><strong> refrendaron los acuerdos de un documento conjunto<\/strong>.<\/p>\n<p style=\"text-align: justify;\">El reglamento de Participaci\u00f3n Ciudadana no sali\u00f3 adelante. Los distintos partidos dieron sus razones a favor y en contra del documento para incentivar la participaci\u00f3n de los colectivos ciudadanos que puedes leer en este enlace (<a href=\"https:\/\/miradordeatarfe.es\/?p=7961\">https:\/\/miradordeatarfe.es\/?p=7961<\/a>)<\/p>\n<p style=\"text-align: justify;\"><strong>Siete a\u00f1os despu\u00e9s,<\/strong> ha llegado el momento de retomar algo tan esencial como es la Participaci\u00f3n Ciudadana en consonancia total entre Administraci\u00f3n y tejido social y asociativo municipal. Por ello, tras exponer un resumen de las distintas partes que se compone el borrador, entre las que destacan medidas como la creaci\u00f3n de una Escuela de Participaci\u00f3n Ciudadana, la recuperaci\u00f3n de las Asambleas de Barrio, la regularizaci\u00f3n de un convocatoria de subvenciones por concurrencia competitiva para establecer una igualdad real entre asociaciones o la creaci\u00f3n de un Comit\u00e9 de Garant\u00edas que permita hacer un seguimiento al Reglamento y a las medidas de fomento de la participaci\u00f3n en el municipio, hubo un turno de preguntas que concluy\u00f3 con la convocatoria de una nueva reuni\u00f3n,<strong> el pr\u00f3ximo mi\u00e9rcoles, 15 de noviembre, a las 17:00h. en el Centro C\u00edvico<\/strong>, donde las asociaciones podr\u00e1n presentar alegaciones al borrador que se les ha pasado a las asociaciones presentes y ausentes.<\/p>\n<p style=\"text-align: justify;\"><em><i>Lo importante es crear conciencia colectiva entre los vecinos y vecinas para saber cu\u00e1les son sus demandas, propuestas, problemas e inquietudes; y de esa manera acertar cuando se lleven al Pleno Municipal. De lo contrario, podemos estar en un pueblo de m\u00e1s de 20 mil habitantes en el que se debatan cuestiones que no representan a las necesidades vecinales. <\/i><\/em><\/p>\n<p style=\"text-align: justify;\"><em>\u00a0<\/em><\/p>\n","protected":false},"excerpt":{"rendered":"<p>El Consejo de PARTICIPACI\u00d3N, es un \u00f3rgano \u00abconsultivo\u00bb con capacidad para realizar propuestas en materia&#8230;<\/p>\n","protected":false},"author":1,"featured_media":64761,"comment_status":"closed","ping_status":"closed","sticky":false,"template":"","format":"standard","meta":{"_coblocks_attr":"","_coblocks_dimensions":"","_coblocks_responsive_height":"","_coblocks_accordion_ie_support":"","jetpack_post_was_ever_published":false,"_jetpack_newsletter_access":"","_jetpack_dont_email_post_to_subs":false,"_jetpack_newsletter_tier_id":0,"_jetpack_memberships_contains_paywalled_content":false,"_jetpack_memberships_contains_paid_content":false,"footnotes":"","jetpack_publicize_message":"","jetpack_publicize_feature_enabled":true,"jetpack_social_post_already_shared":true,"jetpack_social_options":{"image_generator_settings":{"template":"highway","default_image_id":0,"enabled":false},"version":2}},"categories":[2,6916,44,7671],"tags":[],"class_list":["post-64759","post","type-post","status-publish","format-standard","has-post-thumbnail","hentry","category-atarfe","category-ayuntamiento-de-atarfe","category-noticias-de-hoy","category-politica"],"jetpack_publicize_connections":[],"jetpack_featured_media_url":"https:\/\/i0.wp.com\/miradordeatarfe.es\/wp-content\/uploads\/2023\/11\/IMG20231108173049-scaled.jpg?fit=2560%2C1928&ssl=1","jetpack_likes_enabled":true,"jetpack_sharing_enabled":true,"_links":{"self":[{"href":"https:\/\/miradordeatarfe.es\/index.php?rest_route=\/wp\/v2\/posts\/64759","targetHints":{"allow":["GET"]}}],"collection":[{"href":"https:\/\/miradordeatarfe.es\/index.php?rest_route=\/wp\/v2\/posts"}],"about":[{"href":"https:\/\/miradordeatarfe.es\/index.php?rest_route=\/wp\/v2\/types\/post"}],"author":[{"embeddable":true,"href":"https:\/\/miradordeatarfe.es\/index.php?rest_route=\/wp\/v2\/users\/1"}],"replies":[{"embeddable":true,"href":"https:\/\/miradordeatarfe.es\/index.php?rest_route=%2Fwp%2Fv2%2Fcomments&post=64759"}],"version-history":[{"count":5,"href":"https:\/\/miradordeatarfe.es\/index.php?rest_route=\/wp\/v2\/posts\/64759\/revisions"}],"predecessor-version":[{"id":64788,"href":"https:\/\/miradordeatarfe.es\/index.php?rest_route=\/wp\/v2\/posts\/64759\/revisions\/64788"}],"wp:featuredmedia":[{"embeddable":true,"href":"https:\/\/miradordeatarfe.es\/index.php?rest_route=\/wp\/v2\/media\/64761"}],"wp:attachment":[{"href":"https:\/\/miradordeatarfe.es\/index.php?rest_route=%2Fwp%2Fv2%2Fmedia&parent=64759"}],"wp:term":[{"taxonomy":"category","embeddable":true,"href":"https:\/\/miradordeatarfe.es\/index.php?rest_route=%2Fwp%2Fv2%2Fcategories&post=64759"},{"taxonomy":"post_tag","embeddable":true,"href":"https:\/\/miradordeatarfe.es\/index.php?rest_route=%2Fwp%2Fv2%2Ftags&post=64759"}],"curies":[{"name":"wp","href":"https:\/\/api.w.org\/{rel}","templated":true}]}}