{"id":64763,"date":"2023-11-10T11:36:33","date_gmt":"2023-11-10T10:36:33","guid":{"rendered":"https:\/\/miradordeatarfe.es\/?p=64763"},"modified":"2024-06-02T12:18:50","modified_gmt":"2024-06-02T10:18:50","slug":"medallas-y-salchichones-por-juan-de-dios-villanueva-roa","status":"publish","type":"post","link":"https:\/\/miradordeatarfe.es\/?p=64763","title":{"rendered":"\u00abMedallas y salchichones\u00bb por Juan de Dios Villanueva Roa"},"content":{"rendered":"<p style=\"text-align: justify;\">Es cuesti\u00f3n de principios, aunque a veces solo son los finales de una historia, de una vida dedicada a tal o cual cosa, a una actividad en el mundo laboral, en el cultural, en el social\u2026 Actividades, dedicaciones altruistas, reconocimientos y orgullo por haber dado a los dem\u00e1s algo por lo que se sientan felices o aliviados; o sencillamente eso, orgullosos de compartir la tribu con esta o aquella persona o grupo.<\/p>\n<p style=\"text-align: justify;\">Y entonces, el ente representativo, v\u00e9ase Diputaci\u00f3n o Parlamento o Ayuntamiento, le da una medalla o le pone el nombre de una calle o de una plaza, placeta o plazoleta. Y eso es positivo, porque hace que la sociedad se reencuentre con ella misma y con quienes la han ponderado algo m\u00e1s de lo normal, de lo exigido y a cambio de nada.<\/p>\n<p style=\"text-align: justify;\">Orgullo de ser de Granada o de Motril o de Castril de la Pe\u00f1a o de C\u00fallar o de P\u00e9rez o de cualquiera de los m\u00e1s de 160 municipios, o de esta provincia. Ahora bien, lo de Hijo Adoptivo al presidente del gobierno andaluz suena a peloteo rancio, innecesario e impertinente, a la medalla del salchich\u00f3n. Porque, qu\u00e9 ha hecho de especial Juanma por esta provincia que no le entre en el sueldo, que nos haya ayudado de forma especial a salir de situaciones dif\u00edciles, d\u00f3nde est\u00e1n esas actuaciones, esos apoyos. No lo entiendo, con la cantidad tan enorme de gentes de fuera que est\u00e1n aqu\u00ed d\u00e1ndolo todo por nada, por ayudar a quienes aqu\u00ed nacieron, y habr\u00eda para hacer una lista que le diera la vuelta a la plaza Bibarrambla, al lado mismo de las carocas. En fin, menos mal que no lleva agradecimiento econ\u00f3mico.<\/p>\n","protected":false},"excerpt":{"rendered":"<p>Es cuesti\u00f3n de principios, aunque a veces solo son los finales de una historia, de&#8230;<\/p>\n","protected":false},"author":1,"featured_media":64764,"comment_status":"closed","ping_status":"closed","sticky":false,"template":"","format":"standard","meta":{"_coblocks_attr":"","_coblocks_dimensions":"","_coblocks_responsive_height":"","_coblocks_accordion_ie_support":"","jetpack_post_was_ever_published":false,"_jetpack_newsletter_access":"","_jetpack_dont_email_post_to_subs":false,"_jetpack_newsletter_tier_id":0,"_jetpack_memberships_contains_paywalled_content":false,"_jetpack_memberships_contains_paid_content":false,"footnotes":"","jetpack_publicize_message":"","jetpack_publicize_feature_enabled":true,"jetpack_social_post_already_shared":true,"jetpack_social_options":{"image_generator_settings":{"template":"highway","default_image_id":0,"enabled":false},"version":2}},"categories":[1161,9772,44,7671],"tags":[],"class_list":["post-64763","post","type-post","status-publish","format-standard","has-post-thumbnail","hentry","category-ciudadania","category-opinion-de-juan-de-dios-villanueva","category-noticias-de-hoy","category-politica"],"jetpack_publicize_connections":[],"jetpack_featured_media_url":"https:\/\/i0.wp.com\/miradordeatarfe.es\/wp-content\/uploads\/2023\/11\/MORENO-FRANCIS-kdxG-U2106362570616KG-758x531%40Ideal.webp?fit=758%2C529&ssl=1","jetpack_likes_enabled":true,"jetpack_sharing_enabled":true,"_links":{"self":[{"href":"https:\/\/miradordeatarfe.es\/index.php?rest_route=\/wp\/v2\/posts\/64763","targetHints":{"allow":["GET"]}}],"collection":[{"href":"https:\/\/miradordeatarfe.es\/index.php?rest_route=\/wp\/v2\/posts"}],"about":[{"href":"https:\/\/miradordeatarfe.es\/index.php?rest_route=\/wp\/v2\/types\/post"}],"author":[{"embeddable":true,"href":"https:\/\/miradordeatarfe.es\/index.php?rest_route=\/wp\/v2\/users\/1"}],"replies":[{"embeddable":true,"href":"https:\/\/miradordeatarfe.es\/index.php?rest_route=%2Fwp%2Fv2%2Fcomments&post=64763"}],"version-history":[{"count":1,"href":"https:\/\/miradordeatarfe.es\/index.php?rest_route=\/wp\/v2\/posts\/64763\/revisions"}],"predecessor-version":[{"id":64765,"href":"https:\/\/miradordeatarfe.es\/index.php?rest_route=\/wp\/v2\/posts\/64763\/revisions\/64765"}],"wp:featuredmedia":[{"embeddable":true,"href":"https:\/\/miradordeatarfe.es\/index.php?rest_route=\/wp\/v2\/media\/64764"}],"wp:attachment":[{"href":"https:\/\/miradordeatarfe.es\/index.php?rest_route=%2Fwp%2Fv2%2Fmedia&parent=64763"}],"wp:term":[{"taxonomy":"category","embeddable":true,"href":"https:\/\/miradordeatarfe.es\/index.php?rest_route=%2Fwp%2Fv2%2Fcategories&post=64763"},{"taxonomy":"post_tag","embeddable":true,"href":"https:\/\/miradordeatarfe.es\/index.php?rest_route=%2Fwp%2Fv2%2Ftags&post=64763"}],"curies":[{"name":"wp","href":"https:\/\/api.w.org\/{rel}","templated":true}]}}