{"id":64766,"date":"2023-11-26T11:26:26","date_gmt":"2023-11-26T10:26:26","guid":{"rendered":"https:\/\/miradordeatarfe.es\/?p=64766"},"modified":"2024-03-29T12:39:39","modified_gmt":"2024-03-29T11:39:39","slug":"dos-mujeres-grandes-y-fuentes-por","status":"publish","type":"post","link":"https:\/\/miradordeatarfe.es\/?p=64766","title":{"rendered":"DOS MUJERES: GRANDES Y FUERTES por Fran L\u00f3pez"},"content":{"rendered":"<h3 class=\"textLayer\" style=\"text-align: justify;\" data-main-rotation=\"0\"><span id=\"p71R_mc2\" class=\"markedContent\"><span dir=\"ltr\" role=\"presentation\">\u00abQueridos vecinos, queridas vecinas, camaradas y c\u00f3mplices de los trabajos y<\/span> <span dir=\"ltr\" role=\"presentation\">placeres\u2026. Escribo como escribo, a veces deliberadamente mal, para que os llegue bien\u00bb<\/span><\/span><\/h3>\n<p class=\"textLayer\" style=\"text-align: justify;\" data-main-rotation=\"0\"><span id=\"p71R_mc3\" class=\"markedContent\"><\/span><span id=\"p71R_mc3\" class=\"markedContent\"><span dir=\"ltr\" role=\"presentation\">Tan cierta es la afirmaci\u00f3n anterior que comenzar\u00e9 confesando que soy un impostor,<\/span> <span dir=\"ltr\" role=\"presentation\">que el comienzo de este art\u00edculo es una composici\u00f3n entre el inicio del Preg\u00f3n de San<\/span> <span dir=\"ltr\" role=\"presentation\">Isidro 2018 ofrecido por Almudena Grandes a los vecinos de Madrid y, de otra parte, un<\/span> <span dir=\"ltr\" role=\"presentation\">poema compuesto por Gloria Fuertes, con t\u00edtulo<\/span> <span dir=\"ltr\" role=\"presentation\">\u201cArte Po\u00e9tica\u201d.<\/span><\/span><span id=\"p71R_mc4\" class=\"markedContent\"><\/span><\/p>\n<p class=\"textLayer\" style=\"text-align: justify;\" data-main-rotation=\"0\"><span id=\"p71R_mc4\" class=\"markedContent\"><span dir=\"ltr\" role=\"presentation\">El que en el t\u00edtulo los adjetivos Grandes y Fuertes aparezcan con inicio en may\u00fascula,<\/span> <span dir=\"ltr\" role=\"presentation\">tampoco es una casualidad. Perfectamente podr\u00edan servir para definir a las dos mujeres<\/span> <span dir=\"ltr\" role=\"presentation\">que MA\u00d1ANA nos ocupan, pero en esta ocasi\u00f3n no hacen tal funci\u00f3n, sino que, obviamente,<\/span> <span dir=\"ltr\" role=\"presentation\">hacen referencia a sus apellidos. El hecho de unir en un mismo art\u00edculo a estas dos <\/span><span dir=\"ltr\" role=\"presentation\">representantes de las letras espa\u00f1olas e internacionales, resulta complicado de explicar si<\/span> <span dir=\"ltr\" role=\"presentation\">nos paramos a pensar que entre ellas existi\u00f3 una diferencia de edad de cuarenta y dos<\/span> <span dir=\"ltr\" role=\"presentation\">a\u00f1os, nueve meses y nueve d\u00edas, por lo que hicieron vida profesional en diferentes<\/span> <span dir=\"ltr\" role=\"presentation\">periodos y sin interacci\u00f3n alguna, pero ver\u00e1n que es f\u00e1cil de entender.<\/span><\/span><span id=\"p71R_mc5\" class=\"markedContent\"><\/span><\/p>\n<p class=\"textLayer\" style=\"text-align: justify;\" data-main-rotation=\"0\"><span id=\"p71R_mc5\" class=\"markedContent\"><span dir=\"ltr\" role=\"presentation\">A estas dos madrile\u00f1as de pro, no s\u00f3lo les unieron lazos geogr\u00e1ficos y dedicaci\u00f3n<\/span> <span dir=\"ltr\" role=\"presentation\">profesional y es que hay un motivo mayor que las mantendr\u00e1 unidas eternamente. Hoy 27<\/span> <span dir=\"ltr\" role=\"presentation\">de noviembre de 2023, se cumplen veinticinco a\u00f1os de la muerte de Gloria Fuertes y dos<\/span> <span dir=\"ltr\" role=\"presentation\">a\u00f1os de la muerte de Almudena Grandes. El azar de la vida quiso que est\u00e1s dos\u00a0 figuras de<\/span> <span dir=\"ltr\" role=\"presentation\">las letras universales murieran en el mismo d\u00eda y mes con una diferencia de veintitr\u00e9s<\/span> <\/span><span id=\"p71R_mc5\" class=\"markedContent\"><span dir=\"ltr\" role=\"presentation\">a\u00f1os. <\/span><\/span><\/p>\n<p class=\"textLayer\" style=\"text-align: justify;\" data-main-rotation=\"0\"><span id=\"p71R_mc6\" class=\"markedContent\"><span dir=\"ltr\" role=\"presentation\">Considero que nuestras protagonistas tambi\u00e9n coincidir\u00edan en que el mejor homenaje<\/span> <span dir=\"ltr\" role=\"presentation\">que podemos hacerles es continuar ley\u00e9ndolas y hablando de sus creaciones literarias.<\/span><\/span><\/p>\n<p class=\"textLayer\" style=\"text-align: justify;\" data-main-rotation=\"0\"><span id=\"p71R_mc6\" class=\"markedContent\"><span dir=\"ltr\" role=\"presentation\">Como nos dec\u00eda Machado en uno de sus versos del poema<\/span> <span dir=\"ltr\" role=\"presentation\">\u201cRetrato\u201d<\/span><span dir=\"ltr\" role=\"presentation\">:<\/span> <span dir=\"ltr\" role=\"presentation\">\u00abY al cabo, nada os<\/span> <span dir=\"ltr\" role=\"presentation\">debo; me deb\u00e9is cuanto he escrito.\u00bb<\/span> <span dir=\"ltr\" role=\"presentation\">Tanto Almudena, como Gloria se deb\u00edan a sus<\/span> <span dir=\"ltr\" role=\"presentation\">lectores y su mayor recompensa era, y es, ser le\u00eddas.<\/span><\/span><span id=\"p71R_mc7\" class=\"markedContent\"> <span dir=\"ltr\" role=\"presentation\">Gloria hizo una poes\u00eda que parec\u00eda que no se tomaba en serio a s\u00ed misma y, sin <\/span><span dir=\"ltr\" role=\"presentation\">embargo, no hay poes\u00eda m\u00e1s seria que la suya. Como muestra de ello, os dejo un<\/span> <span dir=\"ltr\" role=\"presentation\">fragmento de su poema<\/span> <span dir=\"ltr\" role=\"presentation\">\u201cNota Biogr\u00e1fica\u201d:<\/span><\/span><span id=\"p71R_mc8\" class=\"markedContent\"><\/span><\/p>\n<p class=\"textLayer\" style=\"text-align: justify;\" data-main-rotation=\"0\"><span id=\"p71R_mc8\" class=\"markedContent\"><br role=\"presentation\" \/><br \/>\n<em><span dir=\"ltr\" role=\"presentation\">Gloria Fuertes naci\u00f3 en Madrid<\/span><\/em><\/span><em><span id=\"p71R_mc9\" class=\"markedContent\"><br role=\"presentation\" \/><br \/>\n<span dir=\"ltr\" role=\"presentation\">a los dos d\u00edas de edad,<\/span><\/span><span id=\"p71R_mc10\" class=\"markedContent\"><br role=\"presentation\" \/><br \/>\n<span dir=\"ltr\" role=\"presentation\">pues fue muy laborioso el parto de mi madre<\/span><\/span><span id=\"p71R_mc11\" class=\"markedContent\"><br role=\"presentation\" \/><br \/>\n<span dir=\"ltr\" role=\"presentation\">que si se descuida muere por vivirme.<\/span><\/span><span id=\"p71R_mc12\" class=\"markedContent\"><br role=\"presentation\" \/><br \/>\n<span dir=\"ltr\" role=\"presentation\">A los tres a\u00f1os ya sab\u00eda leer<\/span><\/span><span id=\"p71R_mc13\" class=\"markedContent\"><br role=\"presentation\" \/><br \/>\n<span dir=\"ltr\" role=\"presentation\">y a los seis ya sab\u00eda mis labores.<\/span><\/span><span id=\"p71R_mc14\" class=\"markedContent\"><br role=\"presentation\" \/><br \/>\n<span dir=\"ltr\" role=\"presentation\">Yo era buena y delgada,<\/span><\/span><span id=\"p71R_mc15\" class=\"markedContent\"><br role=\"presentation\" \/><br \/>\n<span dir=\"ltr\" role=\"presentation\">alta y algo enferma.<\/span><\/span><span id=\"p71R_mc16\" class=\"markedContent\"><br role=\"presentation\" \/><br \/>\n<span dir=\"ltr\" role=\"presentation\">(\u2026)<\/span><\/span><span id=\"p71R_mc17\" class=\"markedContent\"><\/span><\/em><span id=\"p71R_mc18\" class=\"markedContent\"><br role=\"presentation\" \/><br \/>\n<span dir=\"ltr\" role=\"presentation\">Sin duda, uno de sus mejores poemas, merece la pena seguir ley\u00e9ndolo y os animo a<\/span> <span dir=\"ltr\" role=\"presentation\">buscarlo y conocerlo al completo. No obstante, puestos hablar de su obra, pues ella <\/span><\/span><span id=\"p1R_mc0\" class=\"markedContent\"><span dir=\"ltr\" role=\"presentation\">misma cre\u00f3 un poema en el que explicaba su forma de trabajar, con t\u00edtulo<\/span> <span dir=\"ltr\" role=\"presentation\">\u201cTelegramas de<\/span> <span dir=\"ltr\" role=\"presentation\">urgencia escribo\u201d:<\/span><\/span><span id=\"p1R_mc1\" class=\"markedContent\"><br role=\"presentation\" \/><br \/>\n<\/span><\/p>\n<p class=\"textLayer\" style=\"text-align: justify;\" data-main-rotation=\"0\"><em><span id=\"p1R_mc1\" class=\"markedContent\"><span dir=\"ltr\" role=\"presentation\">Escribo, m\u00e1s que cantar cuento cosas.<\/span><br role=\"presentation\" \/><br \/>\n<span dir=\"ltr\" role=\"presentation\">Destino: La Humanidad.<\/span><br role=\"presentation\" \/><br \/>\n<span dir=\"ltr\" role=\"presentation\">Ingredientes: Mucha pena<\/span><br role=\"presentation\" \/><br \/>\n<span dir=\"ltr\" role=\"presentation\">mucha rabia<\/span><br role=\"presentation\" \/><br \/>\n<span dir=\"ltr\" role=\"presentation\">algo de sal.<\/span><br role=\"presentation\" \/><br \/>\n<span dir=\"ltr\" role=\"presentation\">Forma: ya nace con ella.<\/span><br role=\"presentation\" \/><br \/>\n<span dir=\"ltr\" role=\"presentation\">Fondo: que consiga emocionar.<\/span><br role=\"presentation\" \/><br \/>\n<span dir=\"ltr\" role=\"presentation\">M\u00fasica: la que el verso toca<\/span><br role=\"presentation\" \/><br \/>\n<span dir=\"ltr\" role=\"presentation\">seg\u00fan lo que va a bailar\u2014<\/span><br role=\"presentation\" \/><br \/>\n<span dir=\"ltr\" role=\"presentation\">T\u00e9cnica: (\u00a1Qu\u00e9 aburrimiento!)<\/span><br role=\"presentation\" \/><br \/>\n<span dir=\"ltr\" role=\"presentation\">Color: color natural.<\/span><br role=\"presentation\" \/><br \/>\n<span dir=\"ltr\" role=\"presentation\">Hay que echarle coraz\u00f3n,<\/span><br role=\"presentation\" \/><br \/>\n<span dir=\"ltr\" role=\"presentation\">la verdad de la verdad,<\/span><br role=\"presentation\" \/><br \/>\n<span dir=\"ltr\" role=\"presentation\">la magia de la mentira<\/span><br role=\"presentation\" \/><br \/>\n<span dir=\"ltr\" role=\"presentation\">\u2014no es necesario inventar\u2014.<\/span><br role=\"presentation\" \/><br \/>\n<span dir=\"ltr\" role=\"presentation\">Y as\u00ed contar lo que pasa<\/span><br role=\"presentation\" \/><br \/>\n<span dir=\"ltr\" role=\"presentation\">\u2014\u00a1nunca s\u00edlabas contar!\u2014.<\/span><br role=\"presentation\" \/><br \/>\n<span dir=\"ltr\" role=\"presentation\">Y nace s\u00f3lo el poema&#8230;<\/span><br role=\"presentation\" \/><br \/>\n<span dir=\"ltr\" role=\"presentation\">Y luego la habilidad<\/span><br role=\"presentation\" \/><br \/>\n<span dir=\"ltr\" role=\"presentation\">de poner aquello en claro<\/span><br role=\"presentation\" \/><br \/>\n<span dir=\"ltr\" role=\"presentation\">si nace sin claridad.<\/span><\/span><span id=\"undefined\" class=\"markedContent\"><\/span><\/em><span id=\"p1R_mc6\" class=\"markedContent\"><br role=\"presentation\" \/><br \/>\n<\/span><\/p>\n<p class=\"textLayer\" style=\"text-align: justify;\" data-main-rotation=\"0\"><span id=\"p1R_mc6\" class=\"markedContent\"><span dir=\"ltr\" role=\"presentation\">Cuando Gloria pr\u00e1cticamente culminaba su obra literaria, reci\u00e9n comenzaba a<\/span><\/span><span id=\"undefined\" class=\"markedContent\"><\/span><span id=\"p1R_mc7\" class=\"markedContent\"> <span dir=\"ltr\" role=\"presentation\">resonar el nombre de Almudena\u00a0 Grandes en los foros. Almudena Grandes Hern\u00e1ndez<\/span><\/span><span id=\"undefined\" class=\"markedContent\"><\/span><span id=\"p1R_mc8\" class=\"markedContent\"> <span dir=\"ltr\" role=\"presentation\">naci\u00f3 en Madrid en el a\u00f1o 1960 y a sus veintiocho a\u00f1os de edad, su vida cambi\u00f3 al ser<\/span><\/span><span id=\"undefined\" class=\"markedContent\"><\/span><span id=\"p1R_mc9\" class=\"markedContent\"> <span dir=\"ltr\" role=\"presentation\">galardonada con el premio<\/span> <span dir=\"ltr\" role=\"presentation\">Sonrisa Vertical<\/span> <span dir=\"ltr\" role=\"presentation\">por su primera novela<\/span> <span dir=\"ltr\" role=\"presentation\">\u201cLas Edades de Lul\u00fa\u201d.<\/span><\/span><span id=\"undefined\" class=\"markedContent\"><\/span><span id=\"p1R_mc10\" class=\"markedContent\"> <span dir=\"ltr\" role=\"presentation\">Desde entonces no dej\u00f3 de crear obras literarias, hasta que, en noviembre de 2021,<\/span><\/span><span id=\"undefined\" class=\"markedContent\"><\/span><span id=\"p1R_mc11\" class=\"markedContent\"> <span dir=\"ltr\" role=\"presentation\">desgraciadamente, muri\u00f3 a\u00a0 consecuencia de un c\u00e1ncer que le hab\u00edan diagnosticado un<\/span><\/span><span id=\"undefined\" class=\"markedContent\"><\/span><span id=\"p1R_mc12\" class=\"markedContent\"> <span dir=\"ltr\" role=\"presentation\">a\u00f1o y tres meses antes.<\/span><\/span><span id=\"undefined\" class=\"markedContent\"><\/span><span id=\"p1R_mc13\" class=\"markedContent\"><br role=\"presentation\" \/><br \/>\n<\/span><\/p>\n<p class=\"textLayer\" style=\"text-align: justify;\" data-main-rotation=\"0\"><span id=\"p1R_mc13\" class=\"markedContent\"><span dir=\"ltr\" role=\"presentation\">Atr\u00e1s quedan t\u00edtulos como<\/span> <span dir=\"ltr\" role=\"presentation\">\u201cTe llamar\u00e9 Viernes\u201d, \u201cMalena es un nombre de tango\u201d,<\/span><\/span><span id=\"undefined\" class=\"markedContent\"><\/span><span id=\"p1R_mc14\" class=\"markedContent\"> <span dir=\"ltr\" role=\"presentation\">\u201cLos aires dif\u00edciles\u201d, \u201cLos besos en el pan\u201d, \u201cEl Coraz\u00f3n Helado\u201d,<\/span> <span dir=\"ltr\" role=\"presentation\">etc. Tambi\u00e9n la autora de<\/span><\/span><span id=\"undefined\" class=\"markedContent\"><\/span><span id=\"p1R_mc15\" class=\"markedContent\"> <span dir=\"ltr\" role=\"presentation\">una serie nombrada como<\/span> <span dir=\"ltr\" role=\"presentation\">\u201cEpisodios de una Guerra\u00a0 interminable\u201d<\/span> <span dir=\"ltr\" role=\"presentation\">que deja inacabada a<\/span><\/span><span id=\"undefined\" class=\"markedContent\"><\/span><span id=\"p1R_mc16\" class=\"markedContent\"> <span dir=\"ltr\" role=\"presentation\">falta de su \u00faltimo volumen. No se me ocurre mejor forma de hacer homenaje a<\/span><\/span><span id=\"undefined\" class=\"markedContent\"><\/span><span id=\"p1R_mc17\" class=\"markedContent\"><br role=\"presentation\" \/><br \/>\n<span dir=\"ltr\" role=\"presentation\">Almudena, que recordando el final de su novela<\/span> <span dir=\"ltr\" role=\"presentation\">\u201cIn\u00e9s y la Alegr\u00eda\u201d<\/span><span dir=\"ltr\" role=\"presentation\">, el primer volumen de<\/span><\/span><span id=\"undefined\" class=\"markedContent\"><\/span><span id=\"p1R_mc18\" class=\"markedContent\"> <span dir=\"ltr\" role=\"presentation\">su serie, que, muchos a\u00f1os despu\u00e9s de leerla, la parte que os cito a\u00fan me emociona.<\/span><\/span><\/p>\n<p class=\"textLayer\" style=\"text-align: justify;\" data-main-rotation=\"0\"><span id=\"undefined\" class=\"markedContent\"><\/span><span id=\"p1R_mc19\" class=\"markedContent\"> <span dir=\"ltr\" role=\"presentation\">\u201cEl 27 de octubre de 1944, tras la incursi\u00f3n fallida de la Operaci\u00f3n Reconquista en el<\/span><\/span><span id=\"undefined\" class=\"markedContent\"><\/span><span id=\"p1R_mc20\" class=\"markedContent\"> <span dir=\"ltr\" role=\"presentation\">Valle de Ar\u00e1n, In\u00e9s y Gal\u00e1n, junto a cuatro mil hombres armados se despiden de Sebasti\u00e1n<\/span><\/span><span id=\"undefined\" class=\"markedContent\"><\/span><span id=\"p1R_mc21\" class=\"markedContent\"> <span dir=\"ltr\" role=\"presentation\">Hern\u00e1ndez Romero, alias Comprendes, que ha tomado la decisi\u00f3n de unirse a las guerrillas<\/span><\/span><span id=\"undefined\" class=\"markedContent\"><\/span><span id=\"p1R_mc22\" class=\"markedContent\"> <span dir=\"ltr\" role=\"presentation\">del monte. El resto se dispone a cruzar la frontera de vuelta a Francia, atravesando los<\/span><\/span><span id=\"undefined\" class=\"markedContent\"><\/span><span id=\"p1R_mc23\" class=\"markedContent\"> <span dir=\"ltr\" role=\"presentation\">Pirineos. <\/span><\/span><span id=\"p1R_mc24\" class=\"markedContent\"><span dir=\"ltr\" role=\"presentation\">Comprendes se abraza a Gal\u00e1n, en el que, seg\u00fan la escritora, pudo ser el abrazo m\u00e1s<\/span><\/span><span id=\"undefined\" class=\"markedContent\"><\/span><span id=\"p1R_mc25\" class=\"markedContent\"> <span dir=\"ltr\" role=\"presentation\">largo de sus vidas y tras soltarse se planta serio delante de In\u00e9s, levanta el dedo \u00edndice y<\/span><\/span><span id=\"undefined\" class=\"markedContent\"><\/span><span id=\"p1R_mc26\" class=\"markedContent\"> <span dir=\"ltr\" role=\"presentation\">se\u00f1al\u00e1ndola le dice:<\/span><\/span><\/p>\n<p style=\"text-align: justify;\"><span id=\"p3R_mc12\" class=\"markedContent\"><span dir=\"ltr\" role=\"presentation\">\u00ab<em>&#8211; Y t\u00fa me debes cinco kilos de rosquillas \u00bfComprendes? \u2013cuando asent\u00ed con la<\/em><\/span><\/span><em><span id=\"undefined\" class=\"markedContent\"><\/span><span id=\"p3R_mc13\" class=\"markedContent\"> <span dir=\"ltr\" role=\"presentation\">cabeza para aceptar aquel\u00a0 compromiso, me abraz\u00f3 a m\u00ed tambi\u00e9n- El d\u00eda que entremos en<\/span><\/span><span id=\"undefined\" class=\"markedContent\"><\/span><span id=\"p3R_mc14\" class=\"markedContent\"> <span dir=\"ltr\" role=\"presentation\">Madrid. Que no se te olvide.\u00bb<\/span><\/span><span id=\"undefined\" class=\"markedContent\"><\/span><span id=\"p3R_mc15\" class=\"markedContent\"> <span dir=\"ltr\" role=\"presentation\">Pasaron treinta y dos a\u00f1os, cinco meses y veinte d\u00edas hasta que In\u00e9s pudo cumplir con<\/span><\/span><span id=\"undefined\" class=\"markedContent\"><\/span><span id=\"p3R_mc16\" class=\"markedContent\"> <span dir=\"ltr\" role=\"presentation\">su compromiso. Comprendes hab\u00eda citado a todos en el cine que hab\u00edan ido juntos a ver<\/span> <span dir=\"ltr\" role=\"presentation\">La<\/span><\/span><span id=\"undefined\" class=\"markedContent\"><\/span><span id=\"p3R_mc17\" class=\"markedContent\"> <span dir=\"ltr\" role=\"presentation\">hija de Juan Sim\u00f3n<\/span> <span dir=\"ltr\" role=\"presentation\">en el primer permiso que les dieron (como soldados entonces del<\/span><\/span><span id=\"undefined\" class=\"markedContent\"><\/span><span id=\"p3R_mc18\" class=\"markedContent\"> <span dir=\"ltr\" role=\"presentation\">Ejercito Republicano) en noviembre del 36. Cuando llegaron a la escalinata de entrada del<\/span><\/span><span id=\"undefined\" class=\"markedContent\"><\/span><span id=\"p3R_mc19\" class=\"markedContent\"> <span dir=\"ltr\" role=\"presentation\">Cine Capitol, la escena del abrazo entre Comprendes y Gal\u00e1n se repiti\u00f3 y tras de s\u00ed<\/span><\/span><span id=\"undefined\" class=\"markedContent\"><\/span><span id=\"p3R_mc20\" class=\"markedContent\"> <span dir=\"ltr\" role=\"presentation\">apareci\u00f3 In\u00e9s con su caja de rosquillas en pro de saldar la deuda contra\u00edda. Comprendes<\/span><\/span><span id=\"undefined\" class=\"markedContent\"><\/span><span id=\"p3R_mc21\" class=\"markedContent\"> <span dir=\"ltr\" role=\"presentation\">emocionado ante la escena le dijo:<\/span><\/span><span id=\"undefined\" class=\"markedContent\"><\/span><span id=\"p3R_mc22\" class=\"markedContent\"><br role=\"presentation\" \/><br \/>\n<span dir=\"ltr\" role=\"presentation\">\u00ab- No me esperaba esto \u00bfComprendes? \u2013Sebasti\u00e1n Hern\u00e1ndez Romero me mir\u00f3 con<\/span><\/span><span id=\"undefined\" class=\"markedContent\"><\/span><span id=\"p3R_mc23\" class=\"markedContent\"> <span dir=\"ltr\" role=\"presentation\">las gafas muy sucias, los ojos muy brillantes en cambio- Estaba seguro de que no te ibas<\/span><\/span><span id=\"undefined\" class=\"markedContent\"><\/span><span id=\"p3R_mc24\" class=\"markedContent\"> <span dir=\"ltr\" role=\"presentation\">acordar.<\/span><\/span><span id=\"undefined\" class=\"markedContent\"><\/span><span id=\"p3R_mc25\" class=\"markedContent\"><br role=\"presentation\" \/><br \/>\n<span dir=\"ltr\" role=\"presentation\">&#8211; Pues me acordado, ya ves \u2013dej\u00e9 las rosquillas en el suelo y me abalanc\u00e9 entre sus<\/span><\/span><span id=\"undefined\" class=\"markedContent\"><\/span><span id=\"p3R_mc26\" class=\"markedContent\"> <span dir=\"ltr\" role=\"presentation\">brazos para no echarme a llorar antes de tiempo- \u00bfC\u00f3mo se me iba a olvidar?\u00bb<\/span><\/span><\/em><span id=\"undefined\" class=\"markedContent\"><\/span><span id=\"p3R_mc27\" class=\"markedContent\"><br role=\"presentation\" \/><br \/>\n<\/span><\/p>\n<p style=\"text-align: justify;\"><span id=\"p3R_mc27\" class=\"markedContent\"><span dir=\"ltr\" role=\"presentation\">Todos los Episodios de una Guerra Interminable que escribi\u00f3 Almudena terminan as\u00ed,<\/span><\/span><span id=\"undefined\" class=\"markedContent\"><\/span><span id=\"p3R_mc28\" class=\"markedContent\"> <span dir=\"ltr\" role=\"presentation\">con un final feliz, historias de amor y de eterna amistad, historias de gente de a pie, que<\/span><\/span><span id=\"undefined\" class=\"markedContent\"><\/span><span id=\"p3R_mc29\" class=\"markedContent\"> <span dir=\"ltr\" role=\"presentation\">se relaciona e interacciona con personajes reales de la\u00a0 historia. Fiel defensora de sus<\/span><\/span><span id=\"undefined\" class=\"markedContent\"><\/span><span id=\"p3R_mc30\" class=\"markedContent\"> <span dir=\"ltr\" role=\"presentation\">ideales y ejerciendo con maestr\u00eda de conciencia para un pa\u00eds entero, en voz de los <\/span><\/span><span id=\"p3R_mc31\" class=\"markedContent\"><span dir=\"ltr\" role=\"presentation\">derrotados y de sus herederos. Nos deja un legado eterno que son sus libros y las<\/span><\/span><span id=\"undefined\" class=\"markedContent\"><\/span><span id=\"p3R_mc32\" class=\"markedContent\"> <span dir=\"ltr\" role=\"presentation\">historias contadas en ellos. Gracias, Almudena, por ser la voz de la Memoria.<\/span><\/span><span id=\"undefined\" class=\"markedContent\"><\/span><span id=\"p3R_mc33\" class=\"markedContent\"><\/span><\/p>\n<p style=\"text-align: justify;\"><span id=\"p3R_mc33\" class=\"markedContent\"><span dir=\"ltr\" role=\"presentation\">Por muchos a\u00f1os que pasen de la muerte de estas dos grandes escritoras, siempre<\/span><\/span><span id=\"undefined\" class=\"markedContent\"><\/span><span id=\"p3R_mc34\" class=\"markedContent\"> <span dir=\"ltr\" role=\"presentation\">nos quedar\u00e1 el legado de sus obras y no habr\u00e1 mejor forma de homenajear sus trabajos<\/span><\/span><span id=\"undefined\" class=\"markedContent\"><\/span><span id=\"p3R_mc35\" class=\"markedContent\"> <span dir=\"ltr\" role=\"presentation\">que re-ley\u00e9ndolas. Como dir\u00eda Miguel Delibes en su libro<\/span> <span dir=\"ltr\" role=\"presentation\">\u201cMujer de rojo sobre fondo gris\u201d<\/span><\/span><span id=\"undefined\" class=\"markedContent\"><\/span><span id=\"p3R_mc36\" class=\"markedContent\"> <span dir=\"ltr\" role=\"presentation\">dos mujeres \u00abque con su sola presencia aligeran la pesadumbre del vivir\u00bb. Si las<\/span><\/span><span id=\"undefined\" class=\"markedContent\"><\/span><span id=\"p3R_mc37\" class=\"markedContent\"> <span dir=\"ltr\" role=\"presentation\">continuamos leyendo nunca dejar\u00e1n de estar presentes.<\/span><\/span><span id=\"undefined\" class=\"markedContent\"><\/span><span id=\"p3R_mc38\" class=\"markedContent\"><\/span><span id=\"undefined\" class=\"markedContent\"><\/span><span id=\"p3R_mc39\" class=\"markedContent\"><\/span><span id=\"undefined\" class=\"markedContent\"><\/span><span id=\"p3R_mc40\" class=\"markedContent\"><\/span><span id=\"undefined\" class=\"markedContent\"><\/span><span id=\"p3R_mc41\" class=\"markedContent\"><\/span><span id=\"undefined\" class=\"markedContent\"><\/span><span id=\"p3R_mc42\" class=\"markedContent\"><\/span><span id=\"undefined\" class=\"markedContent\"><\/span><span id=\"p3R_mc43\" class=\"markedContent\"><\/span><span id=\"p3R_mc11\" class=\"markedContent\"><br role=\"presentation\" \/><br \/>\n<\/span><\/p>\n<p style=\"text-align: justify;\"><span id=\"p3R_mc11\" class=\"markedContent\"><span dir=\"ltr\" role=\"presentation\">Escribo, m\u00e1s que cantar cuento cosas.<\/span><br role=\"presentation\" \/><br \/>\n<span dir=\"ltr\" role=\"presentation\">Destino: La Humanidad.<\/span><br role=\"presentation\" \/><br \/>\n<span dir=\"ltr\" role=\"presentation\">Ingredientes: Mucha pena<\/span><br role=\"presentation\" \/><br \/>\n<span dir=\"ltr\" role=\"presentation\">mucha rabia<\/span><br role=\"presentation\" \/><br \/>\n<span dir=\"ltr\" role=\"presentation\">algo de sal.<\/span><br role=\"presentation\" \/><br \/>\n<span dir=\"ltr\" role=\"presentation\">Forma: ya nace con ella.<\/span><br role=\"presentation\" \/><br \/>\n<span dir=\"ltr\" role=\"presentation\">Fondo: que consiga emocionar.<\/span><br role=\"presentation\" \/><br \/>\n<span dir=\"ltr\" role=\"presentation\">M\u00fasica: la que el verso toca<\/span><br role=\"presentation\" \/><br \/>\n<span dir=\"ltr\" role=\"presentation\">seg\u00fan lo que va a bailar\u2014<\/span><br role=\"presentation\" \/><br \/>\n<span dir=\"ltr\" role=\"presentation\">T\u00e9cnica: (\u00a1Qu\u00e9 aburrimiento!)<\/span><\/span><\/p>\n<div class=\"page\" style=\"text-align: justify;\" role=\"region\" data-page-number=\"3\" aria-label=\"P\u00e1gina 3\" data-loaded=\"true\">\u00a0<\/div>\n<div class=\"page\" role=\"region\" data-page-number=\"4\" aria-label=\"P\u00e1gina 4\" data-loaded=\"true\">\n<div class=\"canvasWrapper\" style=\"text-align: justify;\">\u00a0<\/div>\n<\/div>\n","protected":false},"excerpt":{"rendered":"<p>\u00abQueridos vecinos, queridas vecinas, camaradas y c\u00f3mplices de los trabajos y placeres\u2026. Escribo como escribo,&#8230;<\/p>\n","protected":false},"author":1,"featured_media":64767,"comment_status":"closed","ping_status":"closed","sticky":false,"template":"","format":"standard","meta":{"_coblocks_attr":"","_coblocks_dimensions":"","_coblocks_responsive_height":"","_coblocks_accordion_ie_support":"","jetpack_post_was_ever_published":false,"_jetpack_newsletter_access":"","_jetpack_dont_email_post_to_subs":false,"_jetpack_newsletter_tier_id":0,"_jetpack_memberships_contains_paywalled_content":false,"_jetpack_memberships_contains_paid_content":false,"footnotes":"","jetpack_publicize_message":"","jetpack_publicize_feature_enabled":true,"jetpack_social_post_already_shared":true,"jetpack_social_options":{"image_generator_settings":{"template":"highway","default_image_id":0,"enabled":false},"version":2}},"categories":[1161,14,10794],"tags":[],"class_list":["post-64766","post","type-post","status-publish","format-standard","has-post-thumbnail","hentry","category-ciudadania","category-feminismo","category-fran-lopez"],"jetpack_publicize_connections":[],"jetpack_featured_media_url":"https:\/\/i0.wp.com\/miradordeatarfe.es\/wp-content\/uploads\/2023\/11\/8FeriaLibroRuralPedrajas.jpg?fit=1163%2C1163&ssl=1","jetpack_likes_enabled":true,"jetpack_sharing_enabled":true,"_links":{"self":[{"href":"https:\/\/miradordeatarfe.es\/index.php?rest_route=\/wp\/v2\/posts\/64766","targetHints":{"allow":["GET"]}}],"collection":[{"href":"https:\/\/miradordeatarfe.es\/index.php?rest_route=\/wp\/v2\/posts"}],"about":[{"href":"https:\/\/miradordeatarfe.es\/index.php?rest_route=\/wp\/v2\/types\/post"}],"author":[{"embeddable":true,"href":"https:\/\/miradordeatarfe.es\/index.php?rest_route=\/wp\/v2\/users\/1"}],"replies":[{"embeddable":true,"href":"https:\/\/miradordeatarfe.es\/index.php?rest_route=%2Fwp%2Fv2%2Fcomments&post=64766"}],"version-history":[{"count":6,"href":"https:\/\/miradordeatarfe.es\/index.php?rest_route=\/wp\/v2\/posts\/64766\/revisions"}],"predecessor-version":[{"id":65228,"href":"https:\/\/miradordeatarfe.es\/index.php?rest_route=\/wp\/v2\/posts\/64766\/revisions\/65228"}],"wp:featuredmedia":[{"embeddable":true,"href":"https:\/\/miradordeatarfe.es\/index.php?rest_route=\/wp\/v2\/media\/64767"}],"wp:attachment":[{"href":"https:\/\/miradordeatarfe.es\/index.php?rest_route=%2Fwp%2Fv2%2Fmedia&parent=64766"}],"wp:term":[{"taxonomy":"category","embeddable":true,"href":"https:\/\/miradordeatarfe.es\/index.php?rest_route=%2Fwp%2Fv2%2Fcategories&post=64766"},{"taxonomy":"post_tag","embeddable":true,"href":"https:\/\/miradordeatarfe.es\/index.php?rest_route=%2Fwp%2Fv2%2Ftags&post=64766"}],"curies":[{"name":"wp","href":"https:\/\/api.w.org\/{rel}","templated":true}]}}