{"id":64772,"date":"2023-11-10T09:52:48","date_gmt":"2023-11-10T08:52:48","guid":{"rendered":"https:\/\/miradordeatarfe.es\/?p=64772"},"modified":"2023-11-10T09:52:48","modified_gmt":"2023-11-10T08:52:48","slug":"exposicion-el-maristan-de-granada-y-la-medicina-de-al-andalus","status":"publish","type":"post","link":"https:\/\/miradordeatarfe.es\/?p=64772","title":{"rendered":"Exposici\u00f3n \u201cEl Marist\u00e1n de Granada y la medicina de al-\u00c1ndalus\u201d"},"content":{"rendered":"<div class=\"tribe-events-single-event-description tribe-events-content entry-content description\">\n<h3 style=\"text-align: justify;\">Exposici\u00f3n \u201cEl Marist\u00e1n de Granada y la medicina de al-\u00c1ndalus\u201d de <strong>Jos\u00e9 Vigueras y Mar\u00eda Dolores Moreno<\/strong>, en la Fundaci\u00f3n Euro\u00e1rabe.<\/h3>\n<p style=\"text-align: justify;\">Esta exposici\u00f3n nos recuerda el fuerte impulso que conoci\u00f3 la ciencia m\u00e9dica en Al-\u00c1ndalus, con grandes sabios como al-Zarawi, Averroes o Maim\u00f3nides, en un trabajo muy bien documentado e ilustrado. La contribuci\u00f3n de los cient\u00edficos andalus\u00edes, que fueron capaces de fusionar el conocimiento de Oriente y Occidente, fue decisiva para que la humanidad volviera a encontrar el camino del progreso.<\/p>\n<p style=\"text-align: justify;\">La muestra tiene una finalidad claramente divulgativa. Cada ilustraci\u00f3n va acompa\u00f1ada de su texto correspondiente. Esta necesidad pedag\u00f3gica de dar imagen a los textos est\u00e1 muy desarrollada en ilustraciones que narran otras etapas hist\u00f3ricas, o de distintas civilizaciones, pero no tanto sobre las ilustraciones en torno al periodo andalus\u00ed que suelen ser m\u00e1s escasas, de aqu\u00ed la necesidad de abordar este proyecto. Est\u00e1 compuesta por una serie de ilustraciones realizadas fundamentalmente con la t\u00e9cnica de la acuarela, aunque el proceso de elaboraci\u00f3n de algunas de ellas termina con aplicaciones digitales que propician un trabajo pl\u00e1stico, en equipo, entre los dos<br \/>\nautores. Su creaci\u00f3n ha supuesto una labor previa de documentaci\u00f3n gr\u00e1fica.<\/p>\n<p style=\"text-align: justify;\">El acto de inauguraci\u00f3n contar\u00e1 con las intervenciones de Inmaculada Ramos Tapia, secretaria ejecutiva de la Fundaci\u00f3n Euro\u00e1rabe; Aurora Valenzuela Garach, decana de la Facultad de Medicina de la Universidad de Granada y los autores, Jose Vigueras Rold\u00e1n y Mar\u00eda Dolores Moreno.<\/p>\n<hr \/>\n<ul>\n<li><strong>Fecha:<\/strong> Del 26 de octubre al 23 de noviembre de 2023.<br \/>\nInauguraci\u00f3n: Mi\u00e9rcoles, 8 de noviembre, a las 18:30h.<\/li>\n<li><strong>Lugar:<\/strong> Fundaci\u00f3n Euro\u00e1rabe de Altos Estudios<\/li>\n<li><strong>Horario:<\/strong> de lunes a jueves en horario de 9h. a 14h. y de 17h. a 20h. Viernes tarde, fines de semana y festivos cerrado.<\/li>\n<li><strong>Organiza:<\/strong> Fundaci\u00f3n Euro\u00e1rabe de Altos Estudios<\/li>\n<li><strong>M\u00e1s informaci\u00f3n:<\/strong> <a href=\"https:\/\/www.fundea.org\/es\/noticias\/inauguracion-maristan-granada-medicina-al-andalus-jose-vigueras-maria-dolores-moreno\">web Fundaci\u00f3n Euro\u00e1rabe<\/a><\/li>\n<\/ul>\n<p><a href=\"https:\/\/i0.wp.com\/miradordeatarfe.es\/wp-content\/uploads\/2023\/11\/cartel_expo_el_maristan1.webp?ssl=1\"><img data-recalc-dims=\"1\" loading=\"lazy\" decoding=\"async\" class=\"alignnone wp-image-64774 size-full\" src=\"https:\/\/i0.wp.com\/miradordeatarfe.es\/wp-content\/uploads\/2023\/11\/cartel_expo_el_maristan1.webp?resize=640%2C905&#038;ssl=1\" alt=\"\" width=\"640\" height=\"905\" srcset=\"https:\/\/i0.wp.com\/miradordeatarfe.es\/wp-content\/uploads\/2023\/11\/cartel_expo_el_maristan1.webp?w=724&amp;ssl=1 724w, https:\/\/i0.wp.com\/miradordeatarfe.es\/wp-content\/uploads\/2023\/11\/cartel_expo_el_maristan1.webp?resize=212%2C300&amp;ssl=1 212w\" sizes=\"auto, (max-width: 640px) 100vw, 640px\" \/><\/a><\/p>\n<\/div>\n","protected":false},"excerpt":{"rendered":"<p>Exposici\u00f3n \u201cEl Marist\u00e1n de Granada y la medicina de al-\u00c1ndalus\u201d de Jos\u00e9 Vigueras y Mar\u00eda&#8230;<\/p>\n","protected":false},"author":1,"featured_media":0,"comment_status":"closed","ping_status":"closed","sticky":false,"template":"","format":"standard","meta":{"_coblocks_attr":"","_coblocks_dimensions":"","_coblocks_responsive_height":"","_coblocks_accordion_ie_support":"","jetpack_post_was_ever_published":false,"_jetpack_newsletter_access":"","_jetpack_dont_email_post_to_subs":false,"_jetpack_newsletter_tier_id":0,"_jetpack_memberships_contains_paywalled_content":false,"_jetpack_memberships_contains_paid_content":false,"footnotes":"","jetpack_publicize_message":"","jetpack_publicize_feature_enabled":true,"jetpack_social_post_already_shared":true,"jetpack_social_options":{"image_generator_settings":{"template":"highway","default_image_id":0,"enabled":false},"version":2}},"categories":[5359,44],"tags":[],"class_list":["post-64772","post","type-post","status-publish","format-standard","hentry","category-madinat-ilbira","category-noticias-de-hoy"],"jetpack_publicize_connections":[],"jetpack_featured_media_url":"","jetpack_likes_enabled":true,"jetpack_sharing_enabled":true,"_links":{"self":[{"href":"https:\/\/miradordeatarfe.es\/index.php?rest_route=\/wp\/v2\/posts\/64772","targetHints":{"allow":["GET"]}}],"collection":[{"href":"https:\/\/miradordeatarfe.es\/index.php?rest_route=\/wp\/v2\/posts"}],"about":[{"href":"https:\/\/miradordeatarfe.es\/index.php?rest_route=\/wp\/v2\/types\/post"}],"author":[{"embeddable":true,"href":"https:\/\/miradordeatarfe.es\/index.php?rest_route=\/wp\/v2\/users\/1"}],"replies":[{"embeddable":true,"href":"https:\/\/miradordeatarfe.es\/index.php?rest_route=%2Fwp%2Fv2%2Fcomments&post=64772"}],"version-history":[{"count":2,"href":"https:\/\/miradordeatarfe.es\/index.php?rest_route=\/wp\/v2\/posts\/64772\/revisions"}],"predecessor-version":[{"id":64775,"href":"https:\/\/miradordeatarfe.es\/index.php?rest_route=\/wp\/v2\/posts\/64772\/revisions\/64775"}],"wp:attachment":[{"href":"https:\/\/miradordeatarfe.es\/index.php?rest_route=%2Fwp%2Fv2%2Fmedia&parent=64772"}],"wp:term":[{"taxonomy":"category","embeddable":true,"href":"https:\/\/miradordeatarfe.es\/index.php?rest_route=%2Fwp%2Fv2%2Fcategories&post=64772"},{"taxonomy":"post_tag","embeddable":true,"href":"https:\/\/miradordeatarfe.es\/index.php?rest_route=%2Fwp%2Fv2%2Ftags&post=64772"}],"curies":[{"name":"wp","href":"https:\/\/api.w.org\/{rel}","templated":true}]}}