{"id":64782,"date":"2023-11-11T10:40:25","date_gmt":"2023-11-11T09:40:25","guid":{"rendered":"https:\/\/miradordeatarfe.es\/?p=64782"},"modified":"2023-11-10T12:56:52","modified_gmt":"2023-11-10T11:56:52","slug":"atarfe-superara-las-30-camaras-tras-la-segunda-fase-de-instalacion-que-llegara-a-poligonos-anejos-y-colegios","status":"publish","type":"post","link":"https:\/\/miradordeatarfe.es\/?p=64782","title":{"rendered":"Atarfe superar\u00e1 las 30 c\u00e1maras tras la segunda fase de instalaci\u00f3n que llegar\u00e1 a pol\u00edgonos, anejos y colegios"},"content":{"rendered":"<h3 style=\"text-align: justify;\">El municipio ya contaba con 19 de una primera fase y ahora ha ampliado el servicio con otros 14 dispositivos<\/h3>\n<p style=\"text-align: justify;\">El <strong>Ayuntamiento de Atarfe <\/strong>est\u00e1 cerca de culminar la instalaci\u00f3n de las nuevas c\u00e1maras de vigilancia para el control del tr\u00e1fico, que har\u00e1n que se superen la treintena en la localidad metropolitana y llegar\u00e1n a puntos como pol\u00edgonos, anejos y colegios.<\/p>\n<p style=\"text-align: justify;\">Se trata de 14 nuevos dispositivos que se est\u00e1n instalando estos d\u00edas y que se suman a los 19 que ya exist\u00edan de una primera fase, por lo que el n\u00famero total de c\u00e1maras de <strong>Atarfe <\/strong>alcanzar\u00e1 las 33, ha explicado a <strong><a href=\"http:\/\/www.ahoragranada.com\" target=\"_blank\" rel=\"noreferrer noopener\">ahoraGranada <\/a><\/strong>el concejal de Seguridad Ciudadana, Francisco P\u00e9rez.<\/p>\n<p style=\"text-align: justify;\">Se trata de un proyecto que pretende en este caso llegar a puntos donde a\u00fan no se hab\u00edan instalado estos dispositivos de control, entre los que se encuentra el Pol\u00edgono de los \u00c1lamos, algunos puntos de los anejos del municipio o tambi\u00e9n distintos espacios junto a colegios o en viales principales. \u00abSe trata de c\u00e1maras cuyas funciones son de tr\u00e1fico, pero que cuando hay un delito se puede recurrir a ellas y adem\u00e1s tienen un fin disuasorio\u00bb, ha se\u00f1alado P\u00e9rez<\/p>\n<p style=\"text-align: justify;\">Estas c\u00e1maras forman parte de un proyecto que persigue la mejora de la seguridad, el control y la vigilancia del tr\u00e1fico, dando respuesta a los presupuestos participativos desarrollados hace dos a\u00f1os en el municipio. Desde septiembre de 2021 Atarfe inicio el proyecto para comenzar a emitir denuncias de forma autom\u00e1tica asociadas a las infracciones detectadas por las c\u00e1maras.<\/p>\n<p style=\"text-align: justify;\">La Red de Videovigilancia est\u00e1 dotada de un Sistema de Inteligencia Artificial y permite un control en tiempo real de la situaci\u00f3n del tr\u00e1fico de veh\u00edculos y aquellas incidencias e infracciones que ocurran en los espacios p\u00fablicos.<\/p>\n<p style=\"text-align: justify;\"><span class=\"section-name\"> <span class=\"autor\"> <a title=\"Entradas de Luis F. Ruiz\" href=\"https:\/\/www.ahoragranada.com\/columnista\/luis-f-ruiz\/\" rel=\"author\"><strong>Luis F. Ruiz<\/strong><\/a> <\/span><\/span><\/p>\n<p>FOTO: Una de las 14 c\u00e1maras que forman parte de esta segunda fase. Foto: Ayto. de Atarfe<\/p>\n<blockquote class=\"wp-embedded-content\" data-secret=\"7d6GAkJHKc\"><p><a href=\"https:\/\/www.ahoragranada.com\/noticias\/atarfe-superara-las-30-camaras-tras-la-segunda-fase-de-instalacion-que-llegara-poligonos-anejos-y-colegios\/\">Atarfe superar\u00e1 las 30 c\u00e1maras tras la segunda fase de instalaci\u00f3n que llegar\u00e1 a pol\u00edgonos, anejos y colegios<\/a><\/p><\/blockquote>\n<p><iframe loading=\"lazy\" class=\"wp-embedded-content\" sandbox=\"allow-scripts\" security=\"restricted\" style=\"position: absolute; visibility: hidden;\" title=\"\u00abAtarfe superar\u00e1 las 30 c\u00e1maras tras la segunda fase de instalaci\u00f3n que llegar\u00e1 a pol\u00edgonos, anejos y colegios\u00bb \u2014 Ahora Granada\" src=\"https:\/\/www.ahoragranada.com\/noticias\/atarfe-superara-las-30-camaras-tras-la-segunda-fase-de-instalacion-que-llegara-poligonos-anejos-y-colegios\/embed\/#?secret=xuXEnjdUHo#?secret=7d6GAkJHKc\" data-secret=\"7d6GAkJHKc\" width=\"600\" height=\"338\" frameborder=\"0\" marginwidth=\"0\" marginheight=\"0\" scrolling=\"no\"><\/iframe><\/p>\n","protected":false},"excerpt":{"rendered":"<p>El municipio ya contaba con 19 de una primera fase y ahora ha ampliado el&#8230;<\/p>\n","protected":false},"author":1,"featured_media":64783,"comment_status":"closed","ping_status":"closed","sticky":false,"template":"","format":"standard","meta":{"_coblocks_attr":"","_coblocks_dimensions":"","_coblocks_responsive_height":"","_coblocks_accordion_ie_support":"","jetpack_post_was_ever_published":false,"_jetpack_newsletter_access":"","_jetpack_dont_email_post_to_subs":false,"_jetpack_newsletter_tier_id":0,"_jetpack_memberships_contains_paywalled_content":false,"_jetpack_memberships_contains_paid_content":false,"footnotes":"","jetpack_publicize_message":"","jetpack_publicize_feature_enabled":true,"jetpack_social_post_already_shared":true,"jetpack_social_options":{"image_generator_settings":{"template":"highway","default_image_id":0,"enabled":false},"version":2}},"categories":[2,6916,44],"tags":[],"class_list":["post-64782","post","type-post","status-publish","format-standard","has-post-thumbnail","hentry","category-atarfe","category-ayuntamiento-de-atarfe","category-noticias-de-hoy"],"jetpack_publicize_connections":[],"jetpack_featured_media_url":"https:\/\/i0.wp.com\/miradordeatarfe.es\/wp-content\/uploads\/2023\/11\/Camaras-Videovigliancia-Atarfe-01.jpeg?fit=970%2C545&ssl=1","jetpack_likes_enabled":true,"jetpack_sharing_enabled":true,"_links":{"self":[{"href":"https:\/\/miradordeatarfe.es\/index.php?rest_route=\/wp\/v2\/posts\/64782","targetHints":{"allow":["GET"]}}],"collection":[{"href":"https:\/\/miradordeatarfe.es\/index.php?rest_route=\/wp\/v2\/posts"}],"about":[{"href":"https:\/\/miradordeatarfe.es\/index.php?rest_route=\/wp\/v2\/types\/post"}],"author":[{"embeddable":true,"href":"https:\/\/miradordeatarfe.es\/index.php?rest_route=\/wp\/v2\/users\/1"}],"replies":[{"embeddable":true,"href":"https:\/\/miradordeatarfe.es\/index.php?rest_route=%2Fwp%2Fv2%2Fcomments&post=64782"}],"version-history":[{"count":1,"href":"https:\/\/miradordeatarfe.es\/index.php?rest_route=\/wp\/v2\/posts\/64782\/revisions"}],"predecessor-version":[{"id":64784,"href":"https:\/\/miradordeatarfe.es\/index.php?rest_route=\/wp\/v2\/posts\/64782\/revisions\/64784"}],"wp:featuredmedia":[{"embeddable":true,"href":"https:\/\/miradordeatarfe.es\/index.php?rest_route=\/wp\/v2\/media\/64783"}],"wp:attachment":[{"href":"https:\/\/miradordeatarfe.es\/index.php?rest_route=%2Fwp%2Fv2%2Fmedia&parent=64782"}],"wp:term":[{"taxonomy":"category","embeddable":true,"href":"https:\/\/miradordeatarfe.es\/index.php?rest_route=%2Fwp%2Fv2%2Fcategories&post=64782"},{"taxonomy":"post_tag","embeddable":true,"href":"https:\/\/miradordeatarfe.es\/index.php?rest_route=%2Fwp%2Fv2%2Ftags&post=64782"}],"curies":[{"name":"wp","href":"https:\/\/api.w.org\/{rel}","templated":true}]}}