{"id":64791,"date":"2023-11-13T11:38:02","date_gmt":"2023-11-13T10:38:02","guid":{"rendered":"https:\/\/miradordeatarfe.es\/?p=64791"},"modified":"2023-12-08T23:25:24","modified_gmt":"2023-12-08T22:25:24","slug":"hundir-la-flota-por-remedios-sanchez","status":"publish","type":"post","link":"https:\/\/miradordeatarfe.es\/?p=64791","title":{"rendered":"\u00abHUNDIR LA FLOTA\u00bb por Remedios S\u00e1nchez"},"content":{"rendered":"<h3 style=\"text-align: justify;\">Cuando la \u00fanica patria conocida era la infancia en aquella Espa\u00f1a donde los televisores se acostumbraban al color, el juego de moda era \u201cHundir la flota\u201d.<\/h3>\n<p style=\"text-align: justify;\">Provistos de l\u00e1piz, papel cuadriculado donde visualizar los aciertos o fallos y un tablero del mar organizado en escaques numerados para situar dos escuadras de guerra, el asunto consist\u00eda en ir eliminando los buques rivales\u00a0aplicando habilidad estrat\u00e9gica y un poco de suerte. Y, as\u00ed, entre risas y gritos de agua, tocados y hundidos se pasaban las tardes de s\u00e1bado. Ahora, treinta y muchos a\u00f1os despu\u00e9s y previo a la elecci\u00f3n del nuevo gobierno que presidir\u00e1 Pedro con el apoyo, entre otros, del partido de Puigdemont, los hijos de la democracia vemos con preocupaci\u00f3n c\u00f3mo empiezan a usarse t\u00e9rminos como \u201clawfare\u201d (o judicializaci\u00f3n de la pol\u00edtica), sin que nadie se vaya a rengl\u00f3n seguido al juzgado m\u00e1s cercano a ponerle la correspondiente denuncia al magistrado prevaricador. Porque resulta peligroso eso de mezclar los tres poderes que tan claramente define la Constituci\u00f3n (ejecutivo, legislativo y judicial) sin que haya una respuesta no s\u00f3lo de un partido centenario y garante de la democracia (que es el PSOE) sino del resto de ideolog\u00edas, que se han echado a las calles porque resulta m\u00e1s medi\u00e1tico y calientan m\u00e1s los \u00e1nimos las algaradas con antidisturbios de fondo.<\/p>\n<p style=\"text-align: justify;\">Junts ha conseguido las concesiones econ\u00f3micas previsibles pactase con quien pactase, pero ha logrado a\u00f1adir tres cuestiones muy sensibles: la amnist\u00eda que en su d\u00eda y cuando se aplic\u00f3 el art\u00edculo 155 no quiso aceptar de Rajoy (v\u00e9ase la prensa de aquel tiempo), un relator internacional para un problema interno en proceso de disoluci\u00f3n y que parezca que el pr\u00f3fugo Puigdemont le tuerce el brazo al Estado de Derecho. Y nos lo tuerce, s\u00ed, pero no tanto como se ha dado a entender, porque lo que dice el documento sobre un posible nuevo refer\u00e9ndum es que PSOE y Junts est\u00e1n de acuerdo en que no est\u00e1n de acuerdo y que, para llegar a un posible entendimiento, van a seguir hablando. Esto es: que hemos pasado de Karl Marx a Groucho Marx, aunque con el problema grav\u00edsimo de la imagen del Napole\u00f3n gerundense explicando su versi\u00f3n delirante del pacto que tiene poco parecido con la realidad. \u00a0<\/p>\n<p style=\"text-align: justify;\">Los sanchistas (porque esto va m\u00e1s de Pedro S\u00e1nchez y su habitual modo de proceder que del PSOE) no han sabido explicar bien que todo es un trampantojo para que los secesionistas entren al redil de los votos necesarios de investidura. Es decir, patada hacia adelante y, despu\u00e9s, Dios proveer\u00e1 porque el futuro, como dec\u00eda mi abuelo, nadie lo ha visto. Pedro cree que su baraka es eterna y,\u00a0con la prepotencia habitual, ha puesto\u00a0encima de la mesa el modelo que tenemos asumido de Espa\u00f1a en vez de las figuritas de los barquitos. Es decir, la peor opci\u00f3n para el socialismo espa\u00f1ol que debe empezar a plantearse el porvenir desde las bases para reconstruirse y ver c\u00f3mo sobrevivir a un l\u00edder que, como tiene ya la cabeza en otros lares, prefiere ignorar la \u00e9pica. No se dan cuenta ni S\u00e1nchez ni sus escuderos\/aplaudidores Bola\u00f1os, Montero o el ignoto Cerd\u00e1n de que es el g\u00e9nero literario que mejor nos caracteriza desde los tiempos del Cid, representado fielmente en la m\u00e1xima de M\u00e9ndez N\u00fa\u00f1ez de que m\u00e1s vale honra sin barcos que barcos sin honra<\/p>\n<p>foto: https:\/\/www.antena3.com\/noticias\/espana\/puigdemont-arremete-sanchez-desafia-que-rajoy-tengan-valor-reactivar-euroorden_201802055a78ca170cf2389f9cc9c9a9.html<\/p>\n","protected":false},"excerpt":{"rendered":"<p>Cuando la \u00fanica patria conocida era la infancia en aquella Espa\u00f1a donde los televisores se&#8230;<\/p>\n","protected":false},"author":1,"featured_media":64792,"comment_status":"closed","ping_status":"closed","sticky":false,"template":"","format":"standard","meta":{"_coblocks_attr":"","_coblocks_dimensions":"","_coblocks_responsive_height":"","_coblocks_accordion_ie_support":"","jetpack_post_was_ever_published":false,"_jetpack_newsletter_access":"","_jetpack_dont_email_post_to_subs":false,"_jetpack_newsletter_tier_id":0,"_jetpack_memberships_contains_paywalled_content":false,"_jetpack_memberships_contains_paid_content":false,"footnotes":"","jetpack_publicize_message":"","jetpack_publicize_feature_enabled":true,"jetpack_social_post_already_shared":true,"jetpack_social_options":{"image_generator_settings":{"template":"highway","default_image_id":0,"enabled":false},"version":2}},"categories":[44,7671,6914],"tags":[],"class_list":["post-64791","post","type-post","status-publish","format-standard","has-post-thumbnail","hentry","category-noticias-de-hoy","category-politica","category-opinion-de-reme-sanchez"],"jetpack_publicize_connections":[],"jetpack_featured_media_url":"https:\/\/i0.wp.com\/miradordeatarfe.es\/wp-content\/uploads\/2023\/11\/14.webp?fit=1228%2C432&ssl=1","jetpack_likes_enabled":true,"jetpack_sharing_enabled":true,"_links":{"self":[{"href":"https:\/\/miradordeatarfe.es\/index.php?rest_route=\/wp\/v2\/posts\/64791","targetHints":{"allow":["GET"]}}],"collection":[{"href":"https:\/\/miradordeatarfe.es\/index.php?rest_route=\/wp\/v2\/posts"}],"about":[{"href":"https:\/\/miradordeatarfe.es\/index.php?rest_route=\/wp\/v2\/types\/post"}],"author":[{"embeddable":true,"href":"https:\/\/miradordeatarfe.es\/index.php?rest_route=\/wp\/v2\/users\/1"}],"replies":[{"embeddable":true,"href":"https:\/\/miradordeatarfe.es\/index.php?rest_route=%2Fwp%2Fv2%2Fcomments&post=64791"}],"version-history":[{"count":1,"href":"https:\/\/miradordeatarfe.es\/index.php?rest_route=\/wp\/v2\/posts\/64791\/revisions"}],"predecessor-version":[{"id":64793,"href":"https:\/\/miradordeatarfe.es\/index.php?rest_route=\/wp\/v2\/posts\/64791\/revisions\/64793"}],"wp:featuredmedia":[{"embeddable":true,"href":"https:\/\/miradordeatarfe.es\/index.php?rest_route=\/wp\/v2\/media\/64792"}],"wp:attachment":[{"href":"https:\/\/miradordeatarfe.es\/index.php?rest_route=%2Fwp%2Fv2%2Fmedia&parent=64791"}],"wp:term":[{"taxonomy":"category","embeddable":true,"href":"https:\/\/miradordeatarfe.es\/index.php?rest_route=%2Fwp%2Fv2%2Fcategories&post=64791"},{"taxonomy":"post_tag","embeddable":true,"href":"https:\/\/miradordeatarfe.es\/index.php?rest_route=%2Fwp%2Fv2%2Ftags&post=64791"}],"curies":[{"name":"wp","href":"https:\/\/api.w.org\/{rel}","templated":true}]}}