{"id":64809,"date":"2023-11-12T08:09:28","date_gmt":"2023-11-12T07:09:28","guid":{"rendered":"https:\/\/miradordeatarfe.es\/?p=64809"},"modified":"2023-11-11T13:14:10","modified_gmt":"2023-11-11T12:14:10","slug":"islandia-declara-el-estado-de-emergencia-tras-registrar-varios-terremotos","status":"publish","type":"post","link":"https:\/\/miradordeatarfe.es\/?p=64809","title":{"rendered":"Islandia declara el estado de emergencia tras registrar varios terremotos"},"content":{"rendered":"<h2 class=\"item\">Las autoridades temen una erupci\u00f3n volc\u00e1nica<\/h2>\n<p>Las autoridades islandesas han declarado el<strong> estado de emergencia <\/strong>despu\u00e9s de varios terremotos en la pen\u00ednsula de Reykjanes, en el suroeste del pa\u00eds, que hacen temer una erupci\u00f3n volc\u00e1nica en la regi\u00f3n, informa AFP. Islandia tiene 33 sistemas volc\u00e1nicos activos, el n\u00famero m\u00e1s alto de Europa.<\/p>\n<div id=\"paraph-1-2\">\u00a0<\/div>\n<div data-module-name=\"codeEmbed\"><img data-recalc-dims=\"1\" decoding=\"async\" src=\"https:\/\/i0.wp.com\/estaticos-cdn.elperiodico.com\/epc\/resourcescas\/infographics\/2023\/noviembre\/terremotos_islandia_11h.png?w=640&#038;ssl=1\" \/><\/div>\n<p>\u00abEl jefe de la Polic\u00eda Nacional declara el estado de emergencia para la defensa civil debido a la<strong> intensa actividad s\u00edsmica<\/strong> en Sundhnjukagigar, al norte de Grindavik\u00bb, anunci\u00f3 el departamento de Protecci\u00f3n civil y de emergencias en un comunicado. \u00abLos terremotos pueden volverse m\u00e1s importantes. Esta serie de eventos podr\u00eda provocar una erupci\u00f3n\u00bb, advirti\u00f3 la administraci\u00f3n. De hecho, seg\u00fan la Oficina Meteorol\u00f3gica de Islandia (OMI), una erupci\u00f3n podr\u00eda tener lugar \u00aben unos pocos d\u00edas\u00bb.<\/p>\n<div id=\"intext-sunmedia-1\">\u00a0<\/div>\n<div data-module-name=\"codeEmbed\"><iframe id=\"datawrapper-chart-T5O4X\" title=\"terremotos islandia\" src=\"https:\/\/datawrapper.dwcdn.net\/T5O4X\/2\/\" height=\"281\" frameborder=\"0\" scrolling=\"no\" aria-label=\"Mapas de ubicaci\u00f3n\" data-external=\"1\" data-mce-fragment=\"1\"><\/iframe><\/div>\n<h3>Planes de evacuaci\u00f3n<\/h3>\n<p>Se han puesto en marcha planes de evacuaci\u00f3n para el pueblo de Grindavik, que tiene unos 4.000 habitantes, ubicado a tres kil\u00f3metros al suroeste de la zona donde se registraron los sismos el viernes.<\/p>\n<p>El departamento de Protecci\u00f3n Civil tambi\u00e9n ha anunciado el env\u00edo de la patrullera Thor a Grindavik \u00abpor motivos de seguridad\u00bb. El pasado jueves, la &#8216;Laguna Azul&#8217;, un sitio tur\u00edstico ubicado cerca de Grindavik famoso por sus balnearios geot\u00e9rmicos, ya hab\u00eda sido cerrado por precauci\u00f3n. Alrededor de las 17.30 horas, dos sismos, el m\u00e1s fuerte de los cuales con una magnitud de 5,2 seg\u00fan las primeras evaluaciones de la OMI, se sintieron hasta la capital Reikiavik, a unos 40 cuarenta kil\u00f3metros de distancia, y en gran parte de la costa sur del pa\u00eds.<\/p>\n<p>Unos <strong><em>24.000 temblores<\/em><\/strong> se han registrado en la pen\u00ednsula desde finales de octubre, seg\u00fan la OMI, con casi 800 terremotos registrados entre la medianoche y las 14.00 de ayer.<\/p>\n<p>Desde 2021, se han producido tres erupciones en la pen\u00ednsula de Reykjanes, en marzo de 2021, agosto de 2022 y julio de 2023, todas alejadas de infraestructuras o zonas pobladas.<\/p>\n<p>FOTO: VOLC\u00c1N EN\u00a0 ISLANDIA<\/p>\n<p>https:\/\/www.elperiodico.com\/es\/internacional\/20231111\/islandia-estado-emergencia-terremotos-erupcion-volcan-94481475<\/p>\n<p>&nbsp;<\/p>\n","protected":false},"excerpt":{"rendered":"<p>Las autoridades temen una erupci\u00f3n volc\u00e1nica Las autoridades islandesas han declarado el estado de emergencia&#8230;<\/p>\n","protected":false},"author":1,"featured_media":64810,"comment_status":"closed","ping_status":"closed","sticky":false,"template":"","format":"standard","meta":{"_coblocks_attr":"","_coblocks_dimensions":"","_coblocks_responsive_height":"","_coblocks_accordion_ie_support":"","jetpack_post_was_ever_published":false,"_jetpack_newsletter_access":"","_jetpack_dont_email_post_to_subs":false,"_jetpack_newsletter_tier_id":0,"_jetpack_memberships_contains_paywalled_content":false,"_jetpack_memberships_contains_paid_content":false,"footnotes":"","jetpack_publicize_message":"","jetpack_publicize_feature_enabled":true,"jetpack_social_post_already_shared":true,"jetpack_social_options":{"image_generator_settings":{"template":"highway","default_image_id":0,"enabled":false},"version":2}},"categories":[1161,44,6937],"tags":[],"class_list":["post-64809","post","type-post","status-publish","format-standard","has-post-thumbnail","hentry","category-ciudadania","category-noticias-de-hoy","category-sociedad"],"jetpack_publicize_connections":[],"jetpack_featured_media_url":"https:\/\/i0.wp.com\/miradordeatarfe.es\/wp-content\/uploads\/2023\/11\/a4e44e54-c283-44b6-8a42-626b69fef145_alta-libre-aspect-ratio_default_0.jpg?fit=1200%2C800&ssl=1","jetpack_likes_enabled":true,"jetpack_sharing_enabled":true,"_links":{"self":[{"href":"https:\/\/miradordeatarfe.es\/index.php?rest_route=\/wp\/v2\/posts\/64809","targetHints":{"allow":["GET"]}}],"collection":[{"href":"https:\/\/miradordeatarfe.es\/index.php?rest_route=\/wp\/v2\/posts"}],"about":[{"href":"https:\/\/miradordeatarfe.es\/index.php?rest_route=\/wp\/v2\/types\/post"}],"author":[{"embeddable":true,"href":"https:\/\/miradordeatarfe.es\/index.php?rest_route=\/wp\/v2\/users\/1"}],"replies":[{"embeddable":true,"href":"https:\/\/miradordeatarfe.es\/index.php?rest_route=%2Fwp%2Fv2%2Fcomments&post=64809"}],"version-history":[{"count":1,"href":"https:\/\/miradordeatarfe.es\/index.php?rest_route=\/wp\/v2\/posts\/64809\/revisions"}],"predecessor-version":[{"id":64811,"href":"https:\/\/miradordeatarfe.es\/index.php?rest_route=\/wp\/v2\/posts\/64809\/revisions\/64811"}],"wp:featuredmedia":[{"embeddable":true,"href":"https:\/\/miradordeatarfe.es\/index.php?rest_route=\/wp\/v2\/media\/64810"}],"wp:attachment":[{"href":"https:\/\/miradordeatarfe.es\/index.php?rest_route=%2Fwp%2Fv2%2Fmedia&parent=64809"}],"wp:term":[{"taxonomy":"category","embeddable":true,"href":"https:\/\/miradordeatarfe.es\/index.php?rest_route=%2Fwp%2Fv2%2Fcategories&post=64809"},{"taxonomy":"post_tag","embeddable":true,"href":"https:\/\/miradordeatarfe.es\/index.php?rest_route=%2Fwp%2Fv2%2Ftags&post=64809"}],"curies":[{"name":"wp","href":"https:\/\/api.w.org\/{rel}","templated":true}]}}