{"id":64837,"date":"2023-11-12T09:25:52","date_gmt":"2023-11-12T08:25:52","guid":{"rendered":"https:\/\/miradordeatarfe.es\/?p=64837"},"modified":"2023-11-11T17:28:46","modified_gmt":"2023-11-11T16:28:46","slug":"puertas-abiertas-en-la-alhambra-visitas-guiadas-gratis-para-todos-los-publicos","status":"publish","type":"post","link":"https:\/\/miradordeatarfe.es\/?p=64837","title":{"rendered":"Puertas abiertas en la Alhambra: visitas guiadas gratis para todos los p\u00fablicos"},"content":{"rendered":"<h3 class=\"v-a-sub-t\" style=\"text-align: justify;\">Las personas interesadas en visitar la Alhambra y el Generalife podr\u00e1n reservar su invitaci\u00f3n a partir del d\u00eda 13 de noviembre en la web oficial de venta de entradas<\/h3>\n<p class=\"v-p\" style=\"text-align: justify;\">El Patronato de la Alhambra y Generalife, dependiente de la Consejer\u00eda de Turismo, Cultura y Deporte, celebra el D\u00eda Internacional del Patrimonio Mundial con una jornada de puertas abiertas, el 16 de noviembre, y un amplio programa de actividades culturales para todos los p\u00fablicos del 11 al 19 de noviembre.<\/p>\n<p class=\"v-p\" style=\"text-align: justify;\">Las personas interesadas en visitar la Alhambra y el Generalife podr\u00e1n reservar su invitaci\u00f3n <strong>a partir del d\u00eda 13 de noviembre en la web oficial de venta de entradas: <a title=\"tickets.alhambra-patronato.es\" href=\"https:\/\/tickets.alhambra-patronato.es\/\" data-voc-vtm-id=\"in-text-traffic\">https:\/\/tickets.alhambra-patronato.es<\/a>.<\/strong> Tambi\u00e9n habr\u00e1 entrada gratuita a los espacios de la Dobla de Oro (Ba\u00f1uelo, Marist\u00e1n, casa morisca Horno de Oro y Palacio de Dar al-Horra).<\/p>\n<div class=\"v-c-cmp v-n-mrg\" style=\"text-align: justify;\">\n<h3 class=\"v-d-cmp-sub-hl\">Programaci\u00f3n<\/h3>\n<\/div>\n<p class=\"v-p\" style=\"text-align: justify;\">Asimismo, toda la ciudadan\u00eda podr\u00e1 participar en las actividades culturales que tendr\u00e1n lugar del 11 al 19 de noviembre en diferentes horarios, de las que podemos destacar el s\u00e1bado 11, a las 11:00 horas en el sal\u00f3n de actos del Palacio de Carlos V la actividad, &#8216;Archivos y Bibliotecas: Amor al papel en el D\u00eda del Patrimonio&#8217; donde se proyectar\u00e1 la pel\u00edcula documental \u00abM\u00e1s all\u00e1 del papel\u00bb (2022), dirigida por Oana Suteu, a continuaci\u00f3n se abrir\u00e1 un coloquio sobre como preservar nuestra memoria colectiva entre el papel y lo digital.<\/p>\n<p class=\"v-p\" style=\"text-align: justify;\">Por otra parte, los d\u00edas 13,14 y 15 de noviembre tendr\u00e1n lugar las Jornadas T\u00e9cnicas de Arqueolog\u00eda en la Alhambra dedicadas en esta ocasi\u00f3n a &#8216;Ciencias aplicadas al estudio de Al-\u00c1ndalus&#8217;. Estas jornadas reunir\u00e1n un importante grupo de investigadores y especialistas en el sal\u00f3n de actos del palacio de Carlos V y se podr\u00e1n seguir en modalidad presencial o en directo (online o streaming).<\/p>\n<p class=\"v-p\" style=\"text-align: justify;\">Las diferentes visitas guiadas y gratuitas: &#8216;Albaic\u00edn, de lo zir\u00ed a lo nazar\u00ed&#8217;, los d\u00edas 16 y 17 de 12:00 a 14:00 horas, &#8216;Palacio de Dar al-Arusa y Silla del Moro&#8217;, el d\u00eda 18 de 10:00 a 12:00 horas y &#8216;Los usos del agua en la Alhambra&#8217; el d\u00eda 19 de noviembre de 10:00 a 12:00 horas. Las visitas se realizar\u00e1n en grupos de hasta 25 personas mayores de 16 a\u00f1os y requieren inscripci\u00f3n previa con el formulario de solicitud en la p\u00e1gina web <a title=\"www.alhambra-patronato.es\" href=\"https:\/\/www.alhambra-patronato.es\/\" data-voc-vtm-id=\"in-text-traffic\">www.alhambra-patronato.es<\/a> que se abrir\u00e1 al p\u00fablico a partir del d\u00eda 10 de noviembre. Las personas inscritas solo podr\u00e1n participar en una de las visitas programadas.<\/p>\n<div class=\"v-c-cmp v-n-mrg\" style=\"text-align: justify;\">\n<h3 class=\"v-d-cmp-sub-hl\">D\u00eda del Flamenco<\/h3>\n<\/div>\n<p class=\"v-p\" style=\"text-align: justify;\">El 16 de noviembre, tambi\u00e9n se celebra el D\u00eda Internacional del Flamenco y el Patronato de la Alhambra y Generalife ha querido unirse a la celebraci\u00f3n organizando un concierto de la artista &#8216;Carmen de Carmen&#8217; en el Corral del Carb\u00f3n a las 19:00 horas, la entrada ser\u00e1 gratuita hasta completar aforo cuyas invitaciones se podr\u00e1n recoger a partir de las 18:00 horas en la entrada.<\/p>\n","protected":false},"excerpt":{"rendered":"<p>Las personas interesadas en visitar la Alhambra y el Generalife podr\u00e1n reservar su invitaci\u00f3n a&#8230;<\/p>\n","protected":false},"author":1,"featured_media":64838,"comment_status":"closed","ping_status":"closed","sticky":false,"template":"","format":"standard","meta":{"_coblocks_attr":"","_coblocks_dimensions":"","_coblocks_responsive_height":"","_coblocks_accordion_ie_support":"","jetpack_post_was_ever_published":false,"_jetpack_newsletter_access":"","_jetpack_dont_email_post_to_subs":false,"_jetpack_newsletter_tier_id":0,"_jetpack_memberships_contains_paywalled_content":false,"_jetpack_memberships_contains_paid_content":false,"footnotes":"","jetpack_publicize_message":"","jetpack_publicize_feature_enabled":true,"jetpack_social_post_already_shared":true,"jetpack_social_options":{"image_generator_settings":{"template":"highway","default_image_id":0,"enabled":false},"version":2}},"categories":[1161,10781,44],"tags":[],"class_list":["post-64837","post","type-post","status-publish","format-standard","has-post-thumbnail","hentry","category-ciudadania","category-granada","category-noticias-de-hoy"],"jetpack_publicize_connections":[],"jetpack_featured_media_url":"https:\/\/i0.wp.com\/miradordeatarfe.es\/wp-content\/uploads\/2023\/11\/alhambra-k1GD-U2106821574700VE-758x531%40Ideal.webp?fit=758%2C531&ssl=1","jetpack_likes_enabled":true,"jetpack_sharing_enabled":true,"_links":{"self":[{"href":"https:\/\/miradordeatarfe.es\/index.php?rest_route=\/wp\/v2\/posts\/64837","targetHints":{"allow":["GET"]}}],"collection":[{"href":"https:\/\/miradordeatarfe.es\/index.php?rest_route=\/wp\/v2\/posts"}],"about":[{"href":"https:\/\/miradordeatarfe.es\/index.php?rest_route=\/wp\/v2\/types\/post"}],"author":[{"embeddable":true,"href":"https:\/\/miradordeatarfe.es\/index.php?rest_route=\/wp\/v2\/users\/1"}],"replies":[{"embeddable":true,"href":"https:\/\/miradordeatarfe.es\/index.php?rest_route=%2Fwp%2Fv2%2Fcomments&post=64837"}],"version-history":[{"count":1,"href":"https:\/\/miradordeatarfe.es\/index.php?rest_route=\/wp\/v2\/posts\/64837\/revisions"}],"predecessor-version":[{"id":64839,"href":"https:\/\/miradordeatarfe.es\/index.php?rest_route=\/wp\/v2\/posts\/64837\/revisions\/64839"}],"wp:featuredmedia":[{"embeddable":true,"href":"https:\/\/miradordeatarfe.es\/index.php?rest_route=\/wp\/v2\/media\/64838"}],"wp:attachment":[{"href":"https:\/\/miradordeatarfe.es\/index.php?rest_route=%2Fwp%2Fv2%2Fmedia&parent=64837"}],"wp:term":[{"taxonomy":"category","embeddable":true,"href":"https:\/\/miradordeatarfe.es\/index.php?rest_route=%2Fwp%2Fv2%2Fcategories&post=64837"},{"taxonomy":"post_tag","embeddable":true,"href":"https:\/\/miradordeatarfe.es\/index.php?rest_route=%2Fwp%2Fv2%2Ftags&post=64837"}],"curies":[{"name":"wp","href":"https:\/\/api.w.org\/{rel}","templated":true}]}}