{"id":64851,"date":"2023-11-13T10:31:06","date_gmt":"2023-11-13T09:31:06","guid":{"rendered":"https:\/\/miradordeatarfe.es\/?p=64851"},"modified":"2023-11-12T21:12:31","modified_gmt":"2023-11-12T20:12:31","slug":"el-golpe-que-convirtio-a-eric-jimenez-en-una-pelicula","status":"publish","type":"post","link":"https:\/\/miradordeatarfe.es\/?p=64851","title":{"rendered":"El golpe que convirti\u00f3 a Eric Jim\u00e9nez en una pel\u00edcula"},"content":{"rendered":"<article class=\"v-a v-a--d v-a--d-rpg v-a--p-b\">\n<div class=\"v-a-info-c \">\n<h3 class=\"v-a-sub-t\" style=\"text-align: justify;\">Este mi\u00e9rcoles se proyect\u00f3 ( y sigue en el cine Madrigal) en el Festival de J\u00f3venes Realizadores &#8216;La importancia de llamarse Ernesto y la gilipollez de llamarse Eric&#8217;, dirigido por C\u00e9sar Mart\u00ednez Herrada, aunque no queda ni una butaca libre. Esta es su intrahistoria<\/h3>\n<\/div>\n<\/article>\n<p class=\"v-p\" style=\"text-align: justify;\">Las risas se escapaban por la calle Escuelas a cuatro millones de golpes por minuto. Cuando C\u00e9sar entr\u00f3 en el Bar de Eric, un par de horas antes, lo hizo con la curiosidad del fan. No ten\u00eda ni la menor idea de lo que realmente iba a suceder. Dentro, acodado en la barra, junto al grifo de cerveza, coincidi\u00f3 con <a title=\"Eric Jim\u00e9nez\" href=\"https:\/\/www.ideal.es\/culturas\/musica\/carab-granada-eric-jimenez-loco-bateria-20230406175958-nt.html\" data-voc-vtm-id=\"in-text-traffic\">Eric Jim\u00e9nez<\/a> y Antonio Arias, dos leyendas de la m\u00fasica a las que admiraba desde siempre. Durante la conversaci\u00f3n, C\u00e9sar les cont\u00f3 que era cineasta, que ven\u00eda del rodaje de &#8216;Los constructores de la Alhambra&#8217;, como productor. Eric, con cara de &#8216;suj\u00e9tame el cubata&#8217;, oblig\u00f3 a C\u00e9sar a aceptar un reto indiscutible: hacer una pel\u00edcula juntos.<\/p>\n<p class=\"v-p\" style=\"text-align: justify;\">\u00abPas\u00e9 de la Alhambra a Eric. \u00a1Los dos grandes monumentos de Granada!\u00bb, r\u00ede C\u00e9sar Mart\u00ednez Herrada (Madrid, 1964), recordando en el mismo Bar de Eric aquel primer encuentro de hace m\u00e1s de dos a\u00f1os. \u00abLa pel\u00edcula surgi\u00f3 precisamente aqu\u00ed, en el lugar donde nos encontramos. Es la primera vez que hago una peli por imposici\u00f3n. Si no llego a decirle que s\u00ed, no salgo de aqu\u00ed\u00bb. Eric Jim\u00e9nez (Granada, 1967), al otro lado de la mesa, le susurra con media sonrisa c\u00f3mplice \u00abte hubiera golpeado con el libro en la cara si dices que no\u00bb. Aunque en un principio Eric imaginaba que la pel\u00edcula ser\u00eda un &#8216;blockbuster&#8217; protagonizado por Brad Pitt, Herrada le propuso algo muy distinto, un documental: &#8216;La importancia de llamarse Ernesto y la gilipollez de llamarse Eric&#8217;.<\/p>\n<p class=\"v-p\" style=\"text-align: justify;\">\u2013<strong>\u00bfC\u00f3mo se llama usted?<\/strong><\/p>\n<p class=\"v-p\" style=\"text-align: justify;\">\u2013Eric Jim\u00e9nez \u2013responde Eric Jim\u00e9nez.<\/p>\n<p class=\"v-p\" style=\"text-align: justify;\">\u2013<strong>\u00bfSeguro?<\/strong><\/p>\n<p class=\"v-p\" style=\"text-align: justify;\">\u2013Es de lo \u00fanico que estoy seguro en esta vida.<\/p>\n<p class=\"v-p\" style=\"text-align: justify;\">\u2013<strong>\u00bfY lo de Ernesto?<\/strong><\/p>\n<p class=\"v-p\" style=\"text-align: justify;\">\u2013Bueno, tambi\u00e9n. Uno es el gilipollas y el otro, el listo. Aunque tengo tantas personalidades que a veces no s\u00e9 cu\u00e1l es cu\u00e1l.<\/p>\n<div class=\"v-c-cmp v-c-cmp--t1 v-bdr-b-s\" style=\"text-align: justify;\">\n<div class=\"v-d-cmp-rld v-d-cmp-rld--1 \">\n<header class=\"v-cnt-m v-cnt-m--xs\">\n<div class=\"v-cnt-m__h\">\u00a0<\/div>\n<\/header>\n<\/div>\n<\/div>\n<p class=\"v-p\" style=\"text-align: justify;\">Este mi\u00e9rcoles, el <a title=\"Festival de J\u00f3venes Realizadores de Granada\" href=\"https:\/\/www.ideal.es\/culturas\/guia-perderse-festival-jovenes-realizadores-20231023160643-nt.html\" data-voc-vtm-id=\"in-text-traffic\">Festival de J\u00f3venes Realizadores de Granada<\/a> preestrena en el Isabel la Cat\u00f3lica &#8216;La importancia de llamarse Ernesto y la gilipollez de llamarse Eric&#8217; (no corran, no queda ni una butaca libre), una pel\u00edcula divertida, gamberra y, sin embargo, conmovedora y honda. Una historia que busca contar el lado m\u00e1s humano del bater\u00eda de KGB, Lagartija Nick o Los Planetas, entre otras bandas. \u00abLa gente \u2013explica Mart\u00ednez\u2013 tiene la idea de que es un ser estramb\u00f3tico (\u00abun majar\u00f3n\u00bb, apunta Eric) que vive en mundos de diversi\u00f3n y evasi\u00f3n, pero resulta que es un tipo que, adem\u00e1s de bater\u00eda, escribe libros, tiene un bar, da clases&#8230; \u00a1No para! Y todo lo hace con mucho entusiasmo. Si estuviera tan colgado no har\u00eda todo eso, lo que nos lleva a la reflexi\u00f3n de que igual hay un personaje que se llama Eric y una persona que se llama Ernesto\u00bb. \u00abEs que \u2013responde Eric\u2013 cuando cojo las baquetas me dan unas ganas de pegar hostias&#8230; pero las suelto y ya normal\u00bb.<\/p>\n<p class=\"v-p\" style=\"text-align: justify;\">Por el documental, que tambi\u00e9n es un retrato social de la m\u00fasica desde los a\u00f1os 70, pasan KGB, 091, Lagartija Nick, Los Planetas, Lori Meyers, Soledad Morente, Ni\u00f1os Mutantes, Neuman&#8230; \u00abEric y Antonio Arias empiezan siendo unos cr\u00edos \u2013dice el director\u2013 y terminan siendo referentes de otras bandas. De alguna manera, unos se pasan a otros el relevo, aunque su m\u00fasica o su est\u00e9tica no tengan nada que ver\u00bb. \u00abTodos convivimos con Fray Leopoldo de Alpandeire, pero no todos creemos en \u00e9l\u00bb, apostilla Eric.<\/p>\n<p class=\"v-p\" style=\"text-align: justify;\">El rodaje del documental comenz\u00f3 en junio de 2021 y se termin\u00f3 poco antes de su estreno, en el Festival de M\u00e1laga, donde recibi\u00f3 su primera ovaci\u00f3n. Aplausos que se repitieron en el Festival de San Sebasti\u00e1n, donde gan\u00f3 el premio del p\u00fablico. \u00abGusta en todas partes, pero es que en Granada va a encantar\u00bb, asegura Mart\u00ednez Herrada. \u00abEs que est\u00e1 hecha pr\u00e1cticamente en Granada \u2013sigue Jim\u00e9nez\u2013. Sale la Semana Santa, la cabalgata de Reyes, el Sacromonte&#8230; Es como el &#8216;Omega&#8217;, no quita que pueda triunfar en otros sitios, pero tiene ese plus para el granadino de que va a reconocer lo suyo. \u00bfY qu\u00e9 nos gusta m\u00e1s a los granadinos que comparar todo con nuestra ciudad?\u00bb.<\/p>\n<p class=\"v-p\" style=\"text-align: justify;\">\u2013Vaya, que es una pel\u00edcula para todos los p\u00fablicos \u2013aclara el director.<\/p>\n<p class=\"v-p\" style=\"text-align: justify;\">\u2013Para todos los p\u00fablicos&#8230; canallas \u2013gui\u00f1a Eric.<\/p>\n<div class=\"v-c-cmp \" style=\"text-align: justify;\">\n<div class=\"v-d-cmp-m\">\n<article class=\"v-a v-a--cmp-m \">\n<div class=\"v-a-img-c v-a-img-c--fw-xs\">\n<figure class=\"v-a-fig\"><img data-recalc-dims=\"1\" loading=\"lazy\" decoding=\"async\" class=\"v-a-img lzld\" src=\"https:\/\/i0.wp.com\/s2.ppllstatics.com\/ideal\/www\/multimedia\/2023\/10\/24\/eric-jimenez-documental%20%282%29-k3WD-U210514660569tv-650x455%40Ideal.jpg?resize=640%2C448&#038;ssl=1\" alt=\"C\u00e9sar y Eric, durante la entrevista.\" width=\"640\" height=\"448\" data-voc-vtm-id=\"in-text-traffic\" \/><figcaption class=\"v-fc\"><span class=\"v-fc__text\"> C\u00e9sar y Eric, durante la entrevista. <\/span> <span class=\"v-fc__ath\"> A. AGUILAR <\/span><\/figcaption><\/figure>\n<\/div>\n<\/article>\n<\/div>\n<\/div>\n<p class=\"v-p\" style=\"text-align: justify;\">El documental, muy divertido, est\u00e1 repleto de momentos locos y absolutamente improvisados. \u00abTiene mucha chispa de Eric, cosas que surgen en el mismo rodaje\u00bb, dice Mart\u00ednez. \u00abEs entretenida \u2013sigue\u2013, pero tiene emoci\u00f3n, algo que es fundamental en cualquier tipo de cine. Hay que atrapar con emociones y sentimientos\u00bb. \u00abMe encanta que C\u00e9sar consigue emocionar sin poner un viol\u00edn de fondo \u2013se\u00f1ala Eric\u2013. La gente se emociona mucho, yo no puedo porque no me voy a emocionar de verme a m\u00ed mismo, ser\u00eda muy egoc\u00e9ntrico\u00bb.<\/p>\n<p class=\"v-p\" style=\"text-align: justify;\">Aunque lo cierto es que Eric s\u00ed se emociona. Se emociona al verse con aquellos pelos y aquellas pintas de los 70, \u00aben unas im\u00e1genes que en realidad no muestran la verdad: aquello era una Espa\u00f1a totalmente oscura, \u00e9ramos muy pocos con esa imagen, pero refleja la ruptura con la dictadura y un cambio importante a nivel cultural en el pa\u00eds\u00bb.<\/p>\n<div class=\"v-c-cmp v-c-cmp--t1 v-c-cmp--ab-xs\" style=\"text-align: justify;\">\n<div class=\"v-cmp-smy\">\n<article class=\"v-a v-a--cmp-smy \">\n<div class=\"v-a-info-c\">\n<h3 class=\"v-a-t\">El d\u00eda 9 habr\u00e1 un pase especial en el cine Madrigal, con Eric Jim\u00e9nez y C\u00e9sar Mart\u00ednez<\/h3>\n<\/div>\n<\/article>\n<\/div>\n<\/div>\n<p class=\"v-p\" style=\"text-align: justify;\">&#8216;La importancia de llamarse Ernesto y la gilipollez de llamarse Eric&#8217; est\u00e1 girando por toda Espa\u00f1a de cara a su estreno: Madrid, Barcelona, Valencia, Sevilla, Pontevedra, Zaragoza, Cuenca&#8230; Sin embargo, la traca final empezar\u00e1 el pr\u00f3ximo 9 de noviembre, un d\u00eda antes de su estreno en salas, cuando Mart\u00ednez Herrada y Jim\u00e9nez participar\u00e1n en un encuentro con los espectadores que acudan a un pase especial en el cine Madrigal. \u00abNo es la historia de un m\u00fasico, es la de una persona. Emoci\u00f3n, risas y rock and roll, \u00bfqu\u00e9 m\u00e1s se puede pedir?\u00bb, termina C\u00e9sar. \u00abTambi\u00e9n hay malafoll\u00e1\u00bb, sonr\u00ede Eric.<\/p>\n<p class=\"v-p\" style=\"text-align: justify;\">\u2013<strong>Despu\u00e9s de tanto tiempo y viajes, \u00bfsois amigos?<\/strong><\/p>\n<p class=\"v-p\" style=\"text-align: justify;\">\u2013Por supuesto \u2013responde Eric\u2013. Somos familia ya, por desgracia.<\/p>\n<div class=\"v-c-cmp \" style=\"text-align: justify;\">\n<div class=\"v-d-cmp-m\">\n<article class=\"v-a v-a--cmp-m \">\n<div class=\"v-a-img-c v-a-img-c--fw-xs\">\n<figure class=\"v-a-fig\"><img data-recalc-dims=\"1\" loading=\"lazy\" decoding=\"async\" class=\"v-a-img lzld\" src=\"https:\/\/i0.wp.com\/s2.ppllstatics.com\/ideal\/www\/multimedia\/2023\/10\/24\/eric-jimenez-documental%20%283%29-k3WD-U2105146605690TF-650x455%40Ideal.jpg?resize=640%2C448&#038;ssl=1\" alt=\"Amigos.\" width=\"640\" height=\"448\" data-voc-vtm-id=\"in-text-traffic\" \/><figcaption class=\"v-fc\"><span class=\"v-fc__text\"> Amigos. <\/span> <span class=\"v-fc__ath\"> A. AGUILAR <\/span><\/figcaption><\/figure>\n<\/div>\n<\/article>\n<\/div>\n<\/div>\n<p class=\"v-p\" style=\"text-align: justify;\">Eric se levanta de la mesa y se acerca a la barra.<\/p>\n<p class=\"v-p\" style=\"text-align: justify;\">\u2013C\u00e9sar, \u00bfte doy una verde?<\/p>\n<p class=\"v-p\" style=\"text-align: justify;\">\u2013Vamos con la verde.<\/p>\n<p class=\"v-p\" style=\"text-align: justify;\">\u2013Ostras, no hay fr\u00edas&#8230; \u00bfQu\u00e9 prefieres, roja o tercio?<\/p>\n<p class=\"v-p\" style=\"text-align: justify;\">\u2013Roja.<\/p>\n<p class=\"v-p\" style=\"text-align: justify;\">Eric vuelve del frigor\u00edfico y coloca dos botellines sobre la mesa. \u00abViniste de una Alhambra y yo te mostr\u00e9 otra\u00bb, r\u00eden los dos amigos mientras brindan con un \u00a1ch\u00edn! que resuena por la calle Escuelas a cuatro millones de golpes por minuto.<\/p>\n<div class=\"v-d v-d--abc v-d--rpg\">\n<div class=\"v-mdl-ath\" data-voc-component=\"viewport-not-visible\">\n<div class=\"v-mdl-ath__c v-mdl-ath__c--1\">\n<div class=\"v-mdl-ath__info\">\n<p class=\"v-mdl-ath__p v-mdl-ath__p--name\"><a href=\"https:\/\/www.ideal.es\/autor\/jose-e-cabrero-372.html\">Jos\u00e9 E. Cabrero\u00a0<\/a>Granada<\/p>\n<\/div>\n<div class=\"v-mdl-ath__btn-c\">FOTO: <span class=\"v-fc__text\">Eric Jim\u00e9nez y C\u00e9sar Mart\u00ednez, protagonista y director del documental, en el Bar de Eric.<\/span> <span class=\"v-fc__ath\">ALFREDO AGUILAR<\/span><\/div>\n<\/div>\n<\/div>\n<\/div>\n<div class=\"v-mdl-ath__c v-mdl-ath__c--2\">https:\/\/www.ideal.es\/culturas\/cine\/golpe-convirtio-eric-jimenez-pelicula-20231024125642-nt.html<\/div>\n","protected":false},"excerpt":{"rendered":"<p>Este mi\u00e9rcoles se proyect\u00f3 ( y sigue en el cine Madrigal) en el Festival de&#8230;<\/p>\n","protected":false},"author":1,"featured_media":64852,"comment_status":"closed","ping_status":"closed","sticky":false,"template":"","format":"standard","meta":{"_coblocks_attr":"","_coblocks_dimensions":"","_coblocks_responsive_height":"","_coblocks_accordion_ie_support":"","jetpack_post_was_ever_published":false,"_jetpack_newsletter_access":"","_jetpack_dont_email_post_to_subs":false,"_jetpack_newsletter_tier_id":0,"_jetpack_memberships_contains_paywalled_content":false,"_jetpack_memberships_contains_paid_content":false,"footnotes":"","jetpack_publicize_message":"","jetpack_publicize_feature_enabled":true,"jetpack_social_post_already_shared":true,"jetpack_social_options":{"image_generator_settings":{"template":"highway","default_image_id":0,"enabled":false},"version":2}},"categories":[1161,10781,44],"tags":[],"class_list":["post-64851","post","type-post","status-publish","format-standard","has-post-thumbnail","hentry","category-ciudadania","category-granada","category-noticias-de-hoy"],"jetpack_publicize_connections":[],"jetpack_featured_media_url":"https:\/\/i0.wp.com\/miradordeatarfe.es\/wp-content\/uploads\/2023\/11\/Screenshot-2023-11-12-at-21-06-57-El-golpe-que-convirtio-a-Eric-Jimenez-en-una-pelicula.png?fit=915%2C436&ssl=1","jetpack_likes_enabled":true,"jetpack_sharing_enabled":true,"_links":{"self":[{"href":"https:\/\/miradordeatarfe.es\/index.php?rest_route=\/wp\/v2\/posts\/64851","targetHints":{"allow":["GET"]}}],"collection":[{"href":"https:\/\/miradordeatarfe.es\/index.php?rest_route=\/wp\/v2\/posts"}],"about":[{"href":"https:\/\/miradordeatarfe.es\/index.php?rest_route=\/wp\/v2\/types\/post"}],"author":[{"embeddable":true,"href":"https:\/\/miradordeatarfe.es\/index.php?rest_route=\/wp\/v2\/users\/1"}],"replies":[{"embeddable":true,"href":"https:\/\/miradordeatarfe.es\/index.php?rest_route=%2Fwp%2Fv2%2Fcomments&post=64851"}],"version-history":[{"count":3,"href":"https:\/\/miradordeatarfe.es\/index.php?rest_route=\/wp\/v2\/posts\/64851\/revisions"}],"predecessor-version":[{"id":64855,"href":"https:\/\/miradordeatarfe.es\/index.php?rest_route=\/wp\/v2\/posts\/64851\/revisions\/64855"}],"wp:featuredmedia":[{"embeddable":true,"href":"https:\/\/miradordeatarfe.es\/index.php?rest_route=\/wp\/v2\/media\/64852"}],"wp:attachment":[{"href":"https:\/\/miradordeatarfe.es\/index.php?rest_route=%2Fwp%2Fv2%2Fmedia&parent=64851"}],"wp:term":[{"taxonomy":"category","embeddable":true,"href":"https:\/\/miradordeatarfe.es\/index.php?rest_route=%2Fwp%2Fv2%2Fcategories&post=64851"},{"taxonomy":"post_tag","embeddable":true,"href":"https:\/\/miradordeatarfe.es\/index.php?rest_route=%2Fwp%2Fv2%2Ftags&post=64851"}],"curies":[{"name":"wp","href":"https:\/\/api.w.org\/{rel}","templated":true}]}}