{"id":64867,"date":"2023-11-16T11:17:41","date_gmt":"2023-11-16T10:17:41","guid":{"rendered":"https:\/\/miradordeatarfe.es\/?p=64867"},"modified":"2023-11-29T23:02:47","modified_gmt":"2023-11-29T22:02:47","slug":"francisco-perez-jimenez-hijo-predilecto-de-atarfe-por-jose-enrique-granados-t","status":"publish","type":"post","link":"https:\/\/miradordeatarfe.es\/?p=64867","title":{"rendered":"\u00abFrancisco P\u00e9rez Jim\u00e9nez, hijo predilecto de Atarfe\u00bb por Jos\u00e9 Enrique Granados"},"content":{"rendered":"<h3 style=\"text-align: justify;\">En d\u00edas pasados fue nombrado por la corporaci\u00f3n municipal, hijo predilecto de Atarfe, el prestigioso investigador D. Francisco P\u00e9rez Jim\u00e9nez. Francisco P\u00e9rez naci\u00f3 en Atarfe el 6 de abril de 1947, donde pas\u00f3 los primeros a\u00f1os de su vida, licenci\u00e1ndose en medicina por la Universidad de Granada en el a\u00f1o 1970.<\/h3>\n<p style=\"text-align: justify;\">Inici\u00f3 su trayectoria profesional como m\u00e9dico en el a\u00f1o 1971, en calidad de especialista en medicina interna, en el Hospital Universitario de La Paz (Madrid), pasando a ser adjunto a partir de 1974. En 1977 se traslada a C\u00f3rdoba, concretamente al Hospital Universitario Reina Sof\u00eda, donde es nombrado en 1978 jefe de secci\u00f3n. Este cargo lo ha ocupado hasta 2004, en el que pasa a ser jefe de servicio del citado hospital.<\/p>\n<p style=\"text-align: justify;\">Paralelamente a su actividad asistencial, ha desarrollado una intensa carrera universitaria desde que se gradu\u00f3 como doctor en medicina en la Universidad Aut\u00f3noma de Madrid en 1978. Desde 1981 ha sido profesor titular de Patolog\u00eda M\u00e9dica en la Universidad de C\u00f3rdoba, alcanzando la c\u00e1tedra de dicha especialidad en 1989. Adem\u00e1s ha sido decano de la Facultad de Medicina de la universidad cordobesa de 2002 a 2005.<\/p>\n<p style=\"text-align: justify;\">Gran investigador, ha desarrollado una extensa l\u00ednea investigadora en el campo de la fisiopatolog\u00eda de la arterioesclerosis y en el estudio de los efectos de la dieta mediterr\u00e1nea y del aceite de oliva sobre la salud, as\u00ed como el estudio de las interacciones genes-dieta sobre el riesgo cardiovascular, trabajos que ha desarrollado durante varias etapas en reconocidos centros de investigaci\u00f3n norteamericanos.<\/p>\n<p style=\"text-align: justify;\">Figura como investigador principal en 34 proyectos de investigaci\u00f3n desde 1989, es el responsable del grupo CTS 212 \u201cNutrici\u00f3n y enfermedad\u201d del Plan Andaluz de Investigaci\u00f3n y es asimismo el responsable del nodo de la red de investigaci\u00f3n del Instituto Carlos III, sobre hipercolesterolemias gen\u00e9ticas. Tiene publicados m\u00e1s de 184 trabajos en revistas internacionales, 112 en revistas nacionales, 27 cap\u00edtulos de libros, 42 comunicaciones en congresos internacionales y 167 en nacionales. Ha dirigido 30 tesis doctorales, todas ellas calificadas con \u201cSobresaliente Cum Laudem\u201d. Ha participado en la organizaci\u00f3n de numerosas reuniones cient\u00edficas y congresos relacionados con la nutrici\u00f3n, especialmente con el aceite de oliva y la dieta mediterr\u00e1nea, de cuyos beneficios y bondades para la salud humana, es un abanderado.<\/p>\n<p style=\"text-align: justify;\">Desde 2001 es miembro de la Comisi\u00f3n de Investigaci\u00f3n de la Consejer\u00eda de Salud de la Junta de Andaluc\u00eda, y desde 2003 miembro de la ponencia PAI y de la comisi\u00f3n de fisiolog\u00eda del Ministerio de Ciencia y Tecnolog\u00eda. Es igualmente evaluador de la ANEP y del Instituto Carlos III, y director de la unidad de l\u00edpidos del Hospital Universitario Reina Sof\u00eda.<\/p>\n<p style=\"text-align: justify;\">De entre los numerosos premios y reconocimientos que ha obtenido a lo largo de su dilatada carrera, destaca por su importancia el X Premio de Andaluc\u00eda de Investigaci\u00f3n Cient\u00edfica y T\u00e9cnica \u201cMaimonides\u201d, concedido en 2003 por la Junta de Andaluc\u00eda y el I premio Grande Covi\u00e1n concedido en 2005 por la Federaci\u00f3n Espa\u00f1ola de Sociedades de Nutrici\u00f3n, Alimentaci\u00f3n y Diet\u00e9tica.<\/p>\n<p style=\"text-align: justify;\">Su labor investigadora ha permitido la formaci\u00f3n de una escuela constituida por cient\u00edficos que aseguran la continuidad de su tarea investigadora.<\/p>\n<p>Art\u00edculo editado por Corporaci\u00f3n de Medios de Andaluc\u00eda y el Ayuntamiento de Atarfe, coordinado por Jos\u00e9 Enrique Granados y tiene por nombre \u00abAtarfe\u00a0en\u00a0el\u00a0papel\u00bb<\/p>\n<p style=\"text-align: justify;\">\u00a0<\/p>\n","protected":false},"excerpt":{"rendered":"<p>En d\u00edas pasados fue nombrado por la corporaci\u00f3n municipal, hijo predilecto de Atarfe, el prestigioso&#8230;<\/p>\n","protected":false},"author":1,"featured_media":64868,"comment_status":"closed","ping_status":"closed","sticky":false,"template":"","format":"standard","meta":{"_coblocks_attr":"","_coblocks_dimensions":"","_coblocks_responsive_height":"","_coblocks_accordion_ie_support":"","jetpack_post_was_ever_published":false,"_jetpack_newsletter_access":"","_jetpack_dont_email_post_to_subs":false,"_jetpack_newsletter_tier_id":0,"_jetpack_memberships_contains_paywalled_content":false,"_jetpack_memberships_contains_paid_content":false,"footnotes":"","jetpack_publicize_message":"","jetpack_publicize_feature_enabled":true,"jetpack_social_post_already_shared":true,"jetpack_social_options":{"image_generator_settings":{"template":"highway","default_image_id":0,"enabled":false},"version":2}},"categories":[7537,6916,38,44],"tags":[],"class_list":["post-64867","post","type-post","status-publish","format-standard","has-post-thumbnail","hentry","category-atarfe-en-papel-de-ideal","category-ayuntamiento-de-atarfe","category-opinion-de-jose-enrique-granados","category-noticias-de-hoy"],"jetpack_publicize_connections":[],"jetpack_featured_media_url":"https:\/\/i0.wp.com\/miradordeatarfe.es\/wp-content\/uploads\/2023\/11\/Captura20231113141309.png?fit=269%2C322&ssl=1","jetpack_likes_enabled":true,"jetpack_sharing_enabled":true,"_links":{"self":[{"href":"https:\/\/miradordeatarfe.es\/index.php?rest_route=\/wp\/v2\/posts\/64867","targetHints":{"allow":["GET"]}}],"collection":[{"href":"https:\/\/miradordeatarfe.es\/index.php?rest_route=\/wp\/v2\/posts"}],"about":[{"href":"https:\/\/miradordeatarfe.es\/index.php?rest_route=\/wp\/v2\/types\/post"}],"author":[{"embeddable":true,"href":"https:\/\/miradordeatarfe.es\/index.php?rest_route=\/wp\/v2\/users\/1"}],"replies":[{"embeddable":true,"href":"https:\/\/miradordeatarfe.es\/index.php?rest_route=%2Fwp%2Fv2%2Fcomments&post=64867"}],"version-history":[{"count":2,"href":"https:\/\/miradordeatarfe.es\/index.php?rest_route=\/wp\/v2\/posts\/64867\/revisions"}],"predecessor-version":[{"id":64946,"href":"https:\/\/miradordeatarfe.es\/index.php?rest_route=\/wp\/v2\/posts\/64867\/revisions\/64946"}],"wp:featuredmedia":[{"embeddable":true,"href":"https:\/\/miradordeatarfe.es\/index.php?rest_route=\/wp\/v2\/media\/64868"}],"wp:attachment":[{"href":"https:\/\/miradordeatarfe.es\/index.php?rest_route=%2Fwp%2Fv2%2Fmedia&parent=64867"}],"wp:term":[{"taxonomy":"category","embeddable":true,"href":"https:\/\/miradordeatarfe.es\/index.php?rest_route=%2Fwp%2Fv2%2Fcategories&post=64867"},{"taxonomy":"post_tag","embeddable":true,"href":"https:\/\/miradordeatarfe.es\/index.php?rest_route=%2Fwp%2Fv2%2Ftags&post=64867"}],"curies":[{"name":"wp","href":"https:\/\/api.w.org\/{rel}","templated":true}]}}