{"id":64900,"date":"2023-11-18T11:25:25","date_gmt":"2023-11-18T10:25:25","guid":{"rendered":"https:\/\/miradordeatarfe.es\/?p=64900"},"modified":"2023-12-27T20:24:17","modified_gmt":"2023-12-27T19:24:17","slug":"calle-real-por-jose-enrique-granados","status":"publish","type":"post","link":"https:\/\/miradordeatarfe.es\/?p=64900","title":{"rendered":"\u00abCALLE REAL\u00bb por Jos\u00e9 Enrique Granados"},"content":{"rendered":"<h3 style=\"text-align: justify;\"><span class=\"x193iq5w xeuugli x13faqbe x1vvkbs x1xmvt09 x1lliihq x1s928wv xhkezso x1gmr53x x1cpjm7i x1fgarty x1943h6x xudqn12 x3x7a5m x6prxxf xvq8zen xo1l8bm xzsf02u\" dir=\"auto\">Reproduzco el texto denominado \u201cCalle Real\u201d escrito en 2010:<br \/>\n<\/span><\/h3>\n<p style=\"text-align: justify;\"><span class=\"x193iq5w xeuugli x13faqbe x1vvkbs x1xmvt09 x1lliihq x1s928wv xhkezso x1gmr53x x1cpjm7i x1fgarty x1943h6x xudqn12 x3x7a5m x6prxxf xvq8zen xo1l8bm xzsf02u\" dir=\"auto\">&lt;&lt;<em>Aunque mis derroteros profesionales apuntan a la biolog\u00eda y en el campo de la conservaci\u00f3n de especies animales invierto gran parte del tiempo del d\u00eda, siempre queda alguna hora de la semana que gastar en una de mis grandes pasiones, la historia de Atarfe. Como sabr\u00e9is durante los \u00faltimos 25 a\u00f1os he dirigido la separata que con motivo de nuestras fiestas ha editado el diario IDEAL. Fruto de este trabajo, ha sido la publicaci\u00f3n de la obra \u201cAtarfe en el papel\u201d, pero este esfuerzo sobre todo, me ha posibilitado tener una visi\u00f3n m\u00e1s o menos global de nuestras tradiciones, de nuestra costumbres, en definitiva del territorio en el que vivimos, las cuales voy mensualmente a plasmar en un art\u00edculo que quiero compartir con vosotros a trav\u00e9s de esta nueva andadura editorial, que ahora ve la luz y a la que la junta directiva de la Asociaci\u00f3n de Comerciantes y Empresarios de Atarfe me invita a que me sume; y con sumo agrado lo hago, en condici\u00f3n de asociado y de atarfe\u00f1o. <\/em><\/span><\/p>\n<p style=\"text-align: justify;\"><em>Cuando comenc\u00e9 a escribir estas l\u00edneas, o\u00eda por la radio la noticia de la muerte de Saramago, el gran mago de la palabra. De entre sus frases, escog\u00ed un fragmento para encabezar el libro anteriormente referido. Guardo la respuesta que me dio cuando le invit\u00e9 a que lo prologara. Con su sencillez, declino la invitaci\u00f3n por problemas de agenda, pero su simple respuesta fue un gran gesto de humildad y cercan\u00eda. Es por ello por lo que, desde esta tribuna, propongo a nuestro ayuntamiento, que una de nuestras plazas o calles, lleve el nombre de Jos\u00e9 Saramago, para que su nombre forme parte del acervo callejero de Atarfe.<\/em><\/p>\n<p style=\"text-align: justify;\"><em>Quiero que mi primera aportaci\u00f3n sea acerca de la Calle Real, la arter\u00eda principal de nuestro municipio. Llamada Avenida de Andaluc\u00eda, Avenida del General\u00edsimo o Avenida de la Rep\u00fablica, en otros tiempos, para m\u00ed ha sido, es y ser\u00e1 la calle Real. Al igual que el nombre, mucho ha cambiado su fisonom\u00eda en estos \u00faltimos a\u00f1os y en la actualidad poco queda de aquella calle que formaba parte de mi ni\u00f1ez. Casas emblem\u00e1ticas con escaso valor art\u00edstico pero gran valor sentimental, han dejado paso a edificios zafios, resueltos del suelo al cielo en funci\u00f3n del promotor o de la moda del momento. <\/em><\/p>\n<p style=\"text-align: justify;\"><em>Los inmuebles presentes en la calle Real de mi ni\u00f1ez, de entre los cuales quedan a\u00fan algunos, eran bastantes homog\u00e9neos, generalmente sim\u00e9tricos de fachada, vanos, de predominio vertical, recercados; rejer\u00edas muy elaboradas; cornisamientos potentes; y z\u00f3calos, jambas o cartelas, de piedra Sierra Elvira, como toque de presencia integradora y referencia local. Como dec\u00eda el profesor Ortiz en uno de los art\u00edculos que recoge el libro \u201cAtarfe en el papel\u201d, eran edificios pertenecientes a la larga serie de \u201cmodelos\u201d que circularon por Espa\u00f1a a principios del siglo pasado sobre los que alba\u00f1iles y maestros de obra, levantaban ejemplares del \u201ccat\u00e1logo\u201d, introduciendo variantes al repertorio de sus elementos \u201cecl\u00e9cticos\u201d a demanda del cliente. Son im\u00e1genes que permanecen. En ese escenario no duermen: viven y despiertan los sue\u00f1os.<\/em><\/p>\n<p style=\"text-align: justify;\"><em>Aunque se escuchan voces para que esta calle sea exclusivamente peatonal, y, de hecho, ahora s\u00f3lo se puede circular en una \u00fanica direcci\u00f3n, no hace mucho, la calle Real soportaba un continuo tr\u00e1nsito de veh\u00edculos de variado tonelaje, ya que cuando no estaba construida la Redonda ni la A-92, formaba parte de la carretera nacional que un\u00eda Madrid con M\u00e1laga y\/o viceversa. Por ella, hasta 1973, tambi\u00e9n transitaba el tranv\u00eda. Cuenta la an\u00e9cdota que, en unas fiestas de septiembre, para los que no lo sepan, Atarfe celebraba hasta la d\u00e9cada de los 80, las fiestas de Santiago y Santa Ana en julio, y la feria de septiembre, un alcalde, Alfonso Bail\u00f3n, le dijo a uno de sus serenos, apodado el Cherra, hoy que es la procesi\u00f3n de Santa Ana y no puede pasar ning\u00fan veh\u00edculo por la calle Real. El sereno, diligente y \u00e1vido de complacer las \u00f3rdenes de su alcalde, amablemente le comunic\u00f3 al tranviario que abandonara su trayecto por la calla Real y cogiera una alternativa ya que no pod\u00eda circular por esa calle. No tuvo en cuenta que el a\u00f1orado tranv\u00eda, circulaba por ra\u00edles.<\/em><\/p>\n<p style=\"text-align: justify;\"><em>A pesar de estos inconvenientes de tr\u00e1fico rodado, nuestra calle era masivamente ocupada por peatones deseosos de pasear por su calle, de vivir cada uno de sus rincones, de sentarse en las m\u00faltiples terrazas que cada verano montaban los diferentes bares y tabernas que hab\u00eda. Calle viva, reflejo de una sociedad orgullosa de ser atarfe\u00f1a. Calle jalonada por frondosos olmos, hoy desaparecidos y sustituidos por enormes jardineras, muy elegantes, pero faltas de fustes con hojas verdes que mitiguen los sofocantes rigores del verano. En estos d\u00edas que aprieta el calor se echa de menos una sombra que acompa\u00f1e al peat\u00f3n que deambula por la calle.<\/em><\/p>\n<p style=\"text-align: justify;\"><em>Es posible que esta calle acabe siendo peatonal, y as\u00ed lo deseo, pero antes de convertirla ser\u00eda conveniente por un lado buscar una alternativa que, de respuesta de movilidad a los vecinos de esta calle y aleda\u00f1as, sensibilizar a la poblaci\u00f3n para que cada vez se utilice menos el veh\u00edculo privado en desplazamientos interurbanos y sobe todo articular pol\u00edticas que hagan que la calle Real sea de nuevo una calle viva. Se me ocurren: medidas p\u00fablicas para que se establezcan nuevos comercios, actividades l\u00fadicas que inviten a los ciudadanos a vivir su calle y, sobre todo, renovaci\u00f3n del mobiliario urbano con la plantaci\u00f3n de \u00e1rboles que en verano ofrezcan sombra. Propongo un debate ciudadano por nuestra calle<\/em>.&gt;&gt;<\/p>\n<p style=\"text-align: justify;\">Fant\u00e1stica la fotograf\u00eda que ilustra nuestra Gacetilla, de la casa de Ana Mar\u00eda Zamora tambi\u00e9n conocida como casa de los Arcos. Un desproporcionado bloque de pisos ocupa ahora ese solar\u2026<\/p>\n<p>Gacetilla y curiosidades elvirenses<\/p>\n","protected":false},"excerpt":{"rendered":"<p>Reproduzco el texto denominado \u201cCalle Real\u201d escrito en 2010: &lt;&lt;Aunque mis derroteros profesionales apuntan a&#8230;<\/p>\n","protected":false},"author":1,"featured_media":64901,"comment_status":"closed","ping_status":"closed","sticky":false,"template":"","format":"standard","meta":{"_coblocks_attr":"","_coblocks_dimensions":"","_coblocks_responsive_height":"","_coblocks_accordion_ie_support":"","jetpack_post_was_ever_published":false,"_jetpack_newsletter_access":"","_jetpack_dont_email_post_to_subs":false,"_jetpack_newsletter_tier_id":0,"_jetpack_memberships_contains_paywalled_content":false,"_jetpack_memberships_contains_paid_content":false,"footnotes":"","jetpack_publicize_message":"","jetpack_publicize_feature_enabled":true,"jetpack_social_post_already_shared":true,"jetpack_social_options":{"image_generator_settings":{"template":"highway","default_image_id":0,"enabled":false},"version":2}},"categories":[2,38,44,7671],"tags":[],"class_list":["post-64900","post","type-post","status-publish","format-standard","has-post-thumbnail","hentry","category-atarfe","category-opinion-de-jose-enrique-granados","category-noticias-de-hoy","category-politica"],"jetpack_publicize_connections":[],"jetpack_featured_media_url":"https:\/\/i0.wp.com\/miradordeatarfe.es\/wp-content\/uploads\/2023\/11\/396716161_806722028127948_7492450165863160344_n.jpg?fit=1562%2C1044&ssl=1","jetpack_likes_enabled":true,"jetpack_sharing_enabled":true,"_links":{"self":[{"href":"https:\/\/miradordeatarfe.es\/index.php?rest_route=\/wp\/v2\/posts\/64900","targetHints":{"allow":["GET"]}}],"collection":[{"href":"https:\/\/miradordeatarfe.es\/index.php?rest_route=\/wp\/v2\/posts"}],"about":[{"href":"https:\/\/miradordeatarfe.es\/index.php?rest_route=\/wp\/v2\/types\/post"}],"author":[{"embeddable":true,"href":"https:\/\/miradordeatarfe.es\/index.php?rest_route=\/wp\/v2\/users\/1"}],"replies":[{"embeddable":true,"href":"https:\/\/miradordeatarfe.es\/index.php?rest_route=%2Fwp%2Fv2%2Fcomments&post=64900"}],"version-history":[{"count":2,"href":"https:\/\/miradordeatarfe.es\/index.php?rest_route=\/wp\/v2\/posts\/64900\/revisions"}],"predecessor-version":[{"id":66069,"href":"https:\/\/miradordeatarfe.es\/index.php?rest_route=\/wp\/v2\/posts\/64900\/revisions\/66069"}],"wp:featuredmedia":[{"embeddable":true,"href":"https:\/\/miradordeatarfe.es\/index.php?rest_route=\/wp\/v2\/media\/64901"}],"wp:attachment":[{"href":"https:\/\/miradordeatarfe.es\/index.php?rest_route=%2Fwp%2Fv2%2Fmedia&parent=64900"}],"wp:term":[{"taxonomy":"category","embeddable":true,"href":"https:\/\/miradordeatarfe.es\/index.php?rest_route=%2Fwp%2Fv2%2Fcategories&post=64900"},{"taxonomy":"post_tag","embeddable":true,"href":"https:\/\/miradordeatarfe.es\/index.php?rest_route=%2Fwp%2Fv2%2Ftags&post=64900"}],"curies":[{"name":"wp","href":"https:\/\/api.w.org\/{rel}","templated":true}]}}