{"id":64940,"date":"2023-11-19T10:01:28","date_gmt":"2023-11-19T09:01:28","guid":{"rendered":"https:\/\/miradordeatarfe.es\/?p=64940"},"modified":"2023-11-15T20:06:53","modified_gmt":"2023-11-15T19:06:53","slug":"los-beneficios-de-que-exista-una-red-de-apoyo-formada-por-alumnos-y-profesores-contra-el-acoso-escolar","status":"publish","type":"post","link":"https:\/\/miradordeatarfe.es\/?p=64940","title":{"rendered":"Los beneficios de que exista una red de apoyo formada por alumnos y profesores contra el acoso escolar"},"content":{"rendered":"<h3 class=\"a_st\" style=\"text-align: justify;\">Los programas de mediaci\u00f3n escolar son una v\u00eda para paliar el \u2018bullying\u2019 en las aulas. Este sistema requiere que tanto los docentes como los estudiantes implicados reciban una formaci\u00f3n antes de su implementaci\u00f3n en el colegio o instituto<\/h3>\n<p class=\"\" style=\"text-align: justify;\">\u201cTe espero a la salida\u201d. Cuantas veces habremos o\u00eddo esa amenaza lo largo de nuestra trayectoria escolar\u2026 <a href=\"https:\/\/elpais.com\/mamas-papas\/expertos\/2023-11-02\/xavier-guix-psicologo-no-se-pueden-tolerar-las-faltas-de-respeto-si-la-escuela-no-actua-frente-al-bullying-mejor-cambiar-de-contexto.html#?rel=mas_sumario\" target=\"_blank\" rel=\"noopener\" data-link-track-dtm=\"\" data-mrf-link=\"https:\/\/elpais.com\/mamas-papas\/expertos\/2023-11-02\/xavier-guix-psicologo-no-se-pueden-tolerar-las-faltas-de-respeto-si-la-escuela-no-actua-frente-al-bullying-mejor-cambiar-de-contexto.html\">Si bien es cierto que los conflictos son inherentes a la vida <\/a>y forman parte de las relaciones entre el alumnado, lejos de disminuir, aumentan cada d\u00eda en las aulas. Tal y como afirma la pedagoga<a href=\"https:\/\/www.instagram.com\/tetaaporter\/?hl=es\" target=\"_blank\" rel=\"noopener\" data-link-track-dtm=\"\" data-mrf-link=\"https:\/\/www.instagram.com\/tetaaporter\/?hl=es\"> Romina P\u00e9rez Toldi<\/a>, no podemos dar por respuesta a un ni\u00f1o o ni\u00f1a que est\u00e1 sufriendo de manera reiterada frases como \u201cno le hagas caso\u201d o \u201cesto es cosa de ni\u00f1os\u201d cuando se encuentran ante un conflicto. Si hacemos esto, negamos el apoyo y, adem\u00e1s, transmitimos la idea de que se puede agredir o molestar a los dem\u00e1s sin consecuencias.<\/p>\n<p class=\"\" style=\"text-align: justify;\">Una forma de afrontar estas situaciones por parte de los centros educativos ha sido incorporar programas preventivos para mejorar la convivencia en los colegios y en las aulas, permitiendo a los alumnos y alumnas optar por formas alternativas en la resoluci\u00f3n de conflictos, lo cual implica una disminuci\u00f3n del n\u00famero de aplicaciones de medidas sancionadoras.<\/p>\n<p class=\"\" style=\"text-align: justify;\">Por suerte, podemos afirmar que en estos \u00faltimos a\u00f1os se ha ido produciendo un aumento de conocimiento sobre el abordaje educativo de la convivencia y un acuerdo social cada vez mayor. Parece que \u201cmejorar la convivencia incide directamente en la calidad educativa\u201d, seg\u00fan el estudio <i>Convivencia escolar y su relaci\u00f3n con el rendimiento acad\u00e9mico en alumnado de Educaci\u00f3n Primaria<\/i> de Gamal Cerda, doctor en Psicolog\u00eda, y colaboradores, de 2019. Seg\u00fan el <a href=\"https:\/\/www.educacionyfp.gob.es\/dam\/jcr:f51bcbcd-75f7-463a-b302-83a10756445b\/estudio-estatal-sobre-la-convivencia-escolar-en-centros-de-educacion-primaria-vf.pdf\" target=\"_blank\" rel=\"noopener\" data-link-track-dtm=\"\" data-mrf-link=\"https:\/\/www.educacionyfp.gob.es\/dam\/jcr:f51bcbcd-75f7-463a-b302-83a10756445b\/estudio-estatal-sobre-la-convivencia-escolar-en-centros-de-educacion-primaria-vf.pdf\">Estudio Estatal para la Convivencia Escolar<\/a> de este 2023, del Ministerio de Educaci\u00f3n y Formaci\u00f3n de Espa\u00f1a, la Educaci\u00f3n Primaria cuenta con investigaciones y experiencias muy positivas que se han ido implementando en los centros. Entre ellos, los <a href=\"https:\/\/www.educacionyfp.gob.es\/mc\/sgctie\/convivencia-escolar\/en-accion\/mediacion-escolar.html\" target=\"_blank\" rel=\"noopener\" data-link-track-dtm=\"\" data-mrf-link=\"https:\/\/www.educacionyfp.gob.es\/mc\/sgctie\/convivencia-escolar\/en-accion\/mediacion-escolar.html\">Programas de mediaci\u00f3n escolar <\/a>y proyectos en los que los propios alumnos son una parte integral de la soluci\u00f3n a los problemas de convivencia escolar. Se trata de un sistema de ayuda entre iguales, con el que se crea una red de apoyo para la soluci\u00f3n de conflictos y el desempe\u00f1o de tareas de escucha y acompa\u00f1amiento. El fin de la <a href=\"https:\/\/elpais.com\/mamas-papas\/2021-06-21\/mediacion-escolar-para-ninos-y-ninas.html\" target=\"_blank\" rel=\"noopener\" data-link-track-dtm=\"\" data-mrf-link=\"https:\/\/elpais.com\/mamas-papas\/2021-06-21\/mediacion-escolar-para-ninos-y-ninas.html\">mediaci\u00f3n es ofrecer una v\u00eda de comunicaci\u00f3n y encuentro<\/a>. Los alumnos ayudantes son agentes prosociales.<\/p>\n<p class=\"\" style=\"text-align: justify;\">Algunas de sus funciones son: acoger a los alumnos nuevos durante sus primeros d\u00edas, escuchar y prestar apoyo a aquellos ni\u00f1os que se sientan tristes o solos, mediar y prevenir conflictos o dotar de herramientas a los estudiantes para que superen sus propios conflictos. Este sistema requiere que tanto los profesores como los alumnos que forman parte del programa reciban una formaci\u00f3n antes de su implementaci\u00f3n en el centro. Los alumnos de cursos iniciales son Ayudantes y los de cursos superiores, Mediadores, los cuales son elegidos por los compa\u00f1eros.<\/p>\n<p class=\"\" style=\"text-align: justify;\">\u00c1ngela Escribano Ruiz, orientadora del instituto Francisco Ayala, recomienda su inserci\u00f3n en los centros educativos por diversas razones:<\/p>\n<ul style=\"text-align: justify;\">\n<li>La primera de ellas es que se ha demostrado que los alumnos tienen una visi\u00f3n mucho m\u00e1s completa de lo que ocurre a nivel de conflictividad social en sus centros. Los profesores y los padres no conocen muchos de estos problemas, ya que la mayor\u00eda se suelen dar en los espacios menos vigilados. De esta forma, los problemas se suelen detectar en el primer estadio, en el cual la situaci\u00f3n es controlable.<\/li>\n<li>La segunda obedece a una raz\u00f3n social. En muchas ocasiones, es m\u00e1s importante la ayuda de un igual que la de un adulto.<\/li>\n<li>Y la tercera, y \u00faltima, es que los alumnos aprenden a resolver de forma aut\u00f3noma y pac\u00edfica los problemas entre compa\u00f1eros, aunque siempre est\u00e9n supervisados por un profesor de seguimiento.<\/li>\n<\/ul>\n<p class=\"\" style=\"text-align: justify;\">Uno de los puntos clave de estos programas es aprender la necesidad e importancia de pedir ayuda, pero adem\u00e1s proporciona al alumnado el desarrollo de habilidades sociales (empat\u00eda, asertividad), aprender a buscar soluciones donde todos ganan y asimilar formas efectivas y no violentas de resolver sus conflictos interpersonales.<\/p>\n<p class=\"\" style=\"text-align: justify;\">A nivel de centro la implementaci\u00f3n de estos programas obtiene muy buenos beneficios, como el hecho de potenciar la participaci\u00f3n, el compromiso y la b\u00fasqueda del bien com\u00fan. Tambi\u00e9n previene el acoso escolar, disminuye el n\u00famero de expedientes disciplinarios y crea canales de comunicaci\u00f3n y conocimiento entre profesores y alumnos.<\/p>\n<p class=\"\" style=\"text-align: justify;\">Ya lo dijo <a href=\"https:\/\/csjcarondelet.org\/author\/sally-koch\/\" target=\"_blank\" rel=\"noopener\" data-link-track-dtm=\"\" data-mrf-link=\"https:\/\/csjcarondelet.org\/author\/sally-koch\/\">la psic\u00f3loga estadounidense Sally Koch:<\/a> \u201cLas grandes oportunidades para ayudar a los dem\u00e1s rara vez vienen, pero las peque\u00f1as nos rodean todos los d\u00edas\u201d.<\/p>\n<aside class=\"a_np\">\n<p style=\"text-align: justify;\"><strong>Ruth Alfonso Arias,<\/strong> madre de mellizos y de una hija adolescente, es educadora infantil y educadora certificada de Disciplina Positiva.\u00a0<\/p>\n<p>FOTO: <span class=\"a_m_m\">Rafael Ben-Ari (Getty Images)<\/span><\/p>\n<p>https:\/\/elpais.com\/mamas-papas\/actualidad\/2023-11-10\/los-beneficios-de-que-exista-una-red-de-apoyo-formada-por-alumnos-y-profesores-contra-el-acoso-escolar.html<\/p>\n<\/aside>\n","protected":false},"excerpt":{"rendered":"<p>Los programas de mediaci\u00f3n escolar son una v\u00eda para paliar el \u2018bullying\u2019 en las aulas&#8230;.<\/p>\n","protected":false},"author":1,"featured_media":64941,"comment_status":"closed","ping_status":"closed","sticky":false,"template":"","format":"standard","meta":{"_coblocks_attr":"","_coblocks_dimensions":"","_coblocks_responsive_height":"","_coblocks_accordion_ie_support":"","jetpack_post_was_ever_published":false,"_jetpack_newsletter_access":"","_jetpack_dont_email_post_to_subs":false,"_jetpack_newsletter_tier_id":0,"_jetpack_memberships_contains_paywalled_content":false,"_jetpack_memberships_contains_paid_content":false,"footnotes":"","jetpack_publicize_message":"","jetpack_publicize_feature_enabled":true,"jetpack_social_post_already_shared":true,"jetpack_social_options":{"image_generator_settings":{"template":"highway","default_image_id":0,"enabled":false},"version":2}},"categories":[1161,44,10],"tags":[],"class_list":["post-64940","post","type-post","status-publish","format-standard","has-post-thumbnail","hentry","category-ciudadania","category-noticias-de-hoy","category-salud"],"jetpack_publicize_connections":[],"jetpack_featured_media_url":"https:\/\/i0.wp.com\/miradordeatarfe.es\/wp-content\/uploads\/2023\/11\/Screenshot-2023-11-15-at-20-04-54-Los-beneficios-de-que-exista-una-red-de-apoyo-formada-por-alumnos-y-profesores-contra-el-acoso-escolar.png?fit=333%2C249&ssl=1","jetpack_likes_enabled":true,"jetpack_sharing_enabled":true,"_links":{"self":[{"href":"https:\/\/miradordeatarfe.es\/index.php?rest_route=\/wp\/v2\/posts\/64940","targetHints":{"allow":["GET"]}}],"collection":[{"href":"https:\/\/miradordeatarfe.es\/index.php?rest_route=\/wp\/v2\/posts"}],"about":[{"href":"https:\/\/miradordeatarfe.es\/index.php?rest_route=\/wp\/v2\/types\/post"}],"author":[{"embeddable":true,"href":"https:\/\/miradordeatarfe.es\/index.php?rest_route=\/wp\/v2\/users\/1"}],"replies":[{"embeddable":true,"href":"https:\/\/miradordeatarfe.es\/index.php?rest_route=%2Fwp%2Fv2%2Fcomments&post=64940"}],"version-history":[{"count":1,"href":"https:\/\/miradordeatarfe.es\/index.php?rest_route=\/wp\/v2\/posts\/64940\/revisions"}],"predecessor-version":[{"id":64942,"href":"https:\/\/miradordeatarfe.es\/index.php?rest_route=\/wp\/v2\/posts\/64940\/revisions\/64942"}],"wp:featuredmedia":[{"embeddable":true,"href":"https:\/\/miradordeatarfe.es\/index.php?rest_route=\/wp\/v2\/media\/64941"}],"wp:attachment":[{"href":"https:\/\/miradordeatarfe.es\/index.php?rest_route=%2Fwp%2Fv2%2Fmedia&parent=64940"}],"wp:term":[{"taxonomy":"category","embeddable":true,"href":"https:\/\/miradordeatarfe.es\/index.php?rest_route=%2Fwp%2Fv2%2Fcategories&post=64940"},{"taxonomy":"post_tag","embeddable":true,"href":"https:\/\/miradordeatarfe.es\/index.php?rest_route=%2Fwp%2Fv2%2Ftags&post=64940"}],"curies":[{"name":"wp","href":"https:\/\/api.w.org\/{rel}","templated":true}]}}