{"id":64948,"date":"2023-11-10T11:08:17","date_gmt":"2023-11-10T10:08:17","guid":{"rendered":"https:\/\/miradordeatarfe.es\/?p=64948"},"modified":"2023-11-19T11:08:45","modified_gmt":"2023-11-19T10:08:45","slug":"atarfe-presentacion-del-libro-el-lugar-de-la-caracola-por-susi-campos","status":"publish","type":"post","link":"https:\/\/miradordeatarfe.es\/?p=64948","title":{"rendered":"ATARFE:  Presentaci\u00f3n del libro \u2018El lugar de la caracola\u2019 por Susi Campos"},"content":{"rendered":"<h3>El mi\u00e9rcoles <strong>13 de diciembre<\/strong> a las <strong>20:00<\/strong> tendremos el placer de presentar <strong><em><a title=\"El lugar de la caracola\" href=\"https:\/\/www.editorialnazari.com\/libro\/el-lugar-de-la-caracola\/\">El lugar de la caracola<\/a><\/em><\/strong>, nuevo poemario de <strong><a title=\"Susi Campos\" href=\"https:\/\/www.editorialnazari.com\/team\/susi-campos\/\">Susi Campos<\/a><\/strong>. La autora estar\u00e1 acompa\u00f1ada por <strong>Alejandro Pedregosa<\/strong>, escritor y poeta, y <strong>Alejandro Santiago<\/strong>, editor. La presentaci\u00f3n tendr\u00e1 lugar en el <strong>Centro Cultural Medina Elvira de Atarfe<\/strong>, situada en la Avenida de la Diputaci\u00f3n.<\/h3>\n<p><em>El lugar de la caracola\u00a0no puede ser un t\u00edtulo m\u00e1s sugerente para un poemario que perturba en su singularidad, que te lleva hacia dentro o hacia fuera en un c\u00edrculo de voz que se cierra y se abre sobre s\u00ed misma dependiendo, como una ilusi\u00f3n \u00f3ptica, del lugar del que la miramos o leemos. Desde el primer poema \u201cArena\u201d, de la primera parte \u201cCaracola en la orilla\u201d, Susi Campos nos sit\u00faa en un paisaje on\u00edrico donde el yo po\u00e9tico que se reivindica en an\u00e1foras y versos camina entre la luz y la negrura. Pero lejos de crear un personaje arrogante que se cita a s\u00ed mismo y se erige en autoridad, va construy\u00e9ndolo precisamente desde ese Yo ni\u00f1a y yo vieja, que sigue perdido en el desierto.<\/em><\/p>\n<p><em>Una se pregunta c\u00f3mo Susi Campos es capaz de poder manipular tanta belleza en este libro.<\/em><\/p>\n<p><em>Una propuesta que invita a lo que logran los buenos poemas, los poemas infinitos que se leen una y otra vez, que piden otra ronda y vuelven a brindar y a brindarse. Que hacemos nuestros.<\/em><\/p>\n<p>&nbsp;<\/p>\n","protected":false},"excerpt":{"rendered":"<p>El mi\u00e9rcoles 13 de diciembre a las 20:00 tendremos el placer de presentar El lugar&#8230;<\/p>\n","protected":false},"author":1,"featured_media":0,"comment_status":"closed","ping_status":"closed","sticky":false,"template":"","format":"standard","meta":{"_coblocks_attr":"","_coblocks_dimensions":"","_coblocks_responsive_height":"","_coblocks_accordion_ie_support":"","jetpack_post_was_ever_published":false,"_jetpack_newsletter_access":"","_jetpack_dont_email_post_to_subs":false,"_jetpack_newsletter_tier_id":0,"_jetpack_memberships_contains_paywalled_content":false,"_jetpack_memberships_contains_paid_content":false,"footnotes":"","jetpack_publicize_message":"","jetpack_publicize_feature_enabled":true,"jetpack_social_post_already_shared":true,"jetpack_social_options":{"image_generator_settings":{"template":"highway","default_image_id":0,"enabled":false},"version":2}},"categories":[12,186,44,6539],"tags":[],"class_list":["post-64948","post","type-post","status-publish","format-standard","hentry","category-cultura","category-instituciones","category-noticias-de-hoy","category-personajes-de-ataref"],"jetpack_publicize_connections":[],"jetpack_featured_media_url":"","jetpack_likes_enabled":true,"jetpack_sharing_enabled":true,"_links":{"self":[{"href":"https:\/\/miradordeatarfe.es\/index.php?rest_route=\/wp\/v2\/posts\/64948","targetHints":{"allow":["GET"]}}],"collection":[{"href":"https:\/\/miradordeatarfe.es\/index.php?rest_route=\/wp\/v2\/posts"}],"about":[{"href":"https:\/\/miradordeatarfe.es\/index.php?rest_route=\/wp\/v2\/types\/post"}],"author":[{"embeddable":true,"href":"https:\/\/miradordeatarfe.es\/index.php?rest_route=\/wp\/v2\/users\/1"}],"replies":[{"embeddable":true,"href":"https:\/\/miradordeatarfe.es\/index.php?rest_route=%2Fwp%2Fv2%2Fcomments&post=64948"}],"version-history":[{"count":1,"href":"https:\/\/miradordeatarfe.es\/index.php?rest_route=\/wp\/v2\/posts\/64948\/revisions"}],"predecessor-version":[{"id":64972,"href":"https:\/\/miradordeatarfe.es\/index.php?rest_route=\/wp\/v2\/posts\/64948\/revisions\/64972"}],"wp:attachment":[{"href":"https:\/\/miradordeatarfe.es\/index.php?rest_route=%2Fwp%2Fv2%2Fmedia&parent=64948"}],"wp:term":[{"taxonomy":"category","embeddable":true,"href":"https:\/\/miradordeatarfe.es\/index.php?rest_route=%2Fwp%2Fv2%2Fcategories&post=64948"},{"taxonomy":"post_tag","embeddable":true,"href":"https:\/\/miradordeatarfe.es\/index.php?rest_route=%2Fwp%2Fv2%2Ftags&post=64948"}],"curies":[{"name":"wp","href":"https:\/\/api.w.org\/{rel}","templated":true}]}}