{"id":64954,"date":"2023-11-19T11:39:30","date_gmt":"2023-11-19T10:39:30","guid":{"rendered":"https:\/\/miradordeatarfe.es\/?p=64954"},"modified":"2023-11-17T17:52:05","modified_gmt":"2023-11-17T16:52:05","slug":"atarfe-concentracion-por-el-25n","status":"publish","type":"post","link":"https:\/\/miradordeatarfe.es\/?p=64954","title":{"rendered":"ATARFE: CONCENTRACI\u00d3N POR EL 25N"},"content":{"rendered":"<div class=\"\" dir=\"auto\">\n<div id=\":r5e:\" class=\"x1iorvi4 x1pi30zi x1l90r2v x1swvt13\" data-ad-comet-preview=\"message\" data-ad-preview=\"message\">\n<div class=\"x78zum5 xdt5ytf xz62fqu x16ldp7u\">\n<div class=\"xu06os2 x1ok221b\">\n<div class=\"xdj266r x11i5rnm xat24cr x1mh8g0r x1vvkbs x126k92a\">\n<h3 dir=\"auto\">25 de Noviembre: D\u00eda Internacional para la Eliminaci\u00f3n de la Violencia Contra la Mujer<\/h3>\n<\/div>\n<div class=\"x11i5rnm xat24cr x1mh8g0r x1vvkbs xtlvy1s x126k92a\">\n<div dir=\"auto\">Desde la Concejal\u00eda de Igualdad te convocamos a la Concentraci\u00f3n del 25 de Noviembre. Visualicemos la fuerza y uni\u00f3n contra esta lacra social. \u00a1Basta Ya!<\/div>\n<div dir=\"auto\">\u00a0<\/div>\n<\/div>\n<div class=\"x11i5rnm xat24cr x1mh8g0r x1vvkbs xtlvy1s x126k92a\">\n<div dir=\"auto\">Apunta en tu agenda: <strong>Viernes 24 de Noviembre a las 12:00 CONCENTRACI\u00d3N EN LA PLAZA DEL AYUNTAMIENTO.<\/strong><\/div>\n<div dir=\"auto\">\u00a0<\/div>\n<\/div>\n<\/div>\n<div dir=\"auto\"><iframe loading=\"lazy\" src=\"\/\/www.youtube.com\/embed\/vYH7ox-RWnQ?feature=shared\" width=\"560\" height=\"314\" allowfullscreen=\"allowfullscreen\"><\/iframe><\/div>\n<div dir=\"auto\">\u00a0<\/div>\n<div class=\"xu06os2 x1ok221b\">\n<div class=\"x11i5rnm xat24cr x1mh8g0r x1vvkbs xtlvy1s x126k92a\">\n<div dir=\"auto\"><a href=\"https:\/\/i0.wp.com\/miradordeatarfe.es\/wp-content\/uploads\/2023\/11\/Screenshot-2023-11-17-at-17-45-02-Folleto_castellanosinlogoCons.indd-Folleto_castellano.pdf.png?ssl=1\"><img data-recalc-dims=\"1\" loading=\"lazy\" decoding=\"async\" class=\"alignnone wp-image-64955 size-full\" src=\"https:\/\/i0.wp.com\/miradordeatarfe.es\/wp-content\/uploads\/2023\/11\/Screenshot-2023-11-17-at-17-45-02-Folleto_castellanosinlogoCons.indd-Folleto_castellano.pdf.png?resize=640%2C464&#038;ssl=1\" alt=\"\" width=\"640\" height=\"464\" srcset=\"https:\/\/i0.wp.com\/miradordeatarfe.es\/wp-content\/uploads\/2023\/11\/Screenshot-2023-11-17-at-17-45-02-Folleto_castellanosinlogoCons.indd-Folleto_castellano.pdf.png?w=769&amp;ssl=1 769w, https:\/\/i0.wp.com\/miradordeatarfe.es\/wp-content\/uploads\/2023\/11\/Screenshot-2023-11-17-at-17-45-02-Folleto_castellanosinlogoCons.indd-Folleto_castellano.pdf.png?resize=300%2C218&amp;ssl=1 300w\" sizes=\"auto, (max-width: 640px) 100vw, 640px\" \/><\/a><\/div>\n<\/div>\n<div dir=\"auto\"><a href=\"https:\/\/i0.wp.com\/miradordeatarfe.es\/wp-content\/uploads\/2023\/11\/1.png?ssl=1\"><img data-recalc-dims=\"1\" loading=\"lazy\" decoding=\"async\" class=\"alignnone wp-image-64956 size-full\" src=\"https:\/\/i0.wp.com\/miradordeatarfe.es\/wp-content\/uploads\/2023\/11\/1.png?resize=640%2C454&#038;ssl=1\" alt=\"\" width=\"640\" height=\"454\" srcset=\"https:\/\/i0.wp.com\/miradordeatarfe.es\/wp-content\/uploads\/2023\/11\/1.png?w=781&amp;ssl=1 781w, https:\/\/i0.wp.com\/miradordeatarfe.es\/wp-content\/uploads\/2023\/11\/1.png?resize=300%2C213&amp;ssl=1 300w, https:\/\/i0.wp.com\/miradordeatarfe.es\/wp-content\/uploads\/2023\/11\/1.png?resize=768%2C545&amp;ssl=1 768w\" sizes=\"auto, (max-width: 640px) 100vw, 640px\" \/><\/a><\/div>\n<\/div>\n<\/div>\n<\/div>\n<\/div>\n","protected":false},"excerpt":{"rendered":"<p>25 de Noviembre: D\u00eda Internacional para la Eliminaci\u00f3n de la Violencia Contra la Mujer Desde&#8230;<\/p>\n","protected":false},"author":1,"featured_media":64957,"comment_status":"closed","ping_status":"closed","sticky":false,"template":"","format":"standard","meta":{"_coblocks_attr":"","_coblocks_dimensions":"","_coblocks_responsive_height":"","_coblocks_accordion_ie_support":"","jetpack_post_was_ever_published":false,"_jetpack_newsletter_access":"","_jetpack_dont_email_post_to_subs":false,"_jetpack_newsletter_tier_id":0,"_jetpack_memberships_contains_paywalled_content":false,"_jetpack_memberships_contains_paid_content":false,"footnotes":"","jetpack_publicize_message":"","jetpack_publicize_feature_enabled":true,"jetpack_social_post_already_shared":true,"jetpack_social_options":{"image_generator_settings":{"template":"highway","default_image_id":0,"enabled":false},"version":2}},"categories":[6916,186,44],"tags":[],"class_list":["post-64954","post","type-post","status-publish","format-standard","has-post-thumbnail","hentry","category-ayuntamiento-de-atarfe","category-instituciones","category-noticias-de-hoy"],"jetpack_publicize_connections":[],"jetpack_featured_media_url":"https:\/\/i0.wp.com\/miradordeatarfe.es\/wp-content\/uploads\/2023\/11\/Screenshot-2023-11-17-at-17-50-46-Juntas_50x70_100.jpg-Imagen-JPEG-1418-%C3%97-1985-pixeles-Escalado-30-.png?fit=400%2C344&ssl=1","jetpack_likes_enabled":true,"jetpack_sharing_enabled":true,"_links":{"self":[{"href":"https:\/\/miradordeatarfe.es\/index.php?rest_route=\/wp\/v2\/posts\/64954","targetHints":{"allow":["GET"]}}],"collection":[{"href":"https:\/\/miradordeatarfe.es\/index.php?rest_route=\/wp\/v2\/posts"}],"about":[{"href":"https:\/\/miradordeatarfe.es\/index.php?rest_route=\/wp\/v2\/types\/post"}],"author":[{"embeddable":true,"href":"https:\/\/miradordeatarfe.es\/index.php?rest_route=\/wp\/v2\/users\/1"}],"replies":[{"embeddable":true,"href":"https:\/\/miradordeatarfe.es\/index.php?rest_route=%2Fwp%2Fv2%2Fcomments&post=64954"}],"version-history":[{"count":1,"href":"https:\/\/miradordeatarfe.es\/index.php?rest_route=\/wp\/v2\/posts\/64954\/revisions"}],"predecessor-version":[{"id":64958,"href":"https:\/\/miradordeatarfe.es\/index.php?rest_route=\/wp\/v2\/posts\/64954\/revisions\/64958"}],"wp:featuredmedia":[{"embeddable":true,"href":"https:\/\/miradordeatarfe.es\/index.php?rest_route=\/wp\/v2\/media\/64957"}],"wp:attachment":[{"href":"https:\/\/miradordeatarfe.es\/index.php?rest_route=%2Fwp%2Fv2%2Fmedia&parent=64954"}],"wp:term":[{"taxonomy":"category","embeddable":true,"href":"https:\/\/miradordeatarfe.es\/index.php?rest_route=%2Fwp%2Fv2%2Fcategories&post=64954"},{"taxonomy":"post_tag","embeddable":true,"href":"https:\/\/miradordeatarfe.es\/index.php?rest_route=%2Fwp%2Fv2%2Ftags&post=64954"}],"curies":[{"name":"wp","href":"https:\/\/api.w.org\/{rel}","templated":true}]}}