{"id":64973,"date":"2023-11-21T12:10:51","date_gmt":"2023-11-21T11:10:51","guid":{"rendered":"https:\/\/miradordeatarfe.es\/?p=64973"},"modified":"2023-11-21T16:46:56","modified_gmt":"2023-11-21T15:46:56","slug":"atarfe-recuerdo-de-la-memoria-historica-con-la-visita-a-las-trincheras-de-atarfe","status":"publish","type":"post","link":"https:\/\/miradordeatarfe.es\/?p=64973","title":{"rendered":"ATARFE: RECUERDO DE LA MEMORIA HIST\u00d3RICA CON LA VISITA A LAS TRINCHERAS DE ATARFE"},"content":{"rendered":"<h3 style=\"text-align: left;\">El s\u00e1bado 18 de noviembre , vivimos una jornada inolvidable de senderismo explorando la Ruta de la Memoria Hist\u00f3rica de las trincheras de Atarfe. Actividad organizada por la Concel\u00eda\u00a0 de Turismo y Participaci\u00f3n\u00a0 Ciudadana.<\/h3>\n<p style=\"text-align: justify;\">Con la colaboraci\u00f3n de la Asociaci\u00f3n de Senderismo El Castillejo, nos dirigimos hacia las trincheras, donde la historiadora Maribel Brenes nos cautiv\u00f3 con una fascinante narraci\u00f3n sobre la historia de este emblem\u00e1tico lugar. Posteriormente, en la Casa de la Cultura de Caparacena, pudimos participar en un interesante coloquio con el\u00a0 profesor de historia Alfonso Mart\u00ednez Foronda, y asistimos a la proyecci\u00f3n del emotivo video Trincheras, dirigido por Jorge Puche. Nuestro agradecimiento a todos los que hicisteis posible este d\u00eda lleno de conocimiento y reflexi\u00f3n.<\/p>\n<p class=\"mce\" style=\"text-align: justify;\">Comenz\u00f3 la visita con un recorrido por las trincheras siendo documentadas <strong>por MARIBEL FRENES<\/strong> .Recuperar la historia del olvido y ponerla al servicio de las generaciones presentes y futuras es un trabajo arduo que precisa de mucho estudio y, por encima de todo, de tiempo.Muchos a\u00f1os han estado &#8216;parapetados en el fuerte de la archiv\u00edstica&#8217; los historiadores Andr\u00e9s Fern\u00e1ndez y<strong> Maribel Brenes<\/strong> para recopilar y componer el vasto inventario de <i>Trincheras, b\u00fankeres y refugios de la Guerra Civil en la provincia de Granada<\/i> . Pero en realidad el volumen va m\u00e1s all\u00e1 de la taxonom\u00eda y tiene la doble intenci\u00f3n de <strong>\u00abhumanizar\u00bb<\/strong> hablando de la vida de las personas que se resguardaron en esas construcciones b\u00e9licas durante ese per\u00edodo negro de la historia de Espa\u00f1a.<\/p>\n<p class=\"mce\" style=\"text-align: justify;\">La investigadora Maribel Brenes expuso como a trav\u00e9s de las fotograf\u00edas, los partes militares, las fichas de batallones y los estudios de planimetr\u00eda que encontraron fueron resolviendo la inc\u00f3gnita <strong>de qui\u00e9n vivi\u00f3 en esas 50 posiciones granadinas<\/strong> que se recogen en el libro.<\/p>\n<p class=\"mce\" style=\"text-align: justify;\"><em> \u00abAtravesando la provincia desde el extremo norte en la frontera con Alcal\u00e1 la Real hasta la Costa hemos comprobado c\u00f3mo se hac\u00edan esas construcciones y las personas que hab\u00eda\u00bb detall\u00f3 la coautora. A la vez el informe saca conclusiones relevantes como el hecho de que \u00ablas posiciones de los nacionales estaban mejor hechas porque contaban con m\u00e1s recursos\u00bb, aclar\u00f3 Brenes, quien lament\u00f3 que en contraposici\u00f3n los levantamientos de los republicano no se han conservado bien porque \u00ablos hicieron con pocos medios, muchos de ellos con barro y piedras\u00bb<\/em>. Asimismo, una de las preocupaciones a la hora de hacer las trincheras era <em>\u00abevitar los errores que se hab\u00edan cometido en la Primera Guerra Mundial y se buscan otras maneras de hacerlas como el zigzag\u00bb<\/em>.<\/p>\n<p>\u00ab<strong>La memoria hist\u00f3rica no son solamente las v\u00edctimas sino todo lo que engloba un per\u00edodo concreto\u00bb<\/strong>, explic\u00f3 Brenes sobre la importancia de que se conserven en buen estado las construcciones hechas en Granada entre el 1936 y el 1939. El equipo de gobierno\u00a0 de nuestro Ayuntamiento de Atarfe presente en el recorrido que se realiz\u00f3 tomo nota de la importancia de revalorizar ese patrimonio de memoria historica que hay que cuidar y valorar.<\/p>\n<p>\u00a0En un momento del trayecto y antes de dirigirnos a Caparacena\u00a0 en un acto muy emotivo se leyeron distintas poes\u00edas\u00a0 como : <em>Canci\u00f3n del esposo-soldado<\/em> de Miguel Hern\u00e1ndez , <em>El crimen fue en Granada<\/em>\u00a0 de Antonio Machado, <em>Explico algunas cosas<\/em> de Pablo Neruda, <em>Galope ( a galopar)<\/em> de Rafael Alberti,, <em>Oda a los ni\u00f1os de Madrid muertos por la metralla<\/em> de Vicente Aleixandre,\u00a0 <em>Frente<\/em> de Jos\u00e9 Moreno Villa, <em>La guerra<\/em> de Ana Mar\u00eda Mart\u00ednez Sagi,<em> \u00c9xodo<\/em> de \u00c1ngela Figuera, <em>Despu\u00e9s de la Batalla<\/em> de Gloria Fuertes y por \u00faltimo<em>Es mi \u00fanica Patria la palabra <\/em>de Concha Zardoya.<\/p>\n<p style=\"text-align: justify;\">Posteriormente nos trasladamos a Caparacena y en el centro social se nos expuso un video <strong>\u00abTRINCHERAS EN LOS PUEBLOS DE MOCL\u00cdN\u00bb<\/strong>\u00a0 realizado por <strong>JORGE RODR\u00cdGUEZ PUCHE<\/strong>\u00a0 por su empresa <strong>Aperos.<\/strong><\/p>\n<p style=\"text-align: justify;\"><img data-recalc-dims=\"1\" loading=\"lazy\" decoding=\"async\" class=\"wp-image-6121 alignleft\" src=\"https:\/\/i0.wp.com\/sp-ao.shortpixel.ai\/client\/to_auto%2Cq_lossy%2Cret_img%2Cw_420%2Ch_420\/https%3A\/\/rinconesdegranada.com\/wp-content\/uploads\/2017\/11\/TRINCHERAS-DE-MOCLIN-GRANADA.jpg?resize=276%2C276&#038;ssl=1\" sizes=\"auto, (max-width: 420px) 100vw, 420px\" srcset=\"https:\/\/sp-ao.shortpixel.ai\/client\/to_auto,q_lossy,ret_img,w_600\/https:\/\/rinconesdegranada.com\/wp-content\/uploads\/2017\/11\/TRINCHERAS-DE-MOCLIN-GRANADA.jpg.webp 600w, https:\/\/sp-ao.shortpixel.ai\/client\/to_auto,q_lossy,ret_img,w_300\/https:\/\/rinconesdegranada.com\/wp-content\/uploads\/2017\/11\/TRINCHERAS-DE-MOCLIN-GRANADA-300x300.jpg.webp 300w, https:\/\/sp-ao.shortpixel.ai\/client\/to_auto,q_lossy,ret_img,w_150\/https:\/\/rinconesdegranada.com\/wp-content\/uploads\/2017\/11\/TRINCHERAS-DE-MOCLIN-GRANADA-150x150.jpg.webp 150w\" alt=\"TRINCHERAS DE MOCL\u00cdN \u2013 LA CANTERA\" width=\"276\" height=\"276\" aria-describedby=\"caption-attachment-6121\" \/><\/p>\n<p style=\"text-align: justify;\">El 20 de julio de 1936, la guarnici\u00f3n militar de Granada se suma al levantamiento contra el gobierno. Las tropas sublevadas granadinas, organizaron un cintur\u00f3n defensivo rodeando la capital, quedando Granada y las poblaciones circundantes, como un islote rebelde rodeado por el gobierno republicano. Esto motiv\u00f3 la construcci\u00f3n, por parte de ambos ej\u00e9rcitos, de una red de posiciones defensivas en el per\u00edmetro del territorio ocupado. Las defensas se implantaron en las zonas monta\u00f1osas, ya que eran los lugares m\u00e1s vulnerables. Con ellas se pretend\u00eda detener el avance enemigo y consolidar la ocupaci\u00f3n del territorio.<\/p>\n<div id=\"attachment_6121\" class=\"wp-caption alignright\" style=\"text-align: justify;\"><\/p>\n<p id=\"caption-attachment-6121\" class=\"wp-caption-text\">\u00a0<\/p>\n<\/div>\n<p style=\"text-align: justify;\"><strong>Mocl\u00edn qued\u00f3 ocupada el 4 de octubre de 1936 por los nacionalistas.<\/strong> Situ\u00e1ndose el frente de guerra desde Alcal\u00e1 la Real hasta el norte del municipio de Pinos Puente. Esta situaci\u00f3n qued\u00f3 as\u00ed hasta final de la guerra.<\/p>\n<p style=\"text-align: justify;\">En el \u00e1rea de Mocl\u00edn, se levantaron, en los primeros meses de la contienda, 32 posiciones defensivas, entre las que destacan los b\u00fankeres y las trincheras. Las trincheras son estructuras excavadas en la tierra, reforzadas con hormig\u00f3n de cemento, que en esta zona fueron construidas con premura y en unas duras condiciones de trabajo, ya que se excavaron a pico y pala.<\/p>\n<p style=\"text-align: justify;\"><span style=\"font-size: 8pt;\">TRINCHERAS DE MOCL\u00cdN \u2013 LA CANTERA<\/span><\/p>\n<p style=\"text-align: justify;\"><span class=\"yt-core-attributed-string yt-core-attributed-string--white-space-pre-wrap\" role=\"text\"><span class=\"yt-core-attributed-string--link-inherit-color\">El Ayuntamiento de los Pueblos de Mocl\u00edn, ha puesto a disposici\u00f3n del p\u00fablico de forma gratuita el documental realizado, con la maestr\u00eda de siempre y el esp\u00edritu memorialista de que siempre hace gala, por Jorge Rodr\u00edguez Puche en el que disfrutamos de la voz de Manuel Prados y que pod\u00e9is ver en el siguiente enlace:<a href=\"https:\/\/youtu.be\/2BhI-2KI1PA?feature=shared\"> https:\/\/youtu.be\/2BhI-2KI1PA?feature=shared<\/a><br \/>\n<\/span><\/span><\/p>\n<p style=\"text-align: justify;\">Finaliz\u00f3 el acto con una explicaci\u00f3n de los profesores de historia\u00a0 <strong>ALFONSO MART\u00cdNEZ FORONDA\u00a0 Y FRANCISCO\u00a0 GALISTEO GONZ\u00c1LEZ<\/strong> sobre el proyecto: \u00bb REPRESI\u00d3N EN GRANADA DESDE 1931 A 1981&#8243;\u00a0 que est\u00e1n realizando en forma de Diccionario\u00a0 (peque\u00f1as biograf\u00edas de los represaliados)\u00a0 y que a\u00fan est\u00e1\u00a0 en elaboraci\u00f3n, casi terminado, exponi\u00e9ndonos\u00a0 datos provisionales. Este Diccionario ha contado con la colaboraci\u00f3n en la elaboraci\u00f3n digital del catedr\u00e1tico de F\u00edsica de la UGR D. Francisco Galisteo Gonz\u00e1lez.\u00a0<\/p>\n<p>El trabajo desarrollado hasta ahora indica que al menos fueron represaliados 199 hombres\u00a0 y 27 mujeres. En cuanto a datos comprobados hasta ahora de personas de Atarfe, nos explican que hubo <strong>10 soldados de Atarfe que desertaron del ejercito franquista para pasarse al ejercito republicano, 6 se exiliaron, 3 pasaron por el Tribunal de la Masoner\u00eda y el Comunismo otras tres o cuatro pasaron por el batall\u00f3n de trabajadores 9\u00a0 fueron detenidos en una ca\u00edda del partido comunista en 1961\u00a0 y otros 7 pasaron por el tribunal de Orden Publico<\/strong><\/p>\n<p>Desde el a<strong>\u00f1o 1936 hasta el 43 fueron 105 las personas<\/strong> encausadas por tribunales de guerra , fueron ejecutados 22 y 20 de los 22 de forma extrajudicial (sin pasar por ning\u00fan tribunal.<\/p>\n<p>Entre el <strong>a\u00f1o 1941 a 1948 fueron encausados 8 personas<\/strong>. 2 de cada tres mujeres fueron absueltas mientras en los hombres 77% sufrieron condenas con 5 penas de muerte ( se conmutaron 3)<\/p>\n<p>La represi\u00f3n no fue arbitraria sino que fue una represi\u00f3n pol\u00edtica y sindical en Atarfe. Entre ellos 3 alcaldes y cinco concejales:<\/p>\n<p>ALCALDES:<\/p>\n<ul>\n<li>ManueL Castro Galiano<\/li>\n<li>Manuel Poyatos Carvajal<\/li>\n<li>Nicol\u00e1s Prados Terriente<\/li>\n<\/ul>\n<p>CONCEJALES:<\/p>\n<ul>\n<li>Jos\u00e9 D\u00edaz Rajoy<\/li>\n<li>Antonio Cervantes Pareja<\/li>\n<li>Manuel Castro Galiano<\/li>\n<li>Manuel Jim\u00e9nez del Campo<\/li>\n<li>Manuel Poyatos Carvajal<\/li>\n<\/ul>\n<p style=\"text-align: justify;\">Ademas de otro concejal que tambi\u00e9n lo fue de Gabia la Grande.<\/p>\n<p style=\"text-align: justify;\">El OFICIO que hemos encontrado en estas personas , la inmensa mayor\u00eda eran trabajadores del campo\u00a0 campesinos, labradores, pastores&#8230;) 106 en total, y 4 eran transportistas y ferroviarios , del sector servicios 11 , del sector industrial 23 adem\u00e1s de 3 estudiantes y entre las mujeres trabajadoras 9 de las 27 eran vendedoras, modistas, lavanderas jornaleras las menos y una estudiante.<\/p>\n<p style=\"text-align: justify;\">Los Consejos de Guerra fueron mayoritariamente entre los a\u00f1os 1936 -40 donde el total de a\u00f1os de c\u00e1rcel fueron 877 a\u00f1os , 6 meses y 42 d\u00edas. La mayor\u00eda de las personas condenadas a 12 a\u00f1os de c\u00e1rcel y un d\u00eda ademas de las 5 penas de muerte\u00a0 y las 13 de reclusi\u00f3n perpetua.<\/p>\n<p style=\"text-align: justify;\">Los delitos mas recurrentes fueron Auxilio de rebeli\u00f3n ( 12 a\u00f1os y un d\u00eda) , adhesi\u00f3n a la rebeli\u00f3n (30 a\u00f1os)\u00a0 y delitos de rebeli\u00f3n( muerte o se le conmutaba por reclusi\u00f3n perpetua)<\/p>\n<p style=\"text-align: justify;\">Los datos que han encontrado sobre la afiliaci\u00f3n de estas personas atarfe\u00f1as,\u00a0 la mayor\u00eda eran militantes del PSOE ( Partido Socialista Obrero Espa\u00f1ol) y de la\u00a0 UGT ( Uni\u00f3n General de Trabajadores) ya que la afiliaci\u00f3n a la CNT ( Confederaci\u00f3n Nacional del Trabajo) era minoritaria en Atarfe. A partir de los a\u00f1os 50 el protagonismo de esta represi\u00f3n fue ron militantes de CCOO\u00a0 ( Comisiones Obreras) y del PCE( Partido Comunista de Espa\u00f1a). Todas las personas condenadas\u00a0 pasaban por el Tribunal\u00a0 de Responsabilidades Pol\u00edticas con el fin de incautar todos los bienes de las personas encausadas.<\/p>\n<p style=\"text-align: justify;\">Todos estos dato se encuentran en el Diccionario\u00a0 que pronto ver\u00e1 la luz mediante una <strong>p\u00e1gina web<\/strong> donde se recogen las bibliograf\u00edas, los enlaces, temas generales, procesos judiciales etc.<\/p>\n<p style=\"text-align: justify;\">Al final de la ma\u00f1ana convivimos y participamos de la inauguraci\u00f3n del nuevo bar restaurante CASA CAPARACENA.<\/p>\n<p>Las fotos de esta actividad las puedes encontrar en:<\/p>\n<p><a href=\"https:\/\/micloud.movistar.es\/share\/AxGCgxgNwMV1Ijac\"><span style=\"font-size: 14pt;\"><strong>https:\/\/micloud.movistar.es\/share\/AxGCgxgNwMV1Ijac<\/strong><\/span><\/a><\/p>\n","protected":false},"excerpt":{"rendered":"<p>El s\u00e1bado 18 de noviembre , vivimos una jornada inolvidable de senderismo explorando la Ruta&#8230;<\/p>\n","protected":false},"author":1,"featured_media":65045,"comment_status":"closed","ping_status":"closed","sticky":false,"template":"","format":"standard","meta":{"_coblocks_attr":"","_coblocks_dimensions":"","_coblocks_responsive_height":"","_coblocks_accordion_ie_support":"","jetpack_post_was_ever_published":false,"_jetpack_newsletter_access":"","_jetpack_dont_email_post_to_subs":false,"_jetpack_newsletter_tier_id":0,"_jetpack_memberships_contains_paywalled_content":false,"_jetpack_memberships_contains_paid_content":false,"footnotes":"","jetpack_publicize_message":"","jetpack_publicize_feature_enabled":true,"jetpack_social_post_already_shared":true,"jetpack_social_options":{"image_generator_settings":{"template":"highway","default_image_id":0,"enabled":false},"version":2}},"categories":[6916,1161,1225,44],"tags":[],"class_list":["post-64973","post","type-post","status-publish","format-standard","has-post-thumbnail","hentry","category-ayuntamiento-de-atarfe","category-ciudadania","category-ha-de-atarfe","category-noticias-de-hoy"],"jetpack_publicize_connections":[],"jetpack_featured_media_url":"https:\/\/i0.wp.com\/miradordeatarfe.es\/wp-content\/uploads\/2023\/11\/7.jpg?fit=1600%2C1066&ssl=1","jetpack_likes_enabled":true,"jetpack_sharing_enabled":true,"_links":{"self":[{"href":"https:\/\/miradordeatarfe.es\/index.php?rest_route=\/wp\/v2\/posts\/64973","targetHints":{"allow":["GET"]}}],"collection":[{"href":"https:\/\/miradordeatarfe.es\/index.php?rest_route=\/wp\/v2\/posts"}],"about":[{"href":"https:\/\/miradordeatarfe.es\/index.php?rest_route=\/wp\/v2\/types\/post"}],"author":[{"embeddable":true,"href":"https:\/\/miradordeatarfe.es\/index.php?rest_route=\/wp\/v2\/users\/1"}],"replies":[{"embeddable":true,"href":"https:\/\/miradordeatarfe.es\/index.php?rest_route=%2Fwp%2Fv2%2Fcomments&post=64973"}],"version-history":[{"count":11,"href":"https:\/\/miradordeatarfe.es\/index.php?rest_route=\/wp\/v2\/posts\/64973\/revisions"}],"predecessor-version":[{"id":65062,"href":"https:\/\/miradordeatarfe.es\/index.php?rest_route=\/wp\/v2\/posts\/64973\/revisions\/65062"}],"wp:featuredmedia":[{"embeddable":true,"href":"https:\/\/miradordeatarfe.es\/index.php?rest_route=\/wp\/v2\/media\/65045"}],"wp:attachment":[{"href":"https:\/\/miradordeatarfe.es\/index.php?rest_route=%2Fwp%2Fv2%2Fmedia&parent=64973"}],"wp:term":[{"taxonomy":"category","embeddable":true,"href":"https:\/\/miradordeatarfe.es\/index.php?rest_route=%2Fwp%2Fv2%2Fcategories&post=64973"},{"taxonomy":"post_tag","embeddable":true,"href":"https:\/\/miradordeatarfe.es\/index.php?rest_route=%2Fwp%2Fv2%2Ftags&post=64973"}],"curies":[{"name":"wp","href":"https:\/\/api.w.org\/{rel}","templated":true}]}}