{"id":64979,"date":"2023-11-23T11:00:50","date_gmt":"2023-11-23T10:00:50","guid":{"rendered":"https:\/\/miradordeatarfe.es\/?p=64979"},"modified":"2023-11-23T10:21:08","modified_gmt":"2023-11-23T09:21:08","slug":"atarfe-manana-todos-y-todas-a-las-12-en-la-plaza-del-ayuntamiento","status":"publish","type":"post","link":"https:\/\/miradordeatarfe.es\/?p=64979","title":{"rendered":"ATARFE: MA\u00d1ANA TODOS Y TODAS A LAS 12 EN LA PLAZA DEL AYUNTAMIENTO"},"content":{"rendered":"<div class=\"\" dir=\"auto\">\n<div id=\":rbm:\" class=\"x1iorvi4 x1pi30zi x1l90r2v x1swvt13\" data-ad-comet-preview=\"message\" data-ad-preview=\"message\">\n<div class=\"x78zum5 xdt5ytf xz62fqu x16ldp7u\">\n<div class=\"xu06os2 x1ok221b\">\n<div class=\"xdj266r x11i5rnm xat24cr x1mh8g0r x1vvkbs x126k92a\">\n<h3 dir=\"auto\" style=\"text-align: justify;\">Apunta en tu agenda: 25N D\u00eda Internacional para la Eliminaci\u00f3n de la Violencia Contra la Mujer. Te esperamos en la Concentraci\u00f3n que realizaremos el<strong> 24 de Noviembre a las 12:00 en la Plaza del Ayuntamiento.<\/strong><\/h3>\n<p style=\"text-align: justify;\"><span class=\"ILfuVd\" lang=\"es\"><span class=\"hgKElc\">El 17 de diciembre de 1999, la Asamblea General de las Naciones Unidas design\u00f3 el 25 de noviembre como el <b>D\u00eda Internacional de la Eliminaci\u00f3n de la Violencia contra la Mujer<\/b>.<\/span><\/span><\/p>\n<p style=\"text-align: justify;\"><span class=\"ILfuVd\" lang=\"es\"><span class=\"hgKElc\">Se considera <b>v\u00edctima de violencia de g\u00e9nero<\/b>, la mujer que es o ha sido objeto de actos de <b>violencia<\/b> f\u00edsica o psicol\u00f3gica, agresiones a la libertad sexual, amenazas, coacci\u00f3n o privaci\u00f3n de libertad ejercida por su c\u00f3nyuge, exc\u00f3nyuge, pareja de hecho o expareja, aunque no hubieran convivido.<\/span><\/span><\/p>\n<p style=\"text-align: justify;\">La igualdad entre g\u00e9neros no es solo un derecho fundamental, sino la base necesaria para conseguir un mundo pr\u00f3spero y equitativo, adem\u00e1s es fundamental para el desarrollo sostenible de la sociedad. Sin embargo, a pesar de los avances en las \u00faltimas d\u00e9cadas, las mujeres y ni\u00f1as de todo el mundo siguen sin experimentar una igualdad de derechos real.<\/p>\n<\/div>\n<p style=\"text-align: justify;\"><a href=\"https:\/\/i0.wp.com\/miradordeatarfe.es\/wp-content\/uploads\/2023\/11\/cartel-atarfe.jpg?ssl=1\"><img data-recalc-dims=\"1\" loading=\"lazy\" decoding=\"async\" class=\"alignnone wp-image-64980 size-full\" src=\"https:\/\/i0.wp.com\/miradordeatarfe.es\/wp-content\/uploads\/2023\/11\/cartel-atarfe.jpg?resize=640%2C886&#038;ssl=1\" alt=\"\" width=\"640\" height=\"886\" srcset=\"https:\/\/i0.wp.com\/miradordeatarfe.es\/wp-content\/uploads\/2023\/11\/cartel-atarfe.jpg?w=740&amp;ssl=1 740w, https:\/\/i0.wp.com\/miradordeatarfe.es\/wp-content\/uploads\/2023\/11\/cartel-atarfe.jpg?resize=217%2C300&amp;ssl=1 217w\" sizes=\"auto, (max-width: 640px) 100vw, 640px\" \/><\/a><\/p>\n<\/div>\n<p>FOTO: https:\/\/www.uso.es\/las-denuncias-por-violencia-de-genero-crecen-1-trimestre-2022\/<\/p>\n<\/div>\n<\/div>\n<\/div>\n","protected":false},"excerpt":{"rendered":"<p>Apunta en tu agenda: 25N D\u00eda Internacional para la Eliminaci\u00f3n de la Violencia Contra la&#8230;<\/p>\n","protected":false},"author":1,"featured_media":64981,"comment_status":"closed","ping_status":"closed","sticky":false,"template":"","format":"standard","meta":{"_coblocks_attr":"","_coblocks_dimensions":"","_coblocks_responsive_height":"","_coblocks_accordion_ie_support":"","jetpack_post_was_ever_published":false,"_jetpack_newsletter_access":"","_jetpack_dont_email_post_to_subs":false,"_jetpack_newsletter_tier_id":0,"_jetpack_memberships_contains_paywalled_content":false,"_jetpack_memberships_contains_paid_content":false,"footnotes":"","jetpack_publicize_message":"","jetpack_publicize_feature_enabled":true,"jetpack_social_post_already_shared":true,"jetpack_social_options":{"image_generator_settings":{"template":"highway","default_image_id":0,"enabled":false},"version":2}},"categories":[2,14,186,44],"tags":[],"class_list":["post-64979","post","type-post","status-publish","format-standard","has-post-thumbnail","hentry","category-atarfe","category-feminismo","category-instituciones","category-noticias-de-hoy"],"jetpack_publicize_connections":[],"jetpack_featured_media_url":"https:\/\/i0.wp.com\/miradordeatarfe.es\/wp-content\/uploads\/2023\/11\/sindicato-uso-denuncias-violencia-genero-cgpj-875x410-1.png?fit=875%2C410&ssl=1","jetpack_likes_enabled":true,"jetpack_sharing_enabled":true,"_links":{"self":[{"href":"https:\/\/miradordeatarfe.es\/index.php?rest_route=\/wp\/v2\/posts\/64979","targetHints":{"allow":["GET"]}}],"collection":[{"href":"https:\/\/miradordeatarfe.es\/index.php?rest_route=\/wp\/v2\/posts"}],"about":[{"href":"https:\/\/miradordeatarfe.es\/index.php?rest_route=\/wp\/v2\/types\/post"}],"author":[{"embeddable":true,"href":"https:\/\/miradordeatarfe.es\/index.php?rest_route=\/wp\/v2\/users\/1"}],"replies":[{"embeddable":true,"href":"https:\/\/miradordeatarfe.es\/index.php?rest_route=%2Fwp%2Fv2%2Fcomments&post=64979"}],"version-history":[{"count":1,"href":"https:\/\/miradordeatarfe.es\/index.php?rest_route=\/wp\/v2\/posts\/64979\/revisions"}],"predecessor-version":[{"id":64982,"href":"https:\/\/miradordeatarfe.es\/index.php?rest_route=\/wp\/v2\/posts\/64979\/revisions\/64982"}],"wp:featuredmedia":[{"embeddable":true,"href":"https:\/\/miradordeatarfe.es\/index.php?rest_route=\/wp\/v2\/media\/64981"}],"wp:attachment":[{"href":"https:\/\/miradordeatarfe.es\/index.php?rest_route=%2Fwp%2Fv2%2Fmedia&parent=64979"}],"wp:term":[{"taxonomy":"category","embeddable":true,"href":"https:\/\/miradordeatarfe.es\/index.php?rest_route=%2Fwp%2Fv2%2Fcategories&post=64979"},{"taxonomy":"post_tag","embeddable":true,"href":"https:\/\/miradordeatarfe.es\/index.php?rest_route=%2Fwp%2Fv2%2Ftags&post=64979"}],"curies":[{"name":"wp","href":"https:\/\/api.w.org\/{rel}","templated":true}]}}