{"id":64995,"date":"2023-11-20T10:29:12","date_gmt":"2023-11-20T09:29:12","guid":{"rendered":"https:\/\/miradordeatarfe.es\/?p=64995"},"modified":"2023-11-20T10:48:52","modified_gmt":"2023-11-20T09:48:52","slug":"hoy-20-de-noviembre-atarfe-celebra-el-dia-internacional-de-los-derechos-de-los-ninos-y-las-ninas","status":"publish","type":"post","link":"https:\/\/miradordeatarfe.es\/?p=64995","title":{"rendered":"Hoy 20 de Noviembre, Atarfe celebra el D\u00eda Internacional de los Derechos de los ni\u00f1os y las ni\u00f1as"},"content":{"rendered":"<h3 style=\"text-align: justify;\">Desde el Ayuntamiento de Atarfe se est\u00e1 haciendo realidad la participaci\u00f3n en el Proyecto La Ciudad de los ni\u00f1os y las ni\u00f1as de Franchesco Tonuchi, que en los pr\u00f3ximos meses har\u00e1 protagonistas activos a todos los ni\u00f1os y ni\u00f1as de Atarfe en el dise\u00f1o y construcci\u00f3n de nuestra ciudad y nuestro futuro<\/h3>\n<p style=\"text-align: justify;\">Naciones Unidas celebra el D\u00eda Mundial de la Infancia el 20 de noviembre, fecha en la que la Asamblea General de la ONU aprob\u00f3 la Declaraci\u00f3n de los Derechos del Ni\u00f1o en 1959 . Esta declaraci\u00f3n, que no ten\u00eda legalmente car\u00e1cter vinculante, no era suficiente para proteger los derechos de la infancia. Tras diez a\u00f1os de negociaciones con gobiernos de todo el mundo, l\u00edderes religiosos, ONG, y otras instituciones, se logr\u00f3 acordar el texto final de la <strong><a class=\"underline-blue text-black-text ua-link-processed\" href=\"https:\/\/www.unicef.es\/causas\/derechos-ninos\/convencion-derechos-ninos\" data-gtmaction=\"Click\" data-gtmevent=\"D\u00eda universal del ni\u00f1o\" data-gtmlabel=\"\u00bfCuando se celebra CDN? [Link]: CDN\">Convenci\u00f3n sobre los Derechos del Ni\u00f1o<\/a><\/strong>, el 20 de noviembre de 1989, cuyo cumplimiento es obligatorio para todos los pa\u00edses que la han firmado.<\/p>\n<div class=\"xdj266r x11i5rnm xat24cr x1mh8g0r x1vvkbs x126k92a\" style=\"text-align: justify;\">\n<div dir=\"auto\">\u00a0En este d\u00eda tan especial, queremos recordar el art\u00edculo 12 de la Convenci\u00f3n sobre los Derechos del Ni\u00f1o, donde se recoge que<strong> los Estados garantizar\u00e1n a los ni\u00f1os el derecho de expresar su opini\u00f3n libremente en todos los asuntos que les afectan teni\u00e9ndose debidamente en cuenta sus opiniones. El objetivo de la Ciudad de los Ni\u00f1os\u00a0 que los Centros educativos atarfe\u00f1os y nuestro Ayuntamiento quieren poner en marcha trata de situar a los ni\u00f1os en el centro de las decisiones pol\u00edticas de nuestro Atarfe, conscientes de que, como dice Tonucci, si una ciudad es buena para los ni\u00f1os, ser\u00e1 una buena ciudad para todas las categor\u00edas de ciudadanos.<br \/>\n<\/strong><\/div>\n<\/div>\n<p class=\"mb-30\" style=\"text-align: justify;\"><strong>El Proyecto propone escuchar a los ni\u00f1os, pedirles su perspectiva, o\u00edr sus denuncias y propuestas y permitir que la pol\u00edtica p\u00fablica se impregne de la singularidad y potencia del pensamiento de los ni\u00f1os, <\/strong>el mismo que lamentablemente los adultos ya no recordamos. El D\u00eda del Ni\u00f1o celebramos los avances conseguidos, pero sobre todo es un d\u00eda para llamar la atenci\u00f3n sobre la situaci\u00f3n de los ni\u00f1os y ni\u00f1as m\u00e1s desfavorecidos, dar a conocer los <strong>derechos de la infancia<\/strong> y concienciar a las personas de la importancia de trabajar d\u00eda a d\u00eda por su bienestar y desarrollo.<\/p>\n<p style=\"text-align: justify;\"><iframe loading=\"lazy\" src=\"\/\/www.youtube.com\/embed\/meq0KoUxh5g?feature=shared\" width=\"560\" height=\"314\" allowfullscreen=\"allowfullscreen\"><\/iframe><\/p>\n<section class=\"elementor-section elementor-top-section elementor-element elementor-element-0266384 elementor-section-boxed elementor-section-height-default elementor-section-height-default\" data-id=\"0266384\" data-element_type=\"section\">\n<div class=\"elementor-container elementor-column-gap-default\">\n<div class=\"elementor-column elementor-col-50 elementor-top-column elementor-element elementor-element-9a3dc5e\" data-id=\"9a3dc5e\" data-element_type=\"column\">\n<div class=\"elementor-widget-wrap elementor-element-populated\">\n<div class=\"elementor-element elementor-element-9e126a9 elementor-widget elementor-widget-text-editor\" data-id=\"9e126a9\" data-element_type=\"widget\" data-widget_type=\"text-editor.default\">\n<div class=\"elementor-widget-container\">\n<p>El Proyecto \u201c<strong>La<\/strong> <strong>Ciudad de las ni\u00f1as y los ni\u00f1os<\/strong>\u201d fue creado por Francesco Tonucci, quien lo promueve y conduce inicialmente en Fano, su ciudad natal que se ubica en la regi\u00f3n italiana de las Marcas. El Proyecto hace frente a la <strong>situaci\u00f3n de crisis que vive la ciudad moderna<\/strong> que fue creada bajo las necesidades de un s\u00f3lo tipo de ciudadano; el adulto, hombre, trabajador y motorizado. Una ciudad cuyo espacio p\u00fablico no es el escenario de encuentro y disfrute para las personas sino el escenario de graves problemas de tr\u00e1fico vehicular, congesti\u00f3n, inseguridad y contaminaci\u00f3n.<\/p>\n<\/div>\n<\/div>\n<\/div>\n<\/div>\n<\/div>\n<\/section>\n<section class=\"elementor-section elementor-top-section elementor-element elementor-element-92f2a2f elementor-section-boxed elementor-section-height-default elementor-section-height-default\" data-id=\"92f2a2f\" data-element_type=\"section\" data-settings=\"{&quot;background_background&quot;:&quot;classic&quot;}\">\n<div class=\"elementor-container elementor-column-gap-default\">\n<div class=\"elementor-column elementor-col-100 elementor-top-column elementor-element elementor-element-be51deb\" data-id=\"be51deb\" data-element_type=\"column\">\n<div class=\"elementor-widget-wrap elementor-element-populated\">\n<div class=\"elementor-element elementor-element-59f6fed elementor-widget elementor-widget-text-editor\" data-id=\"59f6fed\" data-element_type=\"widget\" data-widget_type=\"text-editor.default\">\n<div class=\"elementor-widget-container\">\n<p style=\"text-align: justify;\">La Ciudad de los Ni\u00f1os busca promover la independencia de movimiento de los ni\u00f1os, buscando que vuelvan a salir y caminar por las calles de sus barrios sin miedo. El Proyecto pide a los alcaldes, mantener un serio compromiso con el <strong>art. 31 de la Convenci\u00f3n de los Derechos de los ni\u00f1os <\/strong> que garantiza el derecho al Juego de la ni\u00f1ez, solicitando que se tomen todas las medidas necesarias para que las ciudades sean jugables y que los ni\u00f1os puedan decidir d\u00f3nde, c\u00f3mo y a qu\u00e9 jugar.<\/p>\n<\/div>\n<\/div>\n<\/div>\n<\/div>\n<\/div>\n<\/section>\n<p>&nbsp;<\/p>\n","protected":false},"excerpt":{"rendered":"<p>Desde el Ayuntamiento de Atarfe se est\u00e1 haciendo realidad la participaci\u00f3n en el Proyecto La&#8230;<\/p>\n","protected":false},"author":1,"featured_media":64998,"comment_status":"closed","ping_status":"closed","sticky":false,"template":"","format":"standard","meta":{"_coblocks_attr":"","_coblocks_dimensions":"","_coblocks_responsive_height":"","_coblocks_accordion_ie_support":"","jetpack_post_was_ever_published":false,"_jetpack_newsletter_access":"","_jetpack_dont_email_post_to_subs":false,"_jetpack_newsletter_tier_id":0,"_jetpack_memberships_contains_paywalled_content":false,"_jetpack_memberships_contains_paid_content":false,"footnotes":"","jetpack_publicize_message":"","jetpack_publicize_feature_enabled":true,"jetpack_social_post_already_shared":true,"jetpack_social_options":{"image_generator_settings":{"template":"highway","default_image_id":0,"enabled":false},"version":2}},"categories":[6916,187,186,44],"tags":[],"class_list":["post-64995","post","type-post","status-publish","format-standard","has-post-thumbnail","hentry","category-ayuntamiento-de-atarfe","category-centros-educativos","category-instituciones","category-noticias-de-hoy"],"jetpack_publicize_connections":[],"jetpack_featured_media_url":"https:\/\/i0.wp.com\/miradordeatarfe.es\/wp-content\/uploads\/2023\/11\/1.jpg?fit=320%2C206&ssl=1","jetpack_likes_enabled":true,"jetpack_sharing_enabled":true,"_links":{"self":[{"href":"https:\/\/miradordeatarfe.es\/index.php?rest_route=\/wp\/v2\/posts\/64995","targetHints":{"allow":["GET"]}}],"collection":[{"href":"https:\/\/miradordeatarfe.es\/index.php?rest_route=\/wp\/v2\/posts"}],"about":[{"href":"https:\/\/miradordeatarfe.es\/index.php?rest_route=\/wp\/v2\/types\/post"}],"author":[{"embeddable":true,"href":"https:\/\/miradordeatarfe.es\/index.php?rest_route=\/wp\/v2\/users\/1"}],"replies":[{"embeddable":true,"href":"https:\/\/miradordeatarfe.es\/index.php?rest_route=%2Fwp%2Fv2%2Fcomments&post=64995"}],"version-history":[{"count":3,"href":"https:\/\/miradordeatarfe.es\/index.php?rest_route=\/wp\/v2\/posts\/64995\/revisions"}],"predecessor-version":[{"id":64999,"href":"https:\/\/miradordeatarfe.es\/index.php?rest_route=\/wp\/v2\/posts\/64995\/revisions\/64999"}],"wp:featuredmedia":[{"embeddable":true,"href":"https:\/\/miradordeatarfe.es\/index.php?rest_route=\/wp\/v2\/media\/64998"}],"wp:attachment":[{"href":"https:\/\/miradordeatarfe.es\/index.php?rest_route=%2Fwp%2Fv2%2Fmedia&parent=64995"}],"wp:term":[{"taxonomy":"category","embeddable":true,"href":"https:\/\/miradordeatarfe.es\/index.php?rest_route=%2Fwp%2Fv2%2Fcategories&post=64995"},{"taxonomy":"post_tag","embeddable":true,"href":"https:\/\/miradordeatarfe.es\/index.php?rest_route=%2Fwp%2Fv2%2Ftags&post=64995"}],"curies":[{"name":"wp","href":"https:\/\/api.w.org\/{rel}","templated":true}]}}