{"id":65002,"date":"2023-11-20T10:22:33","date_gmt":"2023-11-20T09:22:33","guid":{"rendered":"https:\/\/miradordeatarfe.es\/?p=65002"},"modified":"2023-11-20T10:44:43","modified_gmt":"2023-11-20T09:44:43","slug":"asi-queda-la-composicion-del-nuevo-gobierno-de-coalicion-entre-el-psoe-y-sumar","status":"publish","type":"post","link":"https:\/\/miradordeatarfe.es\/?p=65002","title":{"rendered":"As\u00ed queda la composici\u00f3n del nuevo Gobierno de coalici\u00f3n entre el PSOE y Sumar"},"content":{"rendered":"<h3>El nuevo Gobierno va a seguir teniendo 22 ministerios, cinco de los cuales han reca\u00eddo en Sumar, el mismo porcentaje que ten\u00eda Podemos en la anterior legislatura. 12 de las carteras van a estar ocupadas por mujeres. Esta es la composici\u00f3n del nuevo Consejo de Ministros:<\/h3>\n<p><strong>Presidente del Gobierno<\/strong>: Pedro S\u00e1nchez<\/p>\n<p><strong>Vicepresidenta primera y ministra de Asuntos Econ\u00f3micos:<\/strong> Nadia Calvi\u00f1o<\/p>\n<p><strong>Vicepresidenta segunda y ministra de Trabajo:<\/strong> Yolanda D\u00edaz<\/p>\n<p><strong>Vicepresidenta tercera y ministra de Transici\u00f3n Ecol\u00f3gica:<\/strong> Teresa Ribera<\/p>\n<p><strong>Vicepresidenta cuarta y ministra de Hacienda y Funci\u00f3n P\u00fablica:<\/strong> Mar\u00eda Jes\u00fas Montero<\/p>\n<p><strong>Ministro de Justicia y Presidencia:<\/strong> F\u00e9lix Bola\u00f1os<\/p>\n<p><strong>Ministro de Asuntos Exteriores, UE y Cooperaci\u00f3n:<\/strong> Jos\u00e9 Manuel Albares<\/p>\n<p><strong>Ministra de Defensa:<\/strong> Margarita Robles<\/p>\n<p><strong>Ministro del Interior:<\/strong> Fernando Grande-Marlaska G\u00f3mez<\/p>\n<p><strong>Ministra de Igualdad:<\/strong> Ana Redondo Garc\u00eda<\/p>\n<p><strong>Ministro de Transportes: <\/strong>\u00d3scar Puente<\/p>\n<p><strong>Ministra de Educaci\u00f3n, Deportes y portavoz del Gobierno: <\/strong>Pilar Alegr\u00eda<\/p>\n<p><strong>Ministra de Vivienda y Agenda Urbana:<\/strong> Isabel Rodr\u00edguez<\/p>\n<p><strong>Ministro de Industria:<\/strong> Jordi Hereu<\/p>\n<p><strong>Ministro de Agricultura, Pesca y Alimentaci\u00f3n: <\/strong>Luis Planas<\/p>\n<p><strong>Ministro de Pol\u00edtica Territorial y Memoria Democr\u00e1tica: <\/strong>\u00c1ngel V\u00edctor Torres<\/p>\n<p><strong>Ministra de Igualdad<\/strong>: Ana Redondo Garc\u00eda<\/p>\n<p><strong>Ministro de Cultura:<\/strong> Ernest Urtasun<\/p>\n<p><strong>Ministra de Sanidad: <\/strong>M\u00f3nica Garc\u00eda<\/p>\n<p><strong>Ministro de Derechos Sociales, Consumo y Agenda 2030:<\/strong> Pablo Bustinduy<\/p>\n<p><strong>Ministra de Ciencia, Innovaci\u00f3n y Universidades: <\/strong>Diana Morant<\/p>\n<p><strong>Ministro de Transformaci\u00f3n Digital:<\/strong> Jos\u00e9 Luis Escriv\u00e1<\/p>\n<p><strong>Ministra de Seguridad Social y Pol\u00edticas Migratorias:<\/strong> Elma Saiz<\/p>\n<p><strong>Ministra de Infancia y Juventud:<\/strong> Sira Reg<\/p>\n<p><a href=\"https:\/\/i0.wp.com\/miradordeatarfe.es\/wp-content\/uploads\/2023\/11\/Screenshot-2023-11-20-at-10-24-16-Cadena-SER-Noticias-y-Radio-Online.png?ssl=1\"><img data-recalc-dims=\"1\" loading=\"lazy\" decoding=\"async\" class=\"alignnone wp-image-65005 size-full\" src=\"https:\/\/i0.wp.com\/miradordeatarfe.es\/wp-content\/uploads\/2023\/11\/Screenshot-2023-11-20-at-10-24-16-Cadena-SER-Noticias-y-Radio-Online.png?resize=640%2C366&#038;ssl=1\" alt=\"\" width=\"640\" height=\"366\" srcset=\"https:\/\/i0.wp.com\/miradordeatarfe.es\/wp-content\/uploads\/2023\/11\/Screenshot-2023-11-20-at-10-24-16-Cadena-SER-Noticias-y-Radio-Online.png?w=964&amp;ssl=1 964w, https:\/\/i0.wp.com\/miradordeatarfe.es\/wp-content\/uploads\/2023\/11\/Screenshot-2023-11-20-at-10-24-16-Cadena-SER-Noticias-y-Radio-Online.png?resize=300%2C172&amp;ssl=1 300w, https:\/\/i0.wp.com\/miradordeatarfe.es\/wp-content\/uploads\/2023\/11\/Screenshot-2023-11-20-at-10-24-16-Cadena-SER-Noticias-y-Radio-Online.png?resize=768%2C440&amp;ssl=1 768w\" sizes=\"auto, (max-width: 640px) 100vw, 640px\" \/><\/a><\/p>\n","protected":false},"excerpt":{"rendered":"<p>El nuevo Gobierno va a seguir teniendo 22 ministerios, cinco de los cuales han reca\u00eddo&#8230;<\/p>\n","protected":false},"author":1,"featured_media":65003,"comment_status":"closed","ping_status":"closed","sticky":false,"template":"","format":"standard","meta":{"_coblocks_attr":"","_coblocks_dimensions":"","_coblocks_responsive_height":"","_coblocks_accordion_ie_support":"","jetpack_post_was_ever_published":false,"_jetpack_newsletter_access":"","_jetpack_dont_email_post_to_subs":false,"_jetpack_newsletter_tier_id":0,"_jetpack_memberships_contains_paywalled_content":false,"_jetpack_memberships_contains_paid_content":false,"footnotes":"","jetpack_publicize_message":"","jetpack_publicize_feature_enabled":true,"jetpack_social_post_already_shared":true,"jetpack_social_options":{"image_generator_settings":{"template":"highway","default_image_id":0,"enabled":false},"version":2}},"categories":[1161,44,6937],"tags":[],"class_list":["post-65002","post","type-post","status-publish","format-standard","has-post-thumbnail","hentry","category-ciudadania","category-noticias-de-hoy","category-sociedad"],"jetpack_publicize_connections":[],"jetpack_featured_media_url":"https:\/\/i0.wp.com\/miradordeatarfe.es\/wp-content\/uploads\/2023\/11\/Screenshot-2023-11-20-at-10-21-28-Pedro-Sanchez-en-EL-PAIS.png?fit=336%2C313&ssl=1","jetpack_likes_enabled":true,"jetpack_sharing_enabled":true,"_links":{"self":[{"href":"https:\/\/miradordeatarfe.es\/index.php?rest_route=\/wp\/v2\/posts\/65002","targetHints":{"allow":["GET"]}}],"collection":[{"href":"https:\/\/miradordeatarfe.es\/index.php?rest_route=\/wp\/v2\/posts"}],"about":[{"href":"https:\/\/miradordeatarfe.es\/index.php?rest_route=\/wp\/v2\/types\/post"}],"author":[{"embeddable":true,"href":"https:\/\/miradordeatarfe.es\/index.php?rest_route=\/wp\/v2\/users\/1"}],"replies":[{"embeddable":true,"href":"https:\/\/miradordeatarfe.es\/index.php?rest_route=%2Fwp%2Fv2%2Fcomments&post=65002"}],"version-history":[{"count":4,"href":"https:\/\/miradordeatarfe.es\/index.php?rest_route=\/wp\/v2\/posts\/65002\/revisions"}],"predecessor-version":[{"id":65008,"href":"https:\/\/miradordeatarfe.es\/index.php?rest_route=\/wp\/v2\/posts\/65002\/revisions\/65008"}],"wp:featuredmedia":[{"embeddable":true,"href":"https:\/\/miradordeatarfe.es\/index.php?rest_route=\/wp\/v2\/media\/65003"}],"wp:attachment":[{"href":"https:\/\/miradordeatarfe.es\/index.php?rest_route=%2Fwp%2Fv2%2Fmedia&parent=65002"}],"wp:term":[{"taxonomy":"category","embeddable":true,"href":"https:\/\/miradordeatarfe.es\/index.php?rest_route=%2Fwp%2Fv2%2Fcategories&post=65002"},{"taxonomy":"post_tag","embeddable":true,"href":"https:\/\/miradordeatarfe.es\/index.php?rest_route=%2Fwp%2Fv2%2Ftags&post=65002"}],"curies":[{"name":"wp","href":"https:\/\/api.w.org\/{rel}","templated":true}]}}