{"id":65009,"date":"2023-11-21T09:19:36","date_gmt":"2023-11-21T08:19:36","guid":{"rendered":"https:\/\/miradordeatarfe.es\/?p=65009"},"modified":"2023-11-20T18:51:44","modified_gmt":"2023-11-20T17:51:44","slug":"murio-jose-maria-castillo-por-juan-santaella","status":"publish","type":"post","link":"https:\/\/miradordeatarfe.es\/?p=65009","title":{"rendered":"\u00abMURI\u00d3 JOS\u00c9 MAR\u00cdA CASTILLO\u00bb por Juan Santaella"},"content":{"rendered":"<h3 style=\"text-align: justify;\">Se ha ido como vivi\u00f3, sin hacer ruido, con esa humildad suya tan frecuente entre los sabios<\/h3>\n<p style=\"text-align: justify;\">Jos\u00e9 Mar\u00eda Castillo, jesuita, te\u00f3logo y catedr\u00e1tico de Teolog\u00eda Dogm\u00e1tica en Granada, ha muerto. En 1980 fue apartado de la ense\u00f1anza de los cursos de grado, y en 1988 se le retir\u00f3 la &#8216;venia docendi&#8217;, porque Juan Pablo II, m\u00e1s conservador, no compart\u00eda su doctrina. El 13 de mayo de 2011 fue investido doctor honoris causa por la Universidad de Granada.<\/p>\n<p class=\"v-p\" style=\"text-align: justify;\">Pepe Castillo se ha ido como vivi\u00f3, sin hacer ruido, con esa humildad suya tan frecuente entre los sabios. Su visi\u00f3n de la Iglesia se forj\u00f3 en el Vaticano II, al que acudi\u00f3 como perito personal del cardenal Taranc\u00f3n. All\u00ed debati\u00f3 con los grandes te\u00f3logos y ayud\u00f3 a la jerarqu\u00eda eclesi\u00e1stica a desmontar la teolog\u00eda preconciliar y abrir la Iglesia a los nuevos tiempos.<\/p>\n<p class=\"v-p\" style=\"text-align: justify;\">Cuando fue apartado de la ense\u00f1anza, los jesuitas lo trasladaron a la Universidad de El Salvador, para que siguiera ejerciendo su magisterio junto a su entra\u00f1able amigo Ignacio Ellacur\u00eda. Con el tiempo, como afirma Jos\u00e9 Manuel Vidal, \u00ab\u00e9l comprendi\u00f3 que su Compa\u00f1\u00eda no pod\u00eda ir m\u00e1s all\u00e1 en su pulso con Roma, pues sab\u00eda que sus libros, sus conferencias y sus entrevistas eran utilizadas por sus enemigos para atacar a los jesuitas, por lo que Castillo iba madurando la idea de abandonar la Compa\u00f1\u00eda\u00bb. Lo hizo en 2007.<\/p>\n<p class=\"v-p\" style=\"text-align: justify;\">Desde entonces vol\u00f3 solo, sigui\u00f3 comprometido con los pobres y con la teolog\u00eda popular. En esta etapa, y hasta su muerte, tuvo la suerte de encontrar la compa\u00f1\u00eda de una mujer insuperable, Margarita, que lo acompa\u00f1\u00f3 en su andadura, le cur\u00f3 sus heridas, lo ense\u00f1\u00f3 a amar, y lo cubri\u00f3 de cari\u00f1o para que siguiera entregado a su obra.<\/p>\n<p class=\"v-p\" style=\"text-align: justify;\">Nuestro te\u00f3logo distingui\u00f3 siempre entre la religi\u00f3n, cuyo \u00fanico objetivo es lograr la otra vida; y la vivencia del Evangelio, cuya finalidad es humanizar \u00e9sta. Jes\u00fas no fund\u00f3 una religi\u00f3n. \u00bfC\u00f3mo iba a fundarla el m\u00e1s odiado por la religi\u00f3n y los religiosos de su tiempo? \u00bfQu\u00e9 peligro vieron en su mensaje? Que antepuso la vida de la gente a los ritos y a las normas que la religi\u00f3n y el poder exig\u00edan.<\/p>\n<p class=\"v-p\" style=\"text-align: justify;\">Jos\u00e9 Mar\u00eda, te\u00f3logo de renombre mundial, profeta de su tiempo y excelente persona, siempre fue un intelectual cr\u00edtico, como ya los hab\u00eda habido en la Compa\u00f1\u00eda de Jes\u00fas: el Padre Mariana, Baltasar Graci\u00e1n, Francisco Su\u00e1rez\u2026 Expulsado a los m\u00e1rgenes de la Iglesia, al final, gracias al papa Francisco, pudo recibir el reconocimiento que se le hab\u00eda usurpado. El Papa lo llam\u00f3 a Santa Marta el 18 de abril de 2017 y le dijo: \u00abLeo con mucho gusto sus libros, que hacen mucho bien a la gente\u00bb. Castillo, emocionado, le regal\u00f3 sus dos \u00faltimas obras: &#8216;La humanizaci\u00f3n de Dios&#8217; y &#8216;La humanidad de Jes\u00fas&#8217;. Tras un saludo efusivo, el te\u00f3logo brome\u00f3: \u00abSantidad, somos dos jesuitas sin papeles\u00bb. El Papa sonri\u00f3 la ocurrencia. Al salir de Santa Marta, Castillo afirm\u00f3: \u00abTenemos que apoyar a este Papa; es una bendici\u00f3n de Dios\u00bb.<\/p>\n<p class=\"v-p\" style=\"text-align: justify;\">Ojal\u00e1 los cristianos sigamos la m\u00e1xima de Pepe Castillo: \u00abMientras la Iglesia no ponga el Evangelio en el centro de la vida, el cristianismo no aportar\u00e1 la soluci\u00f3n a este mundo\u00bb. Descansa en paz, amigo Pepe, te\u00f3logo de los pobres, admirador y servidor del Evangelio de Jes\u00fas, al que entregaste tu vida y tu prestigio.<\/p>\n<p><strong>JUAN SANTAELLA<\/strong><\/p>\n<p>https:\/\/www.ideal.es\/opinion\/juan-santaella-muerto-jose-maria-castillo-20231116231310-nt.html<\/p>\n","protected":false},"excerpt":{"rendered":"<p>Se ha ido como vivi\u00f3, sin hacer ruido, con esa humildad suya tan frecuente entre&#8230;<\/p>\n","protected":false},"author":1,"featured_media":65010,"comment_status":"closed","ping_status":"closed","sticky":false,"template":"","format":"standard","meta":{"_coblocks_attr":"","_coblocks_dimensions":"","_coblocks_responsive_height":"","_coblocks_accordion_ie_support":"","jetpack_post_was_ever_published":false,"_jetpack_newsletter_access":"","_jetpack_dont_email_post_to_subs":false,"_jetpack_newsletter_tier_id":0,"_jetpack_memberships_contains_paywalled_content":false,"_jetpack_memberships_contains_paid_content":false,"footnotes":"","jetpack_publicize_message":"","jetpack_publicize_feature_enabled":true,"jetpack_social_post_already_shared":true,"jetpack_social_options":{"image_generator_settings":{"template":"highway","default_image_id":0,"enabled":false},"version":2}},"categories":[10781,44],"tags":[],"class_list":["post-65009","post","type-post","status-publish","format-standard","has-post-thumbnail","hentry","category-granada","category-noticias-de-hoy"],"jetpack_publicize_connections":[],"jetpack_featured_media_url":"https:\/\/i0.wp.com\/miradordeatarfe.es\/wp-content\/uploads\/2023\/11\/josemariacastillopapa-e1699797598697.jpg?fit=1170%2C600&ssl=1","jetpack_likes_enabled":true,"jetpack_sharing_enabled":true,"_links":{"self":[{"href":"https:\/\/miradordeatarfe.es\/index.php?rest_route=\/wp\/v2\/posts\/65009","targetHints":{"allow":["GET"]}}],"collection":[{"href":"https:\/\/miradordeatarfe.es\/index.php?rest_route=\/wp\/v2\/posts"}],"about":[{"href":"https:\/\/miradordeatarfe.es\/index.php?rest_route=\/wp\/v2\/types\/post"}],"author":[{"embeddable":true,"href":"https:\/\/miradordeatarfe.es\/index.php?rest_route=\/wp\/v2\/users\/1"}],"replies":[{"embeddable":true,"href":"https:\/\/miradordeatarfe.es\/index.php?rest_route=%2Fwp%2Fv2%2Fcomments&post=65009"}],"version-history":[{"count":4,"href":"https:\/\/miradordeatarfe.es\/index.php?rest_route=\/wp\/v2\/posts\/65009\/revisions"}],"predecessor-version":[{"id":65017,"href":"https:\/\/miradordeatarfe.es\/index.php?rest_route=\/wp\/v2\/posts\/65009\/revisions\/65017"}],"wp:featuredmedia":[{"embeddable":true,"href":"https:\/\/miradordeatarfe.es\/index.php?rest_route=\/wp\/v2\/media\/65010"}],"wp:attachment":[{"href":"https:\/\/miradordeatarfe.es\/index.php?rest_route=%2Fwp%2Fv2%2Fmedia&parent=65009"}],"wp:term":[{"taxonomy":"category","embeddable":true,"href":"https:\/\/miradordeatarfe.es\/index.php?rest_route=%2Fwp%2Fv2%2Fcategories&post=65009"},{"taxonomy":"post_tag","embeddable":true,"href":"https:\/\/miradordeatarfe.es\/index.php?rest_route=%2Fwp%2Fv2%2Ftags&post=65009"}],"curies":[{"name":"wp","href":"https:\/\/api.w.org\/{rel}","templated":true}]}}