{"id":65013,"date":"2023-11-21T08:26:53","date_gmt":"2023-11-21T07:26:53","guid":{"rendered":"https:\/\/miradordeatarfe.es\/?p=65013"},"modified":"2023-11-21T10:04:33","modified_gmt":"2023-11-21T09:04:33","slug":"espana-en-clave-europea","status":"publish","type":"post","link":"https:\/\/miradordeatarfe.es\/?p=65013","title":{"rendered":"Espa\u00f1a en clave europea"},"content":{"rendered":"<h2 class=\"western\" style=\"text-align: justify;\">Todos los partidos deben ayudar a la moderaci\u00f3n del discurso pol\u00edtico. Tambi\u00e9n la derecha centralista y la soberanista<\/h2>\n<p style=\"text-align: justify;\">Hay una lectura europea de la formaci\u00f3n del nuevo Gobierno de Pedro S\u00e1nchez que coincide con la primera impresi\u00f3n que produjeron los resultados del 23-J, sobre todo a nivel internacional. <a href=\"https:\/\/elpais.com\/opinion\/2023-07-26\/vox-frena-el-auge-ultra-en-la-ue.html\" target=\"_blank\" rel=\"noopener\">La ola de la extrema derecha ha encontrado un dique en Espa\u00f1a.<\/a> Se expres\u00f3 en <a href=\"https:\/\/elpais.com\/espana\/elecciones-generales\/2023-07-25\/el-desplome-de-escanos-deja-tocado-a-vox-y-abre-heridas-entre-abascal-y-feijoo.html\" target=\"_blank\" rel=\"noopener\">la ca\u00edda del voto de Vox, <\/a>su p\u00e9rdida de 19 esca\u00f1os y la imposibilidad de que los 33 que le quedan participen en una mayor\u00eda que los incluya, como <a href=\"https:\/\/elpais.com\/opinion\/2023-08-08\/el-no-es-no-del-pnv-al-pp.html\" target=\"_blank\" rel=\"noopener\">dej\u00f3 claro el PNV al PP. <\/a>Su entrada de la mano de los populares <a href=\"https:\/\/elpais.com\/espana\/2023-10-22\/el-tragala-de-vox-al-pp-tras-cuatro-meses-de-gobiernos-de-coalicion.html\" target=\"_blank\" rel=\"noopener\">en los gobiernos de cinco comunidades aut\u00f3nomas <\/a>no fue un tr\u00e1mite, sino un elemento aglutinante para convencer al resto de las fuerzas de <a href=\"https:\/\/elpais.com\/espana\/2023-11-16\/pedro-sanchez-presidente-del-gobierno-por-tercera-vez-con-mas-votos-y-escanos-que-en-las-anteriores-investiduras.html\" target=\"_blank\" rel=\"noopener\">apoyar la investidura de S\u00e1nchez.<\/a><\/p>\n<p style=\"text-align: justify;\">Entre las elecciones de julio y la investidura de esta semana hay que registrar adem\u00e1s otro rev\u00e9s para la extrema derecha europea: <a href=\"https:\/\/elpais.com\/internacional\/2023-10-18\/la-victoria-del-bloque-liberal-en-polonia-contiene-el-avance-de-la-ultraderecha-en-europa.html\" target=\"_blank\" rel=\"noopener\">la derrota en Polonia del PiS <\/a>(Ley y Justicia), que fue el m\u00e1s votado en las elecciones de octubre, pero no cuenta con mayor\u00eda para formar Gobierno. Ha empezado a cambiar el color pol\u00edtico del mapa continental, que cuenta todav\u00eda con la derecha ultra en los Ejecutivos de Italia, Hungr\u00eda, Rep\u00fablica Checa, Eslovaquia, Finlandia y Suecia, pero estar\u00e1 ausente en los de dos pa\u00edses de peso en las instituciones comunitarias como Polonia y Espa\u00f1a. Es un severo contratiempo para los dirigentes del Partido Popular Europeo y, especialmente, para su presidente, <a href=\"https:\/\/elpais.com\/internacional\/2023-04-28\/los-populares-europeos-aceleran-su-acercamiento-a-la-ultraderecha-en-pleno-ciclo-electoral.html\" target=\"_blank\" rel=\"noopener\">Manfred Weber, que aspira a conformar una Comisi\u00f3n con una mayor\u00eda <\/a>compuesta por la derecha y la extrema derecha despu\u00e9s de las elecciones europeas de junio pr\u00f3ximo.<\/p>\n<p style=\"text-align: justify;\">No es, sin embargo, solo una cuesti\u00f3n de color partidista en la distribuci\u00f3n de cargos, sino de orientaci\u00f3n de las pol\u00edticas. Una Uni\u00f3n Europea inclinada hacia la derecha soberanista \u2014y antieurope\u00edsta\u2014 significa menos iniciativas verdes, <a href=\"https:\/\/elpais.com\/internacional\/2023-11-15\/la-llegada-de-mas-de-1200-migrantes-a-lampedusa-en-un-dia-pone-en-jaque-la-politica-migratoria-de-meloni.html\" target=\"_blank\" rel=\"noopener\">pol\u00edticas de inmigraci\u00f3n <\/a>m\u00e1s severas y una atenci\u00f3n m\u00e1s relajada a la justicia fiscal, social y de g\u00e9nero. En definitiva, una UE m\u00e1s intergubernamental y menos integrada y solidaria. Si adem\u00e1s entra en crisis la relaci\u00f3n transatl\u00e1ntica por una victoria de Donald Trump dentro de un a\u00f1o, tampoco ser\u00e1 una Europa derechizada y lastrada por los nacionalismos populistas y xen\u00f3fobos <a href=\"https:\/\/elpais.com\/opinion\/2023-11-18\/la-ue-el-antidoto-al-veneno-de-un-mundo-binario.html\" target=\"_blank\" rel=\"noopener\">la mejor situada para afrontar en solitario los desaf\u00edos <\/a>que plantean las guerras de Ucrania y Gaza.<\/p>\n<p style=\"text-align: justify;\">Por eso, ser\u00eda tambi\u00e9n necesario que, desde la orilla nacionalista opuesta al PP, pero en el mismo espectro ideol\u00f3gico, <a href=\"https:\/\/elpais.com\/opinion\/2023-11-16\/el-relato-nunca-muere.html\" target=\"_blank\" rel=\"noopener\">un partido como Junts abandonase el rigorismo <\/a><a href=\"https:\/\/elpais.com\/opinion\/2023-11-16\/el-relato-nunca-muere.html\" target=\"_blank\" rel=\"noopener\"><i>procesista<\/i><\/a> que le llev\u00f3 a caer electoralmente hasta convertirse en la quinta fuerza en Catalu\u00f1a y se abriera al espacio de pragmatismo y moderaci\u00f3n que qued\u00f3 vac\u00edo en la derecha catalana con <a href=\"https:\/\/elpais.com\/espana\/catalunya\/2023-10-28\/el-pdecat-anuncia-su-disolucion-como-partido-politico-y-carga-contra-junts.html\" target=\"_blank\" rel=\"noopener\">la desaparici\u00f3n en octubre pasado del PDeCAT, <\/a>heredero de CiU.<\/p>\n<p style=\"text-align: justify;\">Si hay, pues, un enigma por resolver como resultado de la larga conformaci\u00f3n de la mayor\u00eda de gobierno en Espa\u00f1a es el del comportamiento de la derecha ante la complejidad de un futuro condicionado por la radicalizaci\u00f3n del electorado al hilo de la inmigraci\u00f3n, la desigualdad y las guerras culturales. \u00bfTriunfar\u00e1n los cinturones sanitarios al extremismo que ha venido propugnando <a href=\"https:\/\/elpais.com\/internacional\/2023-11-10\/los-partidos-liberales-sellan-un-acuerdo-de-coalicion-con-el-proposito-de-restaurar-el-estado-de-derecho-en-polonia.html\" target=\"_blank\" rel=\"noopener\">el liberal Donald Tusk, pr\u00f3ximo primer ministro de Polonia, <\/a>o ser\u00e1 Weber, padrino del PP espa\u00f1ol en su alianza con Vox, quien imponga su agenda?<\/p>\n<p style=\"text-align: justify;\">Todo lo que favorezca el regreso de los conservadores espa\u00f1oles a la l\u00ednea m\u00e1s centrista ser\u00e1 una buena noticia para la democracia y para Europa. Tambi\u00e9n y sobre todo para Espa\u00f1a, necesitada de pol\u00edticas para la convivencia y la reconciliaci\u00f3n. A ellas debe contribuir por supuesto Pedro S\u00e1nchez desde el sentido de Estado al que le obliga la victoria en su investidura.<\/p>\n<p>EL PAIS<\/p>\n<p>&nbsp;<\/p>\n","protected":false},"excerpt":{"rendered":"<p>Todos los partidos deben ayudar a la moderaci\u00f3n del discurso pol\u00edtico. Tambi\u00e9n la derecha centralista&#8230;<\/p>\n","protected":false},"author":1,"featured_media":65014,"comment_status":"closed","ping_status":"closed","sticky":false,"template":"","format":"standard","meta":{"_coblocks_attr":"","_coblocks_dimensions":"","_coblocks_responsive_height":"","_coblocks_accordion_ie_support":"","jetpack_post_was_ever_published":false,"_jetpack_newsletter_access":"","_jetpack_dont_email_post_to_subs":false,"_jetpack_newsletter_tier_id":0,"_jetpack_memberships_contains_paywalled_content":false,"_jetpack_memberships_contains_paid_content":false,"footnotes":"","jetpack_publicize_message":"","jetpack_publicize_feature_enabled":true,"jetpack_social_post_already_shared":false,"jetpack_social_options":{"image_generator_settings":{"template":"highway","default_image_id":0,"enabled":false},"version":2}},"categories":[44,7671,6937],"tags":[],"class_list":["post-65013","post","type-post","status-publish","format-standard","has-post-thumbnail","hentry","category-noticias-de-hoy","category-politica","category-sociedad"],"jetpack_publicize_connections":[],"jetpack_featured_media_url":"https:\/\/i0.wp.com\/miradordeatarfe.es\/wp-content\/uploads\/2023\/11\/Screenshot-2023-11-20-at-17-30-42-Espana-en-clave-europea.png?fit=412%2C344&ssl=1","jetpack_likes_enabled":true,"jetpack_sharing_enabled":true,"_links":{"self":[{"href":"https:\/\/miradordeatarfe.es\/index.php?rest_route=\/wp\/v2\/posts\/65013","targetHints":{"allow":["GET"]}}],"collection":[{"href":"https:\/\/miradordeatarfe.es\/index.php?rest_route=\/wp\/v2\/posts"}],"about":[{"href":"https:\/\/miradordeatarfe.es\/index.php?rest_route=\/wp\/v2\/types\/post"}],"author":[{"embeddable":true,"href":"https:\/\/miradordeatarfe.es\/index.php?rest_route=\/wp\/v2\/users\/1"}],"replies":[{"embeddable":true,"href":"https:\/\/miradordeatarfe.es\/index.php?rest_route=%2Fwp%2Fv2%2Fcomments&post=65013"}],"version-history":[{"count":1,"href":"https:\/\/miradordeatarfe.es\/index.php?rest_route=\/wp\/v2\/posts\/65013\/revisions"}],"predecessor-version":[{"id":65015,"href":"https:\/\/miradordeatarfe.es\/index.php?rest_route=\/wp\/v2\/posts\/65013\/revisions\/65015"}],"wp:featuredmedia":[{"embeddable":true,"href":"https:\/\/miradordeatarfe.es\/index.php?rest_route=\/wp\/v2\/media\/65014"}],"wp:attachment":[{"href":"https:\/\/miradordeatarfe.es\/index.php?rest_route=%2Fwp%2Fv2%2Fmedia&parent=65013"}],"wp:term":[{"taxonomy":"category","embeddable":true,"href":"https:\/\/miradordeatarfe.es\/index.php?rest_route=%2Fwp%2Fv2%2Fcategories&post=65013"},{"taxonomy":"post_tag","embeddable":true,"href":"https:\/\/miradordeatarfe.es\/index.php?rest_route=%2Fwp%2Fv2%2Ftags&post=65013"}],"curies":[{"name":"wp","href":"https:\/\/api.w.org\/{rel}","templated":true}]}}