{"id":65022,"date":"2023-11-21T09:19:52","date_gmt":"2023-11-21T08:19:52","guid":{"rendered":"https:\/\/miradordeatarfe.es\/?p=65022"},"modified":"2023-11-20T20:28:04","modified_gmt":"2023-11-20T19:28:04","slug":"pedro-arrojo-relator-de-la-onu-para-el-agua-en-donana-hay-riesgo-de-matar-la-gallina-de-los-huevos-de-oro-de-la-fresa","status":"publish","type":"post","link":"https:\/\/miradordeatarfe.es\/?p=65022","title":{"rendered":"Pedro Arrojo, relator de la ONU para el agua: \u201cEn Do\u00f1ana hay riesgo de matar la gallina de los huevos de oro de la fresa\u201d"},"content":{"rendered":"<div class=\"c-header\">\n<div class=\"news-header\">\n<h3 style=\"text-align: justify;\">Lamenta que en el entorno del parque nacional \u201chemos normalizado los pozos ilegales, como en toda Espa\u00f1a\u201d, considera que en este enclave \u201cse ha permitido la ilegalidad con el argumento de generar riqueza\u201d y defiende que desde el \u201cpragmatismo economicista\u201d es \u201cun buen negocio\u201d cuidar la naturaleza<i class=\"fal fa-envelope-open\"><\/i><\/h3>\n<\/div>\n<\/div>\n<div class=\"content-container col-12 col-lg-8\">\n<div class=\"c-content\">\n<div class=\"partner-wrapper article-page__body-row \">\n<div class=\"second-col\">\n<p class=\"article-text\" style=\"text-align: justify;\">Hist\u00f3rico de los movimientos sociales y pol\u00edticos en Arag\u00f3n, creador de la <a class=\"link\" href=\"https:\/\/fnca.eu\/\" target=\"_blank\" rel=\"noopener\" data-mrf-recirculation=\"links-noticia\" data-mrf-link=\"https:\/\/fnca.eu\/\">Fundaci\u00f3n Nueva Cultura del Agua<\/a> en Zaragoza y diputado en el Congreso por Podemos, hace poco m\u00e1s de tres a\u00f1os fue designado relator especial de la ONU para los derechos humanos al agua potable y al saneamiento. <a class=\"link\" href=\"https:\/\/www.ohchr.org\/es\/special-procedures\/sr-water-and-sanitation\/mr-pedro-arrojo-agudo-special-rapporteur-human-rights-safe-drinking-water-and-sanitation#:~:text=El%20se%C3%B1or%20Pedro%20Arrojo%20Agudo,1%20de%20noviembre%20de%202020.\" target=\"_blank\" rel=\"noopener\" data-mrf-recirculation=\"links-noticia\" data-mrf-link=\"https:\/\/www.ohchr.org\/es\/special-procedures\/sr-water-and-sanitation\/mr-pedro-arrojo-agudo-special-rapporteur-human-rights-safe-drinking-water-and-sanitation#:~:text=El%20se%C3%B1or%20Pedro%20Arrojo%20Agudo,1%20de%20noviembre%20de%202020.\">Pedro Arrojo<\/a> (Madrid, 1951) ha visitado esta semana la comarca cordobesa de Los Pedroches, donde ha lanzado el mensaje de la <a class=\"link\" href=\"https:\/\/cordopolis.eldiario.es\/cordoba-hoy\/provincia\/relator-onu-advierte-grave-transgresion-derecho-agua-sufre-norte-cordoba_1_10683238.html\" target=\"_blank\" rel=\"noopener\" data-mrf-recirculation=\"links-noticia\" data-mrf-link=\"https:\/\/cordopolis.eldiario.es\/cordoba-hoy\/provincia\/relator-onu-advierte-grave-transgresion-derecho-agua-sufre-norte-cordoba_1_10683238.html\">\u201cgrave transgresi\u00f3n\u201d del derecho al agua que sufre todo el norte de esta provincia<\/a>, que lleva siete meses sin abastecimiento potable. Es un firme convencido de que la conservaci\u00f3n ambiental es rentable incluso desde el punto de vista econ\u00f3mico, lamenta que en Do\u00f1ana \u201cse ha permitido la ilegalidad con el argumento de generar riqueza\u201d y pone el acento en que en el parque nacional, como en toda Espa\u00f1a, \u201chemos normalizado los pozos ilegales\u201d.<\/p>\n<aside class=\"know-more know-more--with-image\">\n<p class=\"know-more__title\">El Supremo admite un recurso contra el plan de la Junta para duplicar el riego en la cuenca que nutre de agua a Do\u00f1ana<\/p>\n<p><a href=\"https:\/\/www.eldiario.es\/andalucia\/huelva\/supremo-admite-recurso-plan-junta-duplicar-riego-cuenca-nutre-agua-donana_1_10663893.html\" data-mrf-recirculation=\"saber-mas\" data-mrf-link=\"https:\/\/www.eldiario.es\/andalucia\/huelva\/supremo-admite-recurso-plan-junta-duplicar-riego-cuenca-nutre-agua-donana_1_10663893.html\"><picture class=\"know-more__img\"><source srcset=\"https:\/\/static.eldiario.es\/clip\/cefa5584-b494-402a-86cf-79cec25728d1_16-9-aspect-ratio_50p_0.webp\" type=\"image\/webp\" media=\"(max-width: 767px)\" \/><source srcset=\"https:\/\/static.eldiario.es\/clip\/cefa5584-b494-402a-86cf-79cec25728d1_16-9-aspect-ratio_50p_0.jpg\" type=\"image\/jpg\" media=\"(max-width: 767px)\" \/><source srcset=\"https:\/\/static.eldiario.es\/clip\/cefa5584-b494-402a-86cf-79cec25728d1_16-9-aspect-ratio_50p_0.webp\" type=\"image\/webp\" media=\"(min-width: 768px)\" \/><source srcset=\"https:\/\/static.eldiario.es\/clip\/cefa5584-b494-402a-86cf-79cec25728d1_16-9-aspect-ratio_50p_0.jpg\" type=\"image\/jpg\" media=\"(min-width: 768px)\" \/><source srcset=\"https:\/\/static.eldiario.es\/clip\/cefa5584-b494-402a-86cf-79cec25728d1_16-9-aspect-ratio_default_0.webp\" type=\"image\/webp\" \/><img data-recalc-dims=\"1\" decoding=\"async\" class=\"lazy entered loaded alignleft\" src=\"https:\/\/i0.wp.com\/static.eldiario.es\/clip\/cefa5584-b494-402a-86cf-79cec25728d1_16-9-aspect-ratio_default_0.jpg?w=640&#038;ssl=1\" alt=\"El Supremo admite un recurso contra el plan de la Junta para duplicar el riego en la cuenca que nutre de agua a Do\u00f1ana\" data-src=\"https:\/\/static.eldiario.es\/clip\/cefa5584-b494-402a-86cf-79cec25728d1_16-9-aspect-ratio_default_0.jpg\" data-ll-status=\"loaded\" \/> <\/picture> <\/a><strong>\u00bfSu presencia en C\u00f3rdoba ha sido para denunciar como relator especial de la ONU la emergencia por falta de agua potable?<\/strong><\/aside>\n<p class=\"article-text\" style=\"text-align: justify;\">Mi papel no es denunciar. Ante quejas de cualquier tipo, da igual el sitio, como relator debo escuchar, informarme y no dar una opini\u00f3n en p\u00fablico sobre lo que me parece tal o cual actuaci\u00f3n que afecte a un Gobierno. Si entiendo que se est\u00e1n poniendo en riesgo y quebrando derechos, debo dirigir una carta de alegaciones directamente al Gobierno central, que tiene dos meses para responder y pasado ese tiempo se hace p\u00fablica la carta. Mis interlocutores directos son los gobiernos nacionales, aunque la competencia sea regional, municipal o de que hablemos de un problema provocado por una empresa privada.<\/p>\n<p class=\"article-text\" style=\"text-align: justify;\"><strong>\u00bfY va a seguir este procedimiento por lo que ocurre en C\u00f3rdoba?<\/strong><\/p>\n<p class=\"article-text\" style=\"text-align: justify;\">Probablemente, una carta de alegaci\u00f3n ya se la he hecho llegar al Gobierno de Espa\u00f1a sobre casos que tienen similitud con el de Los Pedroches en C\u00f3rdoba, con temas de sobreexplotaci\u00f3n de acu\u00edferos o contaminaci\u00f3n que quiebran el derecho humano del abastecimiento. Ah\u00ed estamos hablando, por ejemplo, de lo que ocurre en Do\u00f1ana, Baza, Yecla y varios sitios m\u00e1s. En Los Pedroches hay 80.000 personas que llevan siete meses sin agua potable en la red urbana, mi papel no es valorar sino observar, pero es evidente que se est\u00e1 quebrando el derecho humano al agua potable y al saneamiento.<\/p>\n<p class=\"article-text\" style=\"text-align: justify;\"><strong>\u00bfEn qu\u00e9 pone el acento en estos casos el relator especial de la ONU para el agua?<\/strong><\/p>\n<p class=\"article-text\" style=\"text-align: justify;\">En que el enfoque de derechos humanos debe estar presente en la planificaci\u00f3n y la gesti\u00f3n de este recurso para dar una garant\u00eda de uso de agua potable por encima de cualquier otro, en t\u00e9rminos de cantidad y calidad. Esto significa que los recursos m\u00e1s cercanos, accesibles y de m\u00e1s calidad se reserven para agua potable. Pongo un ejemplo de Huelva: cuando hay escasez lo siguiente es traer agua del r\u00edo Chanza, pero eso ya es el doble de coste y no lo paga el que ha generado el problema sino los vecinos, a los que afecta el aumento de tarifas. Porque hablamos de un problema generado por regad\u00edos y pozos ilegales, la sobreexplotaci\u00f3n de acu\u00edferos&#8230; Ocurre lo mismo en Baza, que ahora habr\u00e1 que traer el agua del r\u00edo Castril, pero as\u00ed duplicas su precio en origen y al final quienes pagan ser\u00e1n los vecinos de Baza. Y mientras tanto, se sigue contaminando.<\/p>\n<blockquote class=\"quote\">\n<div class=\"quote-wrapper\">\n<p class=\"quote-text\"><em>E<strong>n Do\u00f1ana se le ha dado prioridad al desarrollo de actividades m\u00e1s all\u00e1 de los l\u00edmites de la legalidad, se ha permitido la ilegalidad con el argumento de generar riqueza<\/strong><\/em><\/p>\n<\/div>\n<\/blockquote>\n<p class=\"article-text\" style=\"text-align: justify;\"><strong>En el caso de Do\u00f1ana, \u00bftiene claro qu\u00e9 es lo que ha ocurrido?<\/strong><\/p>\n<p class=\"article-text\" style=\"text-align: justify;\">El propio Gobierno ha reconocido que durante muchos a\u00f1os no ha habido especial vigilancia, en Do\u00f1ana se le ha dado prioridad al desarrollo de actividades m\u00e1s all\u00e1 de los l\u00edmites de la legalidad, se ha permitido la ilegalidad con el argumento de generar riqueza. Son actividades leg\u00edtimas e importantes, pero al final los pozos y regad\u00edos ilegales derivan en sobreexplotaci\u00f3n y contaminaci\u00f3n del acu\u00edfero, que es la base de la provisi\u00f3n de agua para los municipios a un coste m\u00e1s bajo.<\/p>\n<p class=\"article-text\" style=\"text-align: justify;\"><strong>Eso se ha cargado el acu\u00edfero&#8230;<\/strong><\/p>\n<p class=\"article-text\" style=\"text-align: justify;\">Y los costes producidos no los asumen los responsables del problema sino los vecinos de la zona, que han visto que el agua se ha dado <em>de facto<\/em> para actividades productivas que han hecho colapsar el acu\u00edfero. En Baza pasa igual, ha habido una sobreexplotaci\u00f3n del acu\u00edfero por cientos de pozos ilegales, dando prioridad <em>de facto <\/em>a actividades productivas que llevan a encarecer costes, secar fuentes, bombear a m\u00e1s profundidad&#8230; Ya se plantea tomar agua del r\u00edo Castril, con lo que se pone en riesgo un patrimonio natural importante, adem\u00e1s de que se aumenta de manera muy fuerte el coste del agua en origen que, como ocurre en Do\u00f1ana, no va a pagar quien produce el problema de sobreexplotaci\u00f3n. As\u00ed se quiebra un enfoque de derechos humanos en la gesti\u00f3n del agua, los diversos usos deben tener en cuenta que siempre hay una prioridad, que es el consumo humano, por lo que la gesti\u00f3n de los recursos debe ser transparente y participativa.<\/p>\n<p class=\"article-text\" style=\"text-align: justify;\"><strong>\u00bfSe sigue gestionando el agua como si fuese un recurso infinito?<\/strong><\/p>\n<p class=\"article-text\" style=\"text-align: justify;\">Lo que es cierto es que no le damos la prioridad en cantidad y calidad que requiere un enfoque de derechos humanos, aunque no pienses que es un recurso infinito se le da prioridad a actividades productivas. El problema es que el sistema productivo cada vez requiere m\u00e1s agua, se va produciendo un aumento del uso y de la contaminaci\u00f3n derivada, en ocasiones de manera ilegal, porque a veces se da la concesi\u00f3n para una macrogranja legal pero en realidad no hay agua. En el caso de Do\u00f1ana, y tambi\u00e9n en Baza, se mira para otro lado ante la evidencia y las denuncias de pozos y regad\u00edos ilegales, por la idea de que es bueno para la comarca porque produce riqueza y da puestos de trabajo. En la pr\u00e1ctica se da esa prioridad y permisibilidad de la ilegalidad.<\/p>\n<figure style=\"text-align: justify;\"><picture class=\"news-image\"><source srcset=\"https:\/\/static.eldiario.es\/clip\/25c0b81e-7c63-4ba9-bf45-86d5bd5e7128_16-9-discover-aspect-ratio_50p_0.webp\" type=\"image\/webp\" media=\"(max-width: 576px)\" \/><source srcset=\"https:\/\/static.eldiario.es\/clip\/25c0b81e-7c63-4ba9-bf45-86d5bd5e7128_16-9-discover-aspect-ratio_50p_0.jpg\" type=\"image\/jpg\" media=\"(max-width: 576px)\" \/><source srcset=\"https:\/\/static.eldiario.es\/clip\/25c0b81e-7c63-4ba9-bf45-86d5bd5e7128_16-9-discover-aspect-ratio_75p_0.webp\" type=\"image\/webp\" media=\"(max-width: 767px)\" \/><source srcset=\"https:\/\/static.eldiario.es\/clip\/25c0b81e-7c63-4ba9-bf45-86d5bd5e7128_16-9-discover-aspect-ratio_75p_0.jpg\" type=\"image\/jpg\" media=\"(max-width: 767px)\" \/><source srcset=\"https:\/\/static.eldiario.es\/clip\/25c0b81e-7c63-4ba9-bf45-86d5bd5e7128_16-9-discover-aspect-ratio_default_0.webp\" type=\"image\/webp\" media=\"(min-width: 768px)\" \/><source srcset=\"https:\/\/static.eldiario.es\/clip\/25c0b81e-7c63-4ba9-bf45-86d5bd5e7128_16-9-discover-aspect-ratio_default_0.jpg\" type=\"image\/jpg\" media=\"(min-width: 768px)\" \/><source srcset=\"https:\/\/static.eldiario.es\/clip\/25c0b81e-7c63-4ba9-bf45-86d5bd5e7128_16-9-discover-aspect-ratio_default_0.webp\" type=\"image\/webp\" \/><img data-recalc-dims=\"1\" decoding=\"async\" class=\"lazy entered loaded\" src=\"https:\/\/i0.wp.com\/static.eldiario.es\/clip\/25c0b81e-7c63-4ba9-bf45-86d5bd5e7128_16-9-discover-aspect-ratio_default_0.jpg?w=640&#038;ssl=1\" alt=\"\" data-src=\"https:\/\/static.eldiario.es\/clip\/25c0b81e-7c63-4ba9-bf45-86d5bd5e7128_16-9-discover-aspect-ratio_default_0.jpg\" data-ll-status=\"loaded\" \/> <\/picture><figcaption class=\"image-footer\"><span class=\"title\"> Pedro Arrojo, durante su visita a la comarca cordobesa de Los Pedroches. <\/span><\/figcaption><\/figure>\n<p class=\"article-text\" style=\"text-align: justify;\"><strong>\u00bfEn Do\u00f1ana se ha llegado a este punto porque se ha puesto la econom\u00eda por encima de todo?<\/strong><\/p>\n<p class=\"article-text\" style=\"text-align: justify;\">S\u00ed, y adem\u00e1s es una falsa cuesti\u00f3n econ\u00f3mica, porque es verdad que produce beneficios pero \u00bfqui\u00e9n paga los costes? \u00bfY cu\u00e1l es el coste de necesitar 30 a\u00f1os para recuperar el acu\u00edfero? El an\u00e1lisis econ\u00f3mico no puede ser s\u00f3lo el beneficio que se llevan algunos actores privados a cambio del coste que van a pagar los ciudadanos, porque luego hay que traer el agua desde m\u00e1s lejos. Poner como prioridad la recuperaci\u00f3n ambiental es tambi\u00e9n fruto de un an\u00e1lisis econ\u00f3mico: es rentable que la naturaleza funcione bien y gratis, si no acaba costando muy caro, no hay m\u00e1s que ver la de inversiones que va a hacer el Estado para paliar la cat\u00e1strofe de Do\u00f1ana. Desde un punto de vista econ\u00f3mico, destruir o afectar gravemente los ecosistemas acu\u00e1ticos y quebrar el principio de los derechos humanos acaba siendo un desastre econ\u00f3mico desde un punto de vista coste-beneficio.<\/p>\n<p class=\"article-text\" style=\"text-align: justify;\"><strong>\u00bfPor qu\u00e9 es tan importante lo que ocurre en Do\u00f1ana y tiene tanto impacto?<\/strong><\/p>\n<p class=\"article-text\" style=\"text-align: justify;\">El elemento espec\u00edfico de Do\u00f1ana es que lo que pasa ah\u00ed va a pasar de manera similar en otros sitios, pero lo m\u00e1s importante es que Do\u00f1ana tiene un balc\u00f3n de visibilidad p\u00fablica a nivel internacional. \u00bfPor qu\u00e9 no ha habido la misma movilizaci\u00f3n en el caso de Baza, cuando la situaci\u00f3n es similar? En Do\u00f1ana se ha iniciado un proceso de recuperaci\u00f3n del acu\u00edfero, se persigue a los infractores, <a class=\"link\" href=\"https:\/\/www.eldiario.es\/andalucia\/huelva\/ofensiva-gobierno-mayor-operacion-cierre-pozos-ilegales-donana-400-ano_1_10468810.html\" data-mrf-recirculation=\"links-noticia\" data-mrf-link=\"https:\/\/www.eldiario.es\/andalucia\/huelva\/ofensiva-gobierno-mayor-operacion-cierre-pozos-ilegales-donana-400-ano_1_10468810.html\">se cierran pozos<\/a>&#8230; y todo eso se demora sin ning\u00fan argumento en el caso de Baza. \u00bfPor qu\u00e9 se est\u00e1 haciendo bien en Do\u00f1ana? Porque es un escaparate abierto a la opini\u00f3n p\u00fablica y hay una presi\u00f3n de Europa muy potente, en el caso de Baza no es lo mismo y se est\u00e1 retardando.<\/p>\n<p class=\"article-text\" style=\"text-align: justify;\"><strong>\u00bfDo\u00f1ana ha lanzado un grito de auxilio porque ya no puede m\u00e1s?<\/strong><\/p>\n<p class=\"article-text\" style=\"text-align: justify;\">Los ecosistemas est\u00e1n lanzando gritos de auxilio que no hay que entender como ajenos al humano, no es s\u00f3lo que los pobres patos se van a morir, porque siempre alguien dir\u00e1 que las personas tienen que estar antes que los patos. En efecto, la naturaleza pone en marcha procesos de alarma y la afectaci\u00f3n en \u00faltima instancia es al humano. Lo de Los Pedroches por ejemplo es una cat\u00e1strofe, siete meses sin agua potable. La naturaleza en s\u00ed misma es muy importante, pero la normativa marco de aguas europea lo que hace es tirar de pragmatismo porque al ser humano le interesa conservar la gallina de los huevos de oro, aunque no le importe la gallina.<\/p>\n<blockquote class=\"quote\">\n<div class=\"quote-wrapper\">\n<p class=\"quote-text\"><strong><em>El c\u00e1lculo es que en Espa\u00f1a hay m\u00e1s de un mill\u00f3n de pozos ilegales, si se dijera que es un mill\u00f3n de asaltos a bancos nos preguntar\u00edamos que qu\u00e9 pa\u00eds es \u00e9ste. Y siguen creciendo<\/em><\/strong><\/p>\n<\/div>\n<\/blockquote>\n<p class=\"article-text\" style=\"text-align: justify;\"><strong>En Do\u00f1ana, de hecho, los regad\u00edos no han dejado de crecer durante a\u00f1os.<\/strong><\/p>\n<p class=\"article-text\" style=\"text-align: justify;\">Pero al final la avaricia rompe el saco, debe haber una medida. En Do\u00f1ana hay riesgo de matar a la gallina de los huevos de oro de la fresa, porque el acu\u00edfero est\u00e1 mal y si alguna vez en Alemania detectan contaminaci\u00f3n en una fresa se hundir\u00e1 todo el negocio o quebrar\u00e1 la salud de la comarca. Los l\u00edmites los marcan la sostenibilidad y los derechos humanos, y tambi\u00e9n la aplicaci\u00f3n de la ley, que no est\u00e1 por capricho sino por el inter\u00e9s general de la sociedad: no hablamos de leyes que protejan a los pajaritos por delante de las personas. La normativa europea no es porque se hayan vuelto todos ecologistas en Bruselas, est\u00e1 hecha desde un punto de vista incluso ego\u00edsta. \u00bfC\u00f3mo Europa tiene un marco legal tan ecologista y ambientalista? Pues es puro pragmatismo economicista anglosaj\u00f3n, ellos han entendido mucho mejor la f\u00e1bula de la gallina de los huevos de oro y que es un buen negocio cuidar la naturaleza.<\/p>\n<p class=\"article-text\" style=\"text-align: justify;\"><strong>\u00bfLos pozos ilegales son el gran problema de Do\u00f1ana?<\/strong><\/p>\n<p class=\"article-text\" style=\"text-align: justify;\">Es que en Do\u00f1ana, y en toda Espa\u00f1a, hemos normalizado los pozos ilegales. El c\u00e1lculo es que en Espa\u00f1a hay m\u00e1s de un mill\u00f3n de pozos ilegales, si se dijera que es un mill\u00f3n de asaltos a bancos nos preguntar\u00edamos que qu\u00e9 pa\u00eds es \u00e9ste. Los pozos ilegales siguen creciendo en general, como en el Altiplano granadino, y eso pone en peligro el acu\u00edfero y al final acaba encareciendo el agua. Y hablamos de ilegalidades que son perfectamente resolubles.<\/p>\n<p class=\"article-text\" style=\"text-align: justify;\"><strong>\u00bfQu\u00e9 le parece que en Huelva los agricultores fuesen a manifestarse porque les iban a aumentar los recortes de agua por la sequ\u00eda?<\/strong><\/p>\n<p class=\"article-text\" style=\"text-align: justify;\">\u00bfY eso qu\u00e9 era, una manifestaci\u00f3n contra los designios divinos por la sequ\u00eda? \u00bfQu\u00e9 sentido tiene eso? Donde no hay no se puede sacar, es por el bien del ser humano. De hecho, el \u00fanico derecho de uso que se coloca por encima de las exigencias de la legislaci\u00f3n europea es el abastecimiento humano, en situaci\u00f3n de sequ\u00eda se puede estirar la extracci\u00f3n m\u00e1s all\u00e1 de los l\u00edmites de garant\u00eda del buen estado hidrol\u00f3gico. El uso humano es prioritario y, en casos de emergencia, est\u00e1 por encima de las restricciones de sostenibilidad.<\/p>\n<p><strong><a href=\"https:\/\/www.eldiario.es\/autores\/antonio_morente\/\" data-mrf-link=\"https:\/\/www.eldiario.es\/autores\/antonio_morente\/\">Antonio Morente<\/a><\/strong><\/p>\n<p class=\"article-text\"><span class=\"title\">FOTO:Pedro Arrojo, relator especial de la ONU para los derechos humanos al agua potable y al saneamiento<\/span><\/p>\n<p>https:\/\/www.eldiario.es\/andalucia\/huelva\/pedro-arrojo-relator-onu-agua-donana-hay-riesgo-matar-gallina-huevos-oro-fresa_128_10694249.html<\/p>\n<\/div>\n<\/div>\n<\/div>\n<\/div>\n","protected":false},"excerpt":{"rendered":"<p>Lamenta que en el entorno del parque nacional \u201chemos normalizado los pozos ilegales, como en&#8230;<\/p>\n","protected":false},"author":1,"featured_media":65023,"comment_status":"closed","ping_status":"closed","sticky":false,"template":"","format":"standard","meta":{"_coblocks_attr":"","_coblocks_dimensions":"","_coblocks_responsive_height":"","_coblocks_accordion_ie_support":"","jetpack_post_was_ever_published":false,"_jetpack_newsletter_access":"","_jetpack_dont_email_post_to_subs":false,"_jetpack_newsletter_tier_id":0,"_jetpack_memberships_contains_paywalled_content":false,"_jetpack_memberships_contains_paid_content":false,"footnotes":"","jetpack_publicize_message":"","jetpack_publicize_feature_enabled":true,"jetpack_social_post_already_shared":true,"jetpack_social_options":{"image_generator_settings":{"template":"highway","default_image_id":0,"enabled":false},"version":2}},"categories":[9,44,7671],"tags":[],"class_list":["post-65022","post","type-post","status-publish","format-standard","has-post-thumbnail","hentry","category-medio-ambiente","category-noticias-de-hoy","category-politica"],"jetpack_publicize_connections":[],"jetpack_featured_media_url":"https:\/\/i0.wp.com\/miradordeatarfe.es\/wp-content\/uploads\/2023\/11\/0ec833f8-a973-4fea-88e8-a1208547bd3f_16-9-discover-aspect-ratio_default_0.webp?fit=1200%2C675&ssl=1","jetpack_likes_enabled":true,"jetpack_sharing_enabled":true,"_links":{"self":[{"href":"https:\/\/miradordeatarfe.es\/index.php?rest_route=\/wp\/v2\/posts\/65022","targetHints":{"allow":["GET"]}}],"collection":[{"href":"https:\/\/miradordeatarfe.es\/index.php?rest_route=\/wp\/v2\/posts"}],"about":[{"href":"https:\/\/miradordeatarfe.es\/index.php?rest_route=\/wp\/v2\/types\/post"}],"author":[{"embeddable":true,"href":"https:\/\/miradordeatarfe.es\/index.php?rest_route=\/wp\/v2\/users\/1"}],"replies":[{"embeddable":true,"href":"https:\/\/miradordeatarfe.es\/index.php?rest_route=%2Fwp%2Fv2%2Fcomments&post=65022"}],"version-history":[{"count":1,"href":"https:\/\/miradordeatarfe.es\/index.php?rest_route=\/wp\/v2\/posts\/65022\/revisions"}],"predecessor-version":[{"id":65024,"href":"https:\/\/miradordeatarfe.es\/index.php?rest_route=\/wp\/v2\/posts\/65022\/revisions\/65024"}],"wp:featuredmedia":[{"embeddable":true,"href":"https:\/\/miradordeatarfe.es\/index.php?rest_route=\/wp\/v2\/media\/65023"}],"wp:attachment":[{"href":"https:\/\/miradordeatarfe.es\/index.php?rest_route=%2Fwp%2Fv2%2Fmedia&parent=65022"}],"wp:term":[{"taxonomy":"category","embeddable":true,"href":"https:\/\/miradordeatarfe.es\/index.php?rest_route=%2Fwp%2Fv2%2Fcategories&post=65022"},{"taxonomy":"post_tag","embeddable":true,"href":"https:\/\/miradordeatarfe.es\/index.php?rest_route=%2Fwp%2Fv2%2Ftags&post=65022"}],"curies":[{"name":"wp","href":"https:\/\/api.w.org\/{rel}","templated":true}]}}