{"id":65025,"date":"2023-11-21T11:00:13","date_gmt":"2023-11-21T10:00:13","guid":{"rendered":"https:\/\/miradordeatarfe.es\/?p=65025"},"modified":"2023-11-21T12:20:26","modified_gmt":"2023-11-21T11:20:26","slug":"el-ayuntamiento-de-atarfe-y-la-conciencia-contra-la-violencia-de-genero","status":"publish","type":"post","link":"https:\/\/miradordeatarfe.es\/?p=65025","title":{"rendered":"EL AYUNTAMIENTO DE ATARFE Y LA CONCIENCIA CONTRA LA VIOLENCIA DE GENERO"},"content":{"rendered":"<div class=\"\" dir=\"auto\">\n<div id=\":r26:\" class=\"x1iorvi4 x1pi30zi x1l90r2v x1swvt13\" data-ad-comet-preview=\"message\" data-ad-preview=\"message\">\n<div class=\"x78zum5 xdt5ytf xz62fqu x16ldp7u\">\n<div class=\"xu06os2 x1ok221b\">\n<div class=\"xdj266r x11i5rnm xat24cr x1mh8g0r x1vvkbs x126k92a\">\n<h3 dir=\"auto\">Aprendiendo a quitar el poder al maltratador. 25 de Noviembre &#8211; D\u00eda Internacional para la Eliminaci\u00f3n de la Violencia Contra la Mujer.<\/h3>\n<p style=\"text-align: justify;\">En este art\u00edculo os mostramos el video que el Ayuntamiento de Atarfe ha realizado para concienciar a nuestros j\u00f3venes y no tan j\u00f3venes como quitar el poder al maltratador y los datos que la Delegaci\u00f3n del Gobierno contra la Violencia de G\u00e9nero publica en su web y que contiene informaci\u00f3n sobre violencia de g\u00e9nero (entendida como malos tratos en la pareja, de acuerdo con el art\u00edculo 1 de la LO1\/2004, de 28 de diciembre de Medidas de Protecci\u00f3n Integral contra la Violencia de g\u00e9nero) as\u00ed como sobre otras formas de violencia contra la mujer, como la trata de mujeres y ni\u00f1as con fines de explotaci\u00f3n sexual o la mutilaci\u00f3n genital femenina.<\/p>\n<p><iframe loading=\"lazy\" src=\"\/\/www.youtube.com\/embed\/s4fAIA3CQHg?feature=shared\" width=\"560\" height=\"314\" allowfullscreen=\"allowfullscreen\"><\/iframe><\/p>\n<h3><span class=\"negrita\">\u00a0MUJERES V\u00cdCTIMAS MORTALES<\/span><\/h3>\n<ul>\n<li><span class=\"negrita\">1.237 <\/span>muertes desde el 1 de enero de 2003 hasta el d\u00eda de hoy.<\/li>\n<li>2023: <span class=\"negrita\">52<\/span> (De 1 de enero hasta el d\u00eda de hoy)<\/li>\n<\/ul>\n<h3><span class=\"negrita\">MENORES V\u00cdCTIMAS MORTALES<\/span><\/h3>\n<ul>\n<li><span class=\"negrita\">49 <\/span>asesinatos desde el 1 de enero de 2013 hasta el d\u00eda de hoy.<\/li>\n<li>2023: <span class=\"negrita\">1 <\/span>(De 1 de enero hasta el d\u00eda de hoy)<\/li>\n<\/ul>\n<h3><span class=\"negrita\">HU\u00c9RFANOS Y HU\u00c9RFANAS MENORES DE EDAD<\/span><\/h3>\n<ul>\n<li><span class=\"negrita\">428 <\/span>hu\u00e9rfanos desde el 1 de enero de 2013 hasta el d\u00eda de hoy.<\/li>\n<li>2023: <span class=\"negrita\">51 <\/span>(De 1 de enero hasta el d\u00eda de hoy).\u00a0<\/li>\n<\/ul>\n<h3><span class=\"negrita\">DENUNCIAS RECIBIDAS<\/span><\/h3>\n<ul>\n<li><span class=\"negrita\">2.148.159<\/span> denuncias desde el 1 de enero de 2009 hasta el 30 de junio de 2023.<\/li>\n<li>2023: <span class=\"negrita\">94.554 <\/span>(De 1 de enero al 30 de junio)<\/li>\n<\/ul>\n<h3><span class=\"negrita\">\u00d3RDENES DE PROTECCI\u00d3N INCOADAS<\/span><\/h3>\n<ul>\n<li><span class=\"negrita\">541.548 <\/span>\u00f3rdenes de protecci\u00f3n desde el 1 de enero de 2009 hasta el 30 de junio de 2023.<\/li>\n<li>2023: <span class=\"negrita\">20.485<\/span> (De 1 de enero a 30 de junio)<\/li>\n<\/ul>\n<p>&nbsp;<\/p>\n<\/div>\n<\/div>\n<\/div>\n<\/div>\n<\/div>\n","protected":false},"excerpt":{"rendered":"<p>Aprendiendo a quitar el poder al maltratador. 25 de Noviembre &#8211; D\u00eda Internacional para la&#8230;<\/p>\n","protected":false},"author":1,"featured_media":65026,"comment_status":"closed","ping_status":"closed","sticky":false,"template":"","format":"standard","meta":{"_coblocks_attr":"","_coblocks_dimensions":"","_coblocks_responsive_height":"","_coblocks_accordion_ie_support":"","jetpack_post_was_ever_published":false,"_jetpack_newsletter_access":"","_jetpack_dont_email_post_to_subs":false,"_jetpack_newsletter_tier_id":0,"_jetpack_memberships_contains_paywalled_content":false,"_jetpack_memberships_contains_paid_content":false,"footnotes":"","jetpack_publicize_message":"","jetpack_publicize_feature_enabled":true,"jetpack_social_post_already_shared":true,"jetpack_social_options":{"image_generator_settings":{"template":"highway","default_image_id":0,"enabled":false},"version":2}},"categories":[6916,14,44,1],"tags":[],"class_list":["post-65025","post","type-post","status-publish","format-standard","has-post-thumbnail","hentry","category-ayuntamiento-de-atarfe","category-feminismo","category-noticias-de-hoy","category-uncategorized"],"jetpack_publicize_connections":[],"jetpack_featured_media_url":"https:\/\/i0.wp.com\/miradordeatarfe.es\/wp-content\/uploads\/2023\/11\/carrusel1.jpg?fit=265%2C249&ssl=1","jetpack_likes_enabled":true,"jetpack_sharing_enabled":true,"_links":{"self":[{"href":"https:\/\/miradordeatarfe.es\/index.php?rest_route=\/wp\/v2\/posts\/65025","targetHints":{"allow":["GET"]}}],"collection":[{"href":"https:\/\/miradordeatarfe.es\/index.php?rest_route=\/wp\/v2\/posts"}],"about":[{"href":"https:\/\/miradordeatarfe.es\/index.php?rest_route=\/wp\/v2\/types\/post"}],"author":[{"embeddable":true,"href":"https:\/\/miradordeatarfe.es\/index.php?rest_route=\/wp\/v2\/users\/1"}],"replies":[{"embeddable":true,"href":"https:\/\/miradordeatarfe.es\/index.php?rest_route=%2Fwp%2Fv2%2Fcomments&post=65025"}],"version-history":[{"count":1,"href":"https:\/\/miradordeatarfe.es\/index.php?rest_route=\/wp\/v2\/posts\/65025\/revisions"}],"predecessor-version":[{"id":65027,"href":"https:\/\/miradordeatarfe.es\/index.php?rest_route=\/wp\/v2\/posts\/65025\/revisions\/65027"}],"wp:featuredmedia":[{"embeddable":true,"href":"https:\/\/miradordeatarfe.es\/index.php?rest_route=\/wp\/v2\/media\/65026"}],"wp:attachment":[{"href":"https:\/\/miradordeatarfe.es\/index.php?rest_route=%2Fwp%2Fv2%2Fmedia&parent=65025"}],"wp:term":[{"taxonomy":"category","embeddable":true,"href":"https:\/\/miradordeatarfe.es\/index.php?rest_route=%2Fwp%2Fv2%2Fcategories&post=65025"},{"taxonomy":"post_tag","embeddable":true,"href":"https:\/\/miradordeatarfe.es\/index.php?rest_route=%2Fwp%2Fv2%2Ftags&post=65025"}],"curies":[{"name":"wp","href":"https:\/\/api.w.org\/{rel}","templated":true}]}}