{"id":65031,"date":"2023-11-25T10:01:01","date_gmt":"2023-11-25T09:01:01","guid":{"rendered":"https:\/\/miradordeatarfe.es\/?p=65031"},"modified":"2023-11-20T21:10:18","modified_gmt":"2023-11-20T20:10:18","slug":"29-mujeres-han-sufrido-intento-de-homicidio-machista-en-2023-apunta-la-fiscalia-necesitamos-un-estudio-cualitativo","status":"publish","type":"post","link":"https:\/\/miradordeatarfe.es\/?p=65031","title":{"rendered":"29 mujeres han sufrido intento de homicidio machista en 2023, apunta la Fiscal\u00eda: \u00abNecesitamos un estudio cualitativo\u00bb"},"content":{"rendered":"<p><main><\/p>\n<div class=\"container__main\">\n<div class=\"container\">\n<section class=\"row\">\n<div class=\"col-md-8\">\n<div class=\"article-main margin-none\">\n<header class=\"article-main__header\">\n<h3 class=\"article-main__description\" style=\"text-align: justify;\">La fiscal de Sala de Violencia sobre la Mujer, Teresa Peramato, ha reclamado que se lleve a cabo un an\u00e1lisis \u00abmultidisciplinar\u00bb sobre los feminicidios no consumados para arrojar \u00abluz\u00bb sobre los casos m\u00e1s extremos de violencia de g\u00e9nero<\/h3>\n<div class=\"multimedia\" style=\"text-align: justify;\">\n<figure><picture><source srcset=\"https:\/\/fotografias.larazon.es\/clipping\/cmsimages02\/2023\/11\/19\/9EEDD2E2-A743-467A-BAA8-083E9A2A3217\/98.jpg?crop=3700,2082,x0,y135&amp;width=1900&amp;height=1069&amp;optimize=low&amp;format=webply\" media=\"(min-width:1601px)\" \/><source srcset=\"https:\/\/fotografias.larazon.es\/clipping\/cmsimages02\/2023\/11\/19\/9EEDD2E2-A743-467A-BAA8-083E9A2A3217\/97.jpg?crop=3700,2081,x0,y135&amp;width=1600&amp;height=900&amp;optimize=low&amp;format=webply\" media=\"(min-width:1201px)\" \/><source srcset=\"https:\/\/fotografias.larazon.es\/clipping\/cmsimages02\/2023\/11\/19\/9EEDD2E2-A743-467A-BAA8-083E9A2A3217\/96.jpg?crop=3700,2081,x0,y135&amp;width=1200&amp;height=675&amp;optimize=low&amp;format=webply\" media=\"(min-width:1029px)\" \/><source srcset=\"https:\/\/fotografias.larazon.es\/clipping\/cmsimages02\/2023\/11\/19\/9EEDD2E2-A743-467A-BAA8-083E9A2A3217\/95.jpg?crop=3700,2080,x0,y136&amp;width=1028&amp;height=578&amp;optimize=medium&amp;format=webply\" media=\"(min-width:801px)\" \/><source srcset=\"https:\/\/fotografias.larazon.es\/clipping\/cmsimages02\/2023\/11\/19\/9EEDD2E2-A743-467A-BAA8-083E9A2A3217\/94.jpg?crop=3700,2081,x0,y135&amp;width=800&amp;height=450&amp;optimize=medium&amp;format=webply\" media=\"(min-width:481px)\" \/><source srcset=\"https:\/\/fotografias.larazon.es\/clipping\/cmsimages02\/2023\/11\/19\/9EEDD2E2-A743-467A-BAA8-083E9A2A3217\/70.jpg?crop=3700,2081,x0,y135&amp;width=480&amp;height=270&amp;optimize=high&amp;format=webply\" media=\"(min-width:391px)\" \/><source srcset=\"https:\/\/fotografias.larazon.es\/clipping\/cmsimages02\/2023\/11\/19\/9EEDD2E2-A743-467A-BAA8-083E9A2A3217\/92.jpg?crop=3700,2078,x0,y137&amp;width=390&amp;height=219&amp;optimize=high&amp;format=webply\" media=\"(min-width:321px)\" \/><source srcset=\"https:\/\/fotografias.larazon.es\/clipping\/cmsimages02\/2023\/11\/19\/9EEDD2E2-A743-467A-BAA8-083E9A2A3217\/52.jpg?crop=3700,2081,x0,y135&amp;width=320&amp;height=180&amp;optimize=high&amp;format=webply\" media=\"(max-width:320px)\" \/><\/picture><\/figure>\n<\/div>\n<\/header>\n<\/div>\n<\/div>\n<\/section>\n<\/div>\n<\/div>\n<p><\/main><\/p>\n<div class=\"article-main\" style=\"text-align: justify;\">\n<div id=\"intext\" class=\"article-main__content\">\n<p>La Delegaci\u00f3n del Gobierno contra la Violencia de G\u00e9nero contabiliza al menos 52 mujeres v\u00edctimas mortales por violencia de g\u00e9nero en Espa\u00f1a a manos de sus parejas o exparejas en lo que va de a\u00f1o, dos m\u00e1s que en todo 2022. A ellas pueden sumarse dos menores asesinados por violencia vicaria, ya que uno de los casos est\u00e1 en investigaci\u00f3n, por lo que ser\u00edan los mismos menores que en todo 2022. Son estad\u00edsticas conocidas porque se mencionan cada vez que se confirma un caso.<\/p>\n<p>Menos conocida es la cifra de intentos de homicidios machistas, que deben sumarse a estas estad\u00edsticas: <b>al menos 29 mujeres han sufrido un intento de homicidio machista en lo que va de 2023, frente a los 35 registrados en todo 2022,<\/b> seg\u00fan ha adelantado a Europa Press la fiscal de Sala de Violencia sobre la Mujer, Teresa Peramato.<\/p>\n<p>En una entrevista con motivo de la celebraci\u00f3n el 25 de noviembre del D\u00eda Internacional de la Eliminaci\u00f3n de la Violencia contra las Mujeres, Peramato ha reclamado que se lleve a cabo <b>un estudio cualitativo \u00abmultidisciplinar\u00bb sobre los feminicidios no consumados en el que participen \u00abdiferentes especialistas\u00bb que analice el fen\u00f3meno de los intentos de homicidio<\/b> porque considera que pueden arrojar \u00abluz\u00bb sobre los casos m\u00e1s extremos de violencia de g\u00e9nero.<\/p>\n<p>De hecho, la fiscal ya ha propuesto al Comit\u00e9 de Crisis de Violencia de G\u00e9nero ampliar el foco de estudio de la violencia machista para no perder una informaci\u00f3n \u00abvaliosa\u00bb de v\u00edctimas que han sobrevivido a este tipo de actos. \u00abCuando analizamos los feminicidios consumados <b>estamos viendo exclusivamente aquello que sabemos, lo que se deduce del atestado, lo que se deduce de las intervenciones que hayan podido tener otras instituciones con la v\u00edctima antes del homicidio, <\/b>pero si la v\u00edctima no acudi\u00f3 a ninguna instituci\u00f3n, <b>si no denunci\u00f3 previamente, nos quedamos sin saber nada\u00bb,<\/b> ha indicado Peramato, que tambi\u00e9n a\u00f1ade que, si la v\u00edctima ha sobrevivido, puede facilitar una informaci\u00f3n \u00abvital\u00bb.<\/p>\n<p>En este caso, expone que la mujer podr\u00eda aportar si denunci\u00f3 o no previamente, por qu\u00e9 quiso retirar la denuncia, por qu\u00e9 no quiso colaborar en el procedimiento, o por qu\u00e9 si se acord\u00f3 una orden de protecci\u00f3n pidi\u00f3 que se retirara, entre otras cuestiones.<\/p>\n<p><b>V\u00edctimas que no quieren declarar<\/b><\/p>\n<p>A pesar de la falta de un estudio que aporte datos en profundidad, Peramato expone que en la Fiscal\u00eda han extra\u00eddo una serie de conclusiones sobre los casos de lo que llaman feminicidios no consumados. En este sentido, se\u00f1ala que \u00abpreocupa\u00bb la actitud de la v\u00edctima en el procedimiento, cuando no quiere declarar. \u00abNos encontramos en muchas ocasiones ante un vac\u00edo probatorio importante, porque muchas veces la v\u00edctima es la \u00fanica fuente de prueba, no solamente la esencial, en muchas ocasiones la \u00fanica testigo. <b>Si ella no colabora con la investigaci\u00f3n, no colabora en el enjuiciamiento, lo m\u00e1s f\u00e1cil es que el procedimiento termine en archivo, en sobreseimiento provisional o en sentencia absolutoria\u00bb, <\/b>denuncia para agregar que es un tema en el que tienen que trabajar.<\/p>\n<p>En todo caso, la fiscal defiende que se conozcan y difundan las cifras de las v\u00edctimas mortales, pese a que el Tribunal de Cuentas ha advertido de que esta estad\u00edstica puede eclipsar la eficacia de las medidas de protecci\u00f3n. \u00abNo creo que estemos fallando en eso. <b>Es absolutamente importante que la sociedad conozca cu\u00e1l es la realidad en relaci\u00f3n a la manifestaci\u00f3n m\u00e1s extrema, que son los feminicidios, ya sean consumados o intentados. <\/b>Y la sociedad tiene que conocerlo, es una realidad que est\u00e1 ah\u00ed y que no se puede opacar, que no se puede disimular y que no se puede desconocer\u00bb, sentencia.<\/p>\n<p>Por otro lado,<b> la fiscal ha advertido sobre los \u00abagresores persistentes\u00bb, aquellos con denuncias por violencia de g\u00e9nero con dos o m\u00e1s v\u00edctimas. <\/b>\u00abSabemos que cuando se producen estos casos la posibilidad de que se reproduzca la violencia y en menos tiempo y con mayor gravedad es muy alta\u00bb, alerta. Igualmente, indica que los fiscales tienen que tener esos datos en el procedimiento y que los deben valorar como un factor de riesgo \u00abimportante\u00bb para solicitar las \u00f3rdenes de protecci\u00f3n y, en su caso, la instalaci\u00f3n de los dispositivos telem\u00e1ticos.<\/p>\n<\/div>\n<\/div>\n<p style=\"text-align: justify;\"><b>Desde la Fiscal\u00eda descartan que convivir m\u00e1s tiempo sea la causa del aumento de feminicidios en verano<\/b><\/p>\n<p style=\"text-align: justify;\">Un total de 52 mujeres han fallecido este 2023 por violencia machista, dos m\u00e1s que en todo el a\u00f1o pasado. 16 de ellas fueron presuntamente asesinadas en verano, una concentraci\u00f3n de casos en la \u00e9poca estival para la que no tienen explicaci\u00f3n todav\u00eda desde la Fiscal\u00eda. Por ejemplo, <b>rechaza de que una mayor convivencia de la pareja en periodo vacacional sea la causa. <\/b><\/p>\n<p style=\"text-align: justify;\">En este sentido, explica que <b>durante la pandemia, en la que no se registr\u00f3 un incremento de feminicidios, el agresor tuvo \u00abdominio absoluto sobre la unidad familiar\u00bb.<\/b> A su juicio, <b>cuando la v\u00edctima se puede relacionar con otras personas, el agresor tiene \u00abuna mayor sensaci\u00f3n de descontrol\u00bb.<\/b> \u00abPuede que le genere mayor estr\u00e9s y vaya generando m\u00e1s violencia hasta llegar al feminicidio\u00bb, apunta.<\/p>\n<p style=\"text-align: justify;\">Tambi\u00e9n descarta un posible efecto mim\u00e9tico al que aluden expertos como el exdelegado del Gobierno contra la Violencia de G\u00e9nero, Miguel Lorente, Peramato afirma que <b>es un tema que le preocupa pero que no le convence y vuelve a hacer referencia a la necesidad de estudios cualitativos que \u00abden luz\u00bb. <\/b>En materia de prevenci\u00f3n, la Fiscal de Violencia de G\u00e9nero insiste en la prevenci\u00f3n. \u00abEs important\u00edsimo que las familias, los progenitores, los abuelos, los t\u00edos y t\u00edas, es decir, los familiares m\u00e1s cercanos de los ni\u00f1os, demos un ejemplo de igualdad, de respeto y de resoluci\u00f3n de los conflictos al margen de la violencia. En tanto en cuanto no seamos capaces de abundar en esa materia, va a ser mucho m\u00e1s dif\u00edcil la soluci\u00f3n\u00bb, subraya.<\/p>\n<p style=\"text-align: justify;\">Tambi\u00e9n cree necesario hablar de \u00abconcienciaci\u00f3n\u00bb y \u00absensibilizaci\u00f3n\u00bb para que las v\u00edctimas aprendan a identificar cuando se encuentran sometidas a actos de violencia. <b>\u00abEn muchas ocasiones las v\u00edctimas no denuncian porque ellas no sab\u00edan que estaban sufriendo violencia, porque la hab\u00edan normalizado y lo entend\u00edan, lo interpretan como mala educaci\u00f3n\u00bb, <\/b>precisa. Y reclama la implicaci\u00f3n de toda la sociedad. \u00abNo nos podemos poner de perfil, ya est\u00e1 bien. Toda la ciudadan\u00eda tiene que ser consciente de que cuando una mujer est\u00e1 siendo objeto de violencia est\u00e1 en peligro y lo siguiente va a ser m\u00e1s grave.<\/p>\n<p style=\"text-align: justify;\">De manera que cualquier ciudadano o ciudadana, sea una persona del entorno m\u00e1s pr\u00f3ximo o sea un extra\u00f1o que sea conocedor de actos de violencia, tiene que posicionarse del lado de la v\u00edctima, manifestar absoluto rechazo al agresor, que no vea ning\u00fan rasgo emp\u00e1tico el agresor de su lado y <b>tomar las medidas para acompa\u00f1ar a la v\u00edctima y, en su caso, denunciar\u00bb,<\/b> recalca. Otra medida \u00abimportant\u00edsima\u00bb y que \u00abtiene que mejorarse\u00bb es la coordinaci\u00f3n entre instituciones.<\/p>\n<p style=\"text-align: justify;\">Peramato tambi\u00e9n critica el negacionismo que, a su juicio, se est\u00e1 lanzando desde diferentes grupos, que utilizan mensajes \u00abmuy llanos\u00bb y \u00abr\u00e1pidos\u00bb a trav\u00e9s de las redes sociales. \u00abEst\u00e1n produciendo <b>una gran confusi\u00f3n en cuanto al entendimiento de la violencia de g\u00e9nero, a la detecci\u00f3n de esta realidad que es indiscutible, <\/b>que est\u00e1 ah\u00ed, que es injustificable, pero adem\u00e1s yo creo que est\u00e1 produciendo un efecto disuasorio en las v\u00edctimas\u00bb, lamenta para asegurar que \u00abempodera\u00bb a los agresores y \u00abposiciona a la v\u00edctima en una situaci\u00f3n de mayor vulnerabilidad\u00bb.<\/p>\n<p style=\"text-align: justify;\">Finalmente, respecto a la celebraci\u00f3n del 25 de noviembre, Peramato quiere lanzar el mensaje de que \u00abla violencia de g\u00e9nero existe\u00bb y es \u00abindiscutible\u00bb. <b>\u00abSon delitos que afectan a las mujeres, a los ni\u00f1os y ni\u00f1as y que est\u00e1n haciendo mucho da\u00f1o, much\u00edsimo da\u00f1o a la sociedad en su conjunto, que es innegable, que es injustificable\u00bb, <\/b>afirma. Adem\u00e1s, ha pedido a todas las v\u00edctimas \u00abque conf\u00eden en las instituciones, en la Administraci\u00f3n de Justicia y sepan que solamente confiando van a poderse proteger y proteger a sus ni\u00f1os y ni\u00f1as\u00bb.<\/p>\n<div class=\"article-main margin-none\">\n<header class=\"article-main__header\">\n<div class=\"multimedia\">\n<figure><figcaption><b><a href=\"https:\/\/www.larazon.es\/autor\/javiervillaverde\/\"><strong>Javier Villaverde<\/strong><\/a><\/p>\n<p>FOTO:29 mujeres han sufrido intento de homicidio machista en 2023, apunta la Fiscal\u00eda<\/b>EUROPAPRESS<\/figcaption><\/figure>\n<\/div>\n<\/header>\n<\/div>\n<div class=\"article-main__footer\">\n<div class=\"article-tools\">\n<div class=\"article-author\">\n<div class=\"article-author__body\">\n<div class=\"article-author__name\">\n<p>https:\/\/www.larazon.es\/sociedad\/29-mujeres-han-sufrido-intento-homicidio-machista-2023-apunta-fiscalia-necesitamos-estudio-cualitativo_20231119655a028332499c00014cd118.html<\/p>\n<\/div>\n<\/div>\n<\/div>\n<\/div>\n<\/div>\n","protected":false},"excerpt":{"rendered":"<p>La fiscal de Sala de Violencia sobre la Mujer, Teresa Peramato, ha reclamado que se&#8230;<\/p>\n","protected":false},"author":1,"featured_media":65032,"comment_status":"closed","ping_status":"closed","sticky":false,"template":"","format":"standard","meta":{"_coblocks_attr":"","_coblocks_dimensions":"","_coblocks_responsive_height":"","_coblocks_accordion_ie_support":"","jetpack_post_was_ever_published":false,"_jetpack_newsletter_access":"","_jetpack_dont_email_post_to_subs":false,"_jetpack_newsletter_tier_id":0,"_jetpack_memberships_contains_paywalled_content":false,"_jetpack_memberships_contains_paid_content":false,"footnotes":"","jetpack_publicize_message":"","jetpack_publicize_feature_enabled":true,"jetpack_social_post_already_shared":true,"jetpack_social_options":{"image_generator_settings":{"template":"highway","default_image_id":0,"enabled":false},"version":2}},"categories":[14,44,6937],"tags":[],"class_list":["post-65031","post","type-post","status-publish","format-standard","has-post-thumbnail","hentry","category-feminismo","category-noticias-de-hoy","category-sociedad"],"jetpack_publicize_connections":[],"jetpack_featured_media_url":"https:\/\/i0.wp.com\/miradordeatarfe.es\/wp-content\/uploads\/2023\/11\/97B.webp?fit=1600%2C900&ssl=1","jetpack_likes_enabled":true,"jetpack_sharing_enabled":true,"_links":{"self":[{"href":"https:\/\/miradordeatarfe.es\/index.php?rest_route=\/wp\/v2\/posts\/65031","targetHints":{"allow":["GET"]}}],"collection":[{"href":"https:\/\/miradordeatarfe.es\/index.php?rest_route=\/wp\/v2\/posts"}],"about":[{"href":"https:\/\/miradordeatarfe.es\/index.php?rest_route=\/wp\/v2\/types\/post"}],"author":[{"embeddable":true,"href":"https:\/\/miradordeatarfe.es\/index.php?rest_route=\/wp\/v2\/users\/1"}],"replies":[{"embeddable":true,"href":"https:\/\/miradordeatarfe.es\/index.php?rest_route=%2Fwp%2Fv2%2Fcomments&post=65031"}],"version-history":[{"count":1,"href":"https:\/\/miradordeatarfe.es\/index.php?rest_route=\/wp\/v2\/posts\/65031\/revisions"}],"predecessor-version":[{"id":65033,"href":"https:\/\/miradordeatarfe.es\/index.php?rest_route=\/wp\/v2\/posts\/65031\/revisions\/65033"}],"wp:featuredmedia":[{"embeddable":true,"href":"https:\/\/miradordeatarfe.es\/index.php?rest_route=\/wp\/v2\/media\/65032"}],"wp:attachment":[{"href":"https:\/\/miradordeatarfe.es\/index.php?rest_route=%2Fwp%2Fv2%2Fmedia&parent=65031"}],"wp:term":[{"taxonomy":"category","embeddable":true,"href":"https:\/\/miradordeatarfe.es\/index.php?rest_route=%2Fwp%2Fv2%2Fcategories&post=65031"},{"taxonomy":"post_tag","embeddable":true,"href":"https:\/\/miradordeatarfe.es\/index.php?rest_route=%2Fwp%2Fv2%2Ftags&post=65031"}],"curies":[{"name":"wp","href":"https:\/\/api.w.org\/{rel}","templated":true}]}}