{"id":65034,"date":"2023-11-22T08:11:41","date_gmt":"2023-11-22T07:11:41","guid":{"rendered":"https:\/\/miradordeatarfe.es\/?p=65034"},"modified":"2023-11-22T09:40:30","modified_gmt":"2023-11-22T08:40:30","slug":"discalculia-el-trastorno-que-impide-aprender-matematicas","status":"publish","type":"post","link":"https:\/\/miradordeatarfe.es\/?p=65034","title":{"rendered":"Discalculia, el trastorno que impide aprender matem\u00e1ticas"},"content":{"rendered":"<h3 class=\"article-main__description\" style=\"text-align: justify;\">Esta dificultad del aprendizaje puede afectar a entre el 3 y el 6% de la poblaci\u00f3n<\/h3>\n<p style=\"text-align: justify;\">Las <b>matem\u00e1ticas <\/b>son una asignatura clave en la ense\u00f1anza, pero tambi\u00e9n<b> una de las materias que m\u00e1s preocupa a los estudiantes <\/b>y a los padres. Muchos alumnos se enfrentan a esta disciplina con temor, ya que <b>es necesario comprender conceptos abstractos, resolver problemas y descodificar signos.<\/b><\/p>\n<p style=\"text-align: justify;\">Las matem\u00e1ticas son complicadas de aprender y <b>se asimilan de manera secuencial y progresiva<\/b>, por lo que es imprescindible manejar los conceptos b\u00e1sicos para seguir avanzando a medida que evoluciona el desarrollo cognitivo.<\/p>\n<p style=\"text-align: justify;\">Para algunos ni\u00f1os las dificultades para superar esta asignatura con \u00e9xito son severos y no mejoran con el paso del tiempo y su desarrollo cognitivo.<\/p>\n<p style=\"text-align: justify;\">Este problema se denomina <b>discalculia<\/b>, un discapacidad del aprendizaje que <b>dificulta la comprensi\u00f3n, aprendizaje y resoluci\u00f3n de operaciones matem\u00e1ticas<\/b> basadas en n\u00fameros. De esta forma, se trata de un trastorno espec\u00edfico del desarrollo, de base biol\u00f3gica, que afecta al aprendizaje de las capacidades aritm\u00e9ticas y las matem\u00e1ticas.<\/p>\n<p style=\"text-align: justify;\">Generalmente se detecta cuando los menores comienza sus clases de matem\u00e1ticas en el colegio y afecta a ni\u00f1os y ni\u00f1as por igual. Estos estudiantes<b> pueden tener problemas para reconocer los n\u00fameros, aprender a contar o reconocer patrones b\u00e1sicos<\/b>.<\/p>\n<p style=\"text-align: justify;\">El Child Mind Institute de EE UU explica que la discalculia es un<b> trastorno espec\u00edfico del aprendizaje<\/b>. Es decir, afecta \u00fanicamente al modo en que los ni\u00f1os aprenden las matem\u00e1ticas. \u00abUn ni\u00f1o con discalculia puede desempe\u00f1arse bien en otras materias, como ingl\u00e9s o historia, y seguir teniendo dificultades en las clases que utilizan las matem\u00e1ticas\u00bb, aseguran.<\/p>\n<p style=\"text-align: justify;\">Los ni\u00f1os con discalculia<b> confunden los n\u00fameros y los signos<\/b> y no son capaces de realizar c\u00e1lculos mentales ni trabajar con abstracciones. Adem\u00e1s, presentan dificultades para interpretar s\u00edmbolos num\u00e9ricos y conocimientos aritm\u00e9ticos como la suma, la resta, la multiplicaci\u00f3n y la divisi\u00f3n. De esta forma, tienen muchas dificultades para resolver problemas y ejercicios acad\u00e9micos.<\/p>\n<p style=\"text-align: justify;\">La discalculia, tambi\u00e9n llamada \u00abdislexia matem\u00e1tica\u00bb, tambi\u00e9n provoca<b> problemas para desempe\u00f1arse en la vida diaria al no poder recordar n\u00fameros, distinguir izquierda y derecha, calcular las distancias, leer relojes o partir una tarta en porciones<\/b>.<\/p>\n<p style=\"text-align: justify;\">Esta dificultad, que puede afectar entre el 3 y el 6% de la poblaci\u00f3n, tiene un importante componente gen\u00e9tico y es independiente del nivel de inteligencia del ni\u00f1o y de los m\u00e9todos pedag\u00f3gicos empleados.<\/p>\n<p style=\"text-align: justify;\">Sin embargo, no todos las dificultades para resolver problemas matem\u00e1ticos provienen de la discalculia. Seg\u00fan expertos de la Universidad de M\u00e1laga en esta dificultad del aprendizaje, las alteraciones del proceso de aprendizaje y del desarrollo son bastante resistentes a alg\u00fan tipo de tratamiento, de forma que \u00ab<b>si alguien con poco esfuerzo y algo de apoyo supera sus problemas con las matem\u00e1ticas<\/b>, entonces se asume que no era una discalculia sino otro tipo de factor el responsable de sus dificultades\u00bb.<\/p>\n<p style=\"text-align: justify;\">Pese a que la discalculia no tiene cura, diagnosticarla a tiempo es primordial para poner en marcha programas de intervenci\u00f3n con un especialista en trastornos del aprendizaje y minimizar las dificultades.<\/p>\n<p><a href=\"https:\/\/www.larazon.es\/autor\/cbernao\/\"><strong>C. Bernao<\/strong><\/a><\/p>\n<div class=\"article-main margin-none\">\n<header class=\"article-main__header\">\n<div class=\"multimedia\">\n<figure><figcaption><b>FOTO: La discalculia afecta \u00fanicamente al modo en que los ni\u00f1os aprenden las matem\u00e1ticas.<\/b>La Raz\u00f3n<\/p>\n<p>https:\/\/www.larazon.es\/educacion\/discalculia-trastorno-que-impide-aprender-matematicas_20231119655a552bf6ca7200012a4d25.html<\/figcaption><\/figure>\n<\/div>\n<\/header>\n<\/div>\n","protected":false},"excerpt":{"rendered":"<p>Esta dificultad del aprendizaje puede afectar a entre el 3 y el 6% de la&#8230;<\/p>\n","protected":false},"author":1,"featured_media":65035,"comment_status":"closed","ping_status":"closed","sticky":false,"template":"","format":"standard","meta":{"_coblocks_attr":"","_coblocks_dimensions":"","_coblocks_responsive_height":"","_coblocks_accordion_ie_support":"","jetpack_post_was_ever_published":false,"_jetpack_newsletter_access":"","_jetpack_dont_email_post_to_subs":false,"_jetpack_newsletter_tier_id":0,"_jetpack_memberships_contains_paywalled_content":false,"_jetpack_memberships_contains_paid_content":false,"footnotes":"","jetpack_publicize_message":"","jetpack_publicize_feature_enabled":true,"jetpack_social_post_already_shared":true,"jetpack_social_options":{"image_generator_settings":{"template":"highway","default_image_id":0,"enabled":false},"version":2}},"categories":[187,44,10],"tags":[],"class_list":["post-65034","post","type-post","status-publish","format-standard","has-post-thumbnail","hentry","category-centros-educativos","category-noticias-de-hoy","category-salud"],"jetpack_publicize_connections":[],"jetpack_featured_media_url":"https:\/\/i0.wp.com\/miradordeatarfe.es\/wp-content\/uploads\/2023\/11\/97-1.webp?fit=1600%2C900&ssl=1","jetpack_likes_enabled":true,"jetpack_sharing_enabled":true,"_links":{"self":[{"href":"https:\/\/miradordeatarfe.es\/index.php?rest_route=\/wp\/v2\/posts\/65034","targetHints":{"allow":["GET"]}}],"collection":[{"href":"https:\/\/miradordeatarfe.es\/index.php?rest_route=\/wp\/v2\/posts"}],"about":[{"href":"https:\/\/miradordeatarfe.es\/index.php?rest_route=\/wp\/v2\/types\/post"}],"author":[{"embeddable":true,"href":"https:\/\/miradordeatarfe.es\/index.php?rest_route=\/wp\/v2\/users\/1"}],"replies":[{"embeddable":true,"href":"https:\/\/miradordeatarfe.es\/index.php?rest_route=%2Fwp%2Fv2%2Fcomments&post=65034"}],"version-history":[{"count":1,"href":"https:\/\/miradordeatarfe.es\/index.php?rest_route=\/wp\/v2\/posts\/65034\/revisions"}],"predecessor-version":[{"id":65036,"href":"https:\/\/miradordeatarfe.es\/index.php?rest_route=\/wp\/v2\/posts\/65034\/revisions\/65036"}],"wp:featuredmedia":[{"embeddable":true,"href":"https:\/\/miradordeatarfe.es\/index.php?rest_route=\/wp\/v2\/media\/65035"}],"wp:attachment":[{"href":"https:\/\/miradordeatarfe.es\/index.php?rest_route=%2Fwp%2Fv2%2Fmedia&parent=65034"}],"wp:term":[{"taxonomy":"category","embeddable":true,"href":"https:\/\/miradordeatarfe.es\/index.php?rest_route=%2Fwp%2Fv2%2Fcategories&post=65034"},{"taxonomy":"post_tag","embeddable":true,"href":"https:\/\/miradordeatarfe.es\/index.php?rest_route=%2Fwp%2Fv2%2Ftags&post=65034"}],"curies":[{"name":"wp","href":"https:\/\/api.w.org\/{rel}","templated":true}]}}