{"id":65037,"date":"2023-11-22T09:17:07","date_gmt":"2023-11-22T08:17:07","guid":{"rendered":"https:\/\/miradordeatarfe.es\/?p=65037"},"modified":"2023-11-22T09:40:51","modified_gmt":"2023-11-22T08:40:51","slug":"aparcamiento-12-horas-por-25-euros-en-cuatro-parking-de-granada-hasta-despues-de-navidad","status":"publish","type":"post","link":"https:\/\/miradordeatarfe.es\/?p=65037","title":{"rendered":"Aparcamiento 12 horas por 2,5 euros en cuatro parking de Granada hasta despu\u00e9s de Navidad"},"content":{"rendered":"<h3>Ser\u00e1n unas 3.000 plazas de aparcamiento en Los C\u00e1rmenes, Alsina, Viol\u00f3n y Pedro Antonio. El objetivo es favorecer el acceso al comercio local<\/h3>\n<div class=\"mce-body \">\n<p class=\"mce\" style=\"text-align: justify;\">Los accesos al Centro de Granada son dif\u00edciles en coche, por lo que se buscan siempre alternativas desde el Ayuntamiento para intentar que se dejen los coches a las afueras y se llegue andando o en transporte p\u00fablico. Desde la anterior corporaci\u00f3n ya se hicieron convenios con parking de borde para reducir tarifas con <strong class=\"mce\">bonos de 12 horas a precios reducidos.<\/strong> Una pol\u00edtica que ha seguido el Gobierno del PP y que ya puso en marcha hace unas semanas.\u00a0<\/p>\n<p class=\"mce\" style=\"text-align: justify;\">Ahora, la novedad es que ampl\u00eda esta medida hasta despu\u00e9s de la Navidad, <strong class=\"mce\">hasta el 8 de enero,<\/strong> por lo que aparcar en cuatro parking de la ciudad tendr\u00e1 una bonificaci\u00f3n con un precio de <strong class=\"mce\">2,50 euros<\/strong> por 12 horas todos los d\u00edas de la semana.\u00a0<\/p>\n<p class=\"mce\" style=\"text-align: justify;\">Se trata de los parking de la empresa Telpark Nuevo<strong class=\"mce\"> Los C\u00e1rmenes, Viol\u00f3n y Alsina y se suma como novedad el de Pedro Antonio de Alarc\u00f3n.<\/strong>\u00a0En total el Ayuntamiento de Granada suma <strong class=\"mce\">casi 3.000 plazas<\/strong> (2.946) en las que la ciudadan\u00eda podr\u00e1 dejar el coche de forma f\u00e1cil, accesible y barata en sus desplazamientos para llevar a cabo las compras navide\u00f1as en los comercios de la ciudad.<\/p>\n<p class=\"mce\" style=\"text-align: justify;\">Con esto, se ofrece una medida para <strong class=\"mce\">favorecer el comercio local<\/strong> durante la Navidad, apostando por la promoci\u00f3n y defensa de estos negocios facilitando\u00a0lo m\u00e1ximo posible, tanto a residentes como a visitantes el acceso a la zona comercial para realizar sus compras y gestiones, mediante el estacionamiento en unas condiciones muy ventajosas evitando de esa forma adem\u00e1s la contaminaci\u00f3n producida por los veh\u00edculos que buscan aparcamiento, se inform\u00f3 desde el Ayuntamiento.<\/p>\n<p class=\"mce\" style=\"text-align: justify;\">La alcaldesa, que explic\u00f3 la medida en la presentaci\u00f3n de la campa\u00f1a del<strong class=\"mce\"> &#8216;S\u00e1bado del peque\u00f1o comercio&#8217;<\/strong>, el <em class=\"mce\">black friday<\/em> del peque\u00f1o comercio de Granada, que se celebrar\u00e1 el 25 de noviembre, fecha en la que estar\u00e1 vigente este acuerdo de aparcamiento, se mostr\u00f3\u00a0\u201cmuy agradecida\u201d tanto por el esfuerzo realizado por el \u00e1rea de Comercio, \u201ccon propuestas novedosas, que requieren de un gran esfuerzo y una enorme creatividad\u201d, como por la \u201ccapacidad de implicaci\u00f3n y colaboraci\u00f3n con el sector del peque\u00f1o y mediano comercio\u201d, ha dicho, un logro que ha considerado \u201cindispensable para avanzar en situar a nuestro comercio en referente andaluz\u201d.<\/p>\n<p>GRANADA HOY<\/p>\n<p>FOTO: El parking de Alsina es uno de ellos. <wbr \/> \/ <span class=\"source\">G. H.<\/span><\/p>\n<p>https:\/\/www.granadahoy.com\/granada\/Aparcamiento-parking-Granada-despues-Navidad_0_1849015462.html<\/p>\n<p>&nbsp;<\/p>\n<\/div>\n","protected":false},"excerpt":{"rendered":"<p>Ser\u00e1n unas 3.000 plazas de aparcamiento en Los C\u00e1rmenes, Alsina, Viol\u00f3n y Pedro Antonio. El&#8230;<\/p>\n","protected":false},"author":1,"featured_media":65038,"comment_status":"closed","ping_status":"closed","sticky":false,"template":"","format":"standard","meta":{"_coblocks_attr":"","_coblocks_dimensions":"","_coblocks_responsive_height":"","_coblocks_accordion_ie_support":"","jetpack_post_was_ever_published":false,"_jetpack_newsletter_access":"","_jetpack_dont_email_post_to_subs":false,"_jetpack_newsletter_tier_id":0,"_jetpack_memberships_contains_paywalled_content":false,"_jetpack_memberships_contains_paid_content":false,"footnotes":"","jetpack_publicize_message":"","jetpack_publicize_feature_enabled":true,"jetpack_social_post_already_shared":false,"jetpack_social_options":{"image_generator_settings":{"template":"highway","default_image_id":0,"enabled":false},"version":2}},"categories":[1161,10781,44],"tags":[],"class_list":["post-65037","post","type-post","status-publish","format-standard","has-post-thumbnail","hentry","category-ciudadania","category-granada","category-noticias-de-hoy"],"jetpack_publicize_connections":[],"jetpack_featured_media_url":"https:\/\/i0.wp.com\/miradordeatarfe.es\/wp-content\/uploads\/2023\/11\/parking-Alsina_1849025278_197223183_667x375.jpg?fit=667%2C375&ssl=1","jetpack_likes_enabled":true,"jetpack_sharing_enabled":true,"_links":{"self":[{"href":"https:\/\/miradordeatarfe.es\/index.php?rest_route=\/wp\/v2\/posts\/65037","targetHints":{"allow":["GET"]}}],"collection":[{"href":"https:\/\/miradordeatarfe.es\/index.php?rest_route=\/wp\/v2\/posts"}],"about":[{"href":"https:\/\/miradordeatarfe.es\/index.php?rest_route=\/wp\/v2\/types\/post"}],"author":[{"embeddable":true,"href":"https:\/\/miradordeatarfe.es\/index.php?rest_route=\/wp\/v2\/users\/1"}],"replies":[{"embeddable":true,"href":"https:\/\/miradordeatarfe.es\/index.php?rest_route=%2Fwp%2Fv2%2Fcomments&post=65037"}],"version-history":[{"count":1,"href":"https:\/\/miradordeatarfe.es\/index.php?rest_route=\/wp\/v2\/posts\/65037\/revisions"}],"predecessor-version":[{"id":65039,"href":"https:\/\/miradordeatarfe.es\/index.php?rest_route=\/wp\/v2\/posts\/65037\/revisions\/65039"}],"wp:featuredmedia":[{"embeddable":true,"href":"https:\/\/miradordeatarfe.es\/index.php?rest_route=\/wp\/v2\/media\/65038"}],"wp:attachment":[{"href":"https:\/\/miradordeatarfe.es\/index.php?rest_route=%2Fwp%2Fv2%2Fmedia&parent=65037"}],"wp:term":[{"taxonomy":"category","embeddable":true,"href":"https:\/\/miradordeatarfe.es\/index.php?rest_route=%2Fwp%2Fv2%2Fcategories&post=65037"},{"taxonomy":"post_tag","embeddable":true,"href":"https:\/\/miradordeatarfe.es\/index.php?rest_route=%2Fwp%2Fv2%2Ftags&post=65037"}],"curies":[{"name":"wp","href":"https:\/\/api.w.org\/{rel}","templated":true}]}}