{"id":65040,"date":"2023-11-23T09:00:26","date_gmt":"2023-11-23T08:00:26","guid":{"rendered":"https:\/\/miradordeatarfe.es\/?p=65040"},"modified":"2023-11-23T10:20:01","modified_gmt":"2023-11-23T09:20:01","slug":"los-diez-proyectos-pendientes-del-gobierno-en-granada","status":"publish","type":"post","link":"https:\/\/miradordeatarfe.es\/?p=65040","title":{"rendered":"Los diez proyectos pendientes del Gobierno en Granada"},"content":{"rendered":"<h3 class=\"v-a-sub-t\" style=\"text-align: justify;\">Superada la investidura, el Ejecutivo est\u00e1 llamado a afrontar iniciativas que la provincia aguarda desde hace muchos a\u00f1os<\/h3>\n<p class=\"v-p\" style=\"text-align: justify;\">El gobierno de Pedro S\u00e1nchez tiene tareas pendientes. La provincia lleva a\u00f1os reclamando mejoras en materia de infraestructuras, comunicaciones y desarrollo de sectores claves con los que afrontar retos como la despoblaci\u00f3n y el desempleo. Las negociaciones para la investidura han pospuesto avances en algunos de los proyectos, por lo que ahora, una vez superado el trance, se espera que se reactiven unas iniciativas vitales para Granada.<\/p>\n<div class=\"v-c-cmp v-c-cmp--t2\" style=\"text-align: justify;\">\n<div class=\"v-d-cmp-chp\">\n<header class=\"v-d-cmp-chp__h\">\n<div class=\"v-d-cmp-chp__image\"><img data-recalc-dims=\"1\" decoding=\"async\" class=\"v-d-cmp-chp__img\" src=\"https:\/\/i0.wp.com\/s3.ppllstatics.com\/ideal\/www\/multimedia\/2023\/11\/20\/soterramiento-ramon-kA0F--208x112%40Ideal.jpg?w=640&#038;ssl=1\" alt=\"Granada aspira a cerrar un convenio como el de Almer\u00eda\" data-src=\"https:\/\/s3.ppllstatics.com\/ideal\/www\/multimedia\/2023\/11\/20\/soterramiento-ramon-kA0F--208x112@Ideal.jpg\" \/><\/div>\n<div class=\"v-d-cmp-chp__c\">\n<h2 class=\"v-d-cmp-chp__pre-t\">1 <span class=\"v-d-cmp-chp__nd-pre-t\">Soterramiento<\/span><\/h2>\n<\/div>\n<h3 class=\"v-d-cmp-chp__t\">Granada aspira a cerrar un convenio como el de Almer\u00eda<\/h3>\n<\/header>\n<\/div>\n<\/div>\n<p class=\"v-p\" style=\"text-align: justify;\">De los grandes proyectos que saldr\u00e1n al paso del nuevo gobierno, el soterramiento es quiz\u00e1 el m\u00e1s candente de todos. Tanto el Ayuntamiento como la Junta lo han puesto en los \u00faltimos meses en el centro del tablero despu\u00e9s de que ambos acordaran en septiembre negociar con el Ejecutivo un convenio similar al firmado en Almer\u00eda para la integraci\u00f3n del ferrocarril. El proyecto es un viejo conocido para los dirigentes de Madrid. Los vecinos de Chana, Juventud y Pajaritos llevan d\u00e9cadas reclamando una soluci\u00f3n a la herida abierta que supone la entrada del tren en la capital. Superado el debate sobre el posible traslado de la estaci\u00f3n a otra ubicaci\u00f3n, Granada insiste en contar con una soluci\u00f3n parecida a la que tienen otras ciudades de su entorno. Fue el principal tema puesto sobre la mesa por la alcaldesa en la primera reuni\u00f3n que mantuvo con el presidente de la Junta y estar\u00e1, al menos de forma simb\u00f3lica, en las cuentas municipales. El Gobierno auton\u00f3mico tambi\u00e9n ha recogido el guante. En los presupuestos introdujo una partida de un mill\u00f3n de euros destinada a la obra. Con estas mimbres, solo falta la respuesta del Ejecutivo. Por ahora, todo apunta a unas conversaciones complicadas. El director general de Infraestructuras ya dej\u00f3 entrever que, aunque valoraba positivamente la propuesta del Ayuntamiento y la Junta, el deseo del Gobierno es buscar una f\u00f3rmula \u00abm\u00e1s simple\u00bb que la de Almer\u00eda.<\/p>\n<div class=\"v-adv  v-adv--ly\" style=\"text-align: justify;\">\n<div class=\"v-adv__item \">\n<div id=\"layer_inpage-id\" data-voc-vam=\"\" data-voc-vam-position=\"layer_inpage\" data-google-query-id=\"CPKf-YG304IDFexDQQIdA0sJsA\" data-voc-vam-displayed=\"true\">\n<div id=\"google_ads_iframe_\/4900\/vocento.ideal\/granada_4__container__\">\n<iframe id=\"google_ads_iframe_\/4900\/vocento.ideal\/granada_4\" tabindex=\"0\" title=\"3rd party ad content\" role=\"region\" name=\"google_ads_iframe_\/4900\/vocento.ideal\/granada_4\" width=\"1\" height=\"1\" frameborder=\"0\" marginwidth=\"0\" marginheight=\"0\" scrolling=\"no\" aria-label=\"Advertisement\" data-google-container-id=\"5\" data-load-complete=\"true\" data-mce-fragment=\"1\"><\/iframe><\/div>\n<\/div>\n<\/div>\n<\/div>\n<div class=\"v-c-cmp v-c-cmp--t2\" style=\"text-align: justify;\">\n<div class=\"v-d-cmp-chp\">\n<header class=\"v-d-cmp-chp__h\">\n<div class=\"v-d-cmp-chp__image\"><img data-recalc-dims=\"1\" decoding=\"async\" class=\"v-d-cmp-chp__img\" src=\"https:\/\/i0.wp.com\/s1.ppllstatics.com\/ideal\/www\/multimedia\/2023\/11\/20\/mesa-salud-publica-kA0F--208x112%40Ideal.jpg?w=640&#038;ssl=1\" alt=\"La capital debe luchar con Madrid y Arag\u00f3n por la sede\" data-src=\"https:\/\/s1.ppllstatics.com\/ideal\/www\/multimedia\/2023\/11\/20\/mesa-salud-publica-kA0F--208x112@Ideal.jpg\" \/><\/div>\n<div class=\"v-d-cmp-chp__c\">\n<h2 class=\"v-d-cmp-chp__pre-t\">2 <span class=\"v-d-cmp-chp__nd-pre-t\">Agencia de Salud P\u00fablica<\/span><\/h2>\n<\/div>\n<h3 class=\"v-d-cmp-chp__t\">La capital debe luchar con Madrid y Arag\u00f3n por la sede<\/h3>\n<\/header>\n<\/div>\n<\/div>\n<p class=\"v-p\" style=\"text-align: justify;\">La conformaci\u00f3n de gobierno permitir\u00e1 a Granada retomar otra de sus aspiraciones, la consecuci\u00f3n de la sede de la Agencia Estatal de Salud P\u00fablica. El \u00f3rgano es un compromiso del Ejecutivo, que reclam\u00f3 fondos Next Generation para impulsar una organizaci\u00f3n que permitiera al pa\u00eds afrontar con mayor capacidad futuros retos sanitarios. La carrera de la capital nazar\u00ed por albergar esta instituci\u00f3n fue lanzada por la Junta el a\u00f1o pasado, como alternativa al fracaso de la sede de la Agencia de IAl. Como argumentos principales, destac\u00f3 la fortaleza biosanitaria de Granada y la potencia investigadora que brinda la UGR. Aunque el adelanto electoral paraliz\u00f3 el proceso, la capital nazar\u00ed no ha dejado de dar pasos adelante. En los \u00faltimos meses ha impulsado un manifiesto de adhesi\u00f3n a la candidatura que ha sido firmado ya por m\u00e1s de medio centenar de instituciones p\u00fablicas y privadas. Enfrente tendr\u00e1 a colosos como Madrid o Arag\u00f3n.<\/p>\n<div class=\"v-c-cmp v-c-cmp--t2\" style=\"text-align: justify;\">\n<div class=\"v-d-cmp-chp\">\n<header class=\"v-d-cmp-chp__h\">\n<div class=\"v-d-cmp-chp__image\"><img data-recalc-dims=\"1\" decoding=\"async\" class=\"v-d-cmp-chp__img\" src=\"https:\/\/i0.wp.com\/s3.ppllstatics.com\/ideal\/www\/multimedia\/2023\/11\/20\/Rules-Javier-Martin-kA0F--208x112%40Ideal.jpg?w=640&#038;ssl=1\" alt=\"A la espera de las obras en el desglosado 9\" data-src=\"https:\/\/s3.ppllstatics.com\/ideal\/www\/multimedia\/2023\/11\/20\/Rules-Javier-Martin-kA0F--208x112@Ideal.jpg\" \/><\/div>\n<div class=\"v-d-cmp-chp__c\">\n<h2 class=\"v-d-cmp-chp__pre-t\">3 <span class=\"v-d-cmp-chp__nd-pre-t\">Rules<\/span><\/h2>\n<\/div>\n<h3 class=\"v-d-cmp-chp__t\">A la espera de las obras en el desglosado 9<\/h3>\n<\/header>\n<\/div>\n<\/div>\n<p class=\"v-p\" style=\"text-align: justify;\">El primer tramo que se va a construir es el desglosado 9, uno que solo regar\u00e1 unas 722 hect\u00e1reas, pero servir\u00e1 para abastecer de agua a 350.000 personas y las obras se adjudicaron definitivamente en octubre, el d\u00eda 27. A\u00fan no se sabe con exactitud cuando llegar\u00e1 la maquinaria pero el plazo de ejecuci\u00f3n es de 30 meses y las obras costar\u00e1n 57 millones de euros. Habr\u00e1 que esperar tres a\u00f1os para que funcione una tuber\u00eda que debi\u00f3 estar lista hace 20, cuando se termin\u00f3 de construir el embalse. A la comunidad general de regantes de Bajo Guadalfeo le comunic\u00f3 el Gobierno que las obras arrancar\u00e1n en enero de 2024. El segundo tramo que hay en redacci\u00f3n es el desglosado 3, que lleva agua al Valle de R\u00edo Verde Almu\u00f1\u00e9car, el m\u00e1s afectado por la sequ\u00eda. Todav\u00eda no tiene cuant\u00eda econ\u00f3mica pero se estima que ser\u00e1 tambi\u00e9n unos 60 millones de euros. El 3 sigue en evaluaci\u00f3n ambiental, el proyecto ya est\u00e1 redactado. Se remiti\u00f3 a evaluaci\u00f3n ambiental en verano. No deber\u00eda tardar porque la Declaraci\u00f3n de Impacto Ambiental global para el proyecto ya se aprob\u00f3 en diciembre de 2020. El Gobierno comprometi\u00f3 en los presupuestos 105 millones, una inversi\u00f3n que ahora deber\u00e1 cumplir. La duda es si el 3 se podr\u00e1 financiar con fondos europeos porque lleva retraso. De los otros nueve tramos que quedan por hacer todav\u00eda no hay proyecto constructivo, pero el Gobierno se comprometi\u00f3 a redactarlos todos a la vez.<\/p>\n<div class=\"v-c-cmp v-c-cmp--t2\" style=\"text-align: justify;\">\n<div class=\"v-d-cmp-chp\">\n<header class=\"v-d-cmp-chp__h\">\n<div class=\"v-d-cmp-chp__image\"><img data-recalc-dims=\"1\" decoding=\"async\" class=\"v-d-cmp-chp__img\" src=\"https:\/\/i0.wp.com\/s1.ppllstatics.com\/ideal\/www\/multimedia\/2023\/11\/20\/presentacion-adialab-kA0F--208x112%40Ideal.jpg?w=640&#038;ssl=1\" alt=\"El Consejo de Ministros debe desbloquear la financiaci\u00f3n\" data-src=\"https:\/\/s1.ppllstatics.com\/ideal\/www\/multimedia\/2023\/11\/20\/presentacion-adialab-kA0F--208x112@Ideal.jpg\" \/><\/div>\n<div class=\"v-d-cmp-chp__c\">\n<h2 class=\"v-d-cmp-chp__pre-t\">4 <span class=\"v-d-cmp-chp__nd-pre-t\">ADIA Lab<\/span><\/h2>\n<\/div>\n<h3 class=\"v-d-cmp-chp__t\">El Consejo de Ministros debe desbloquear la financiaci\u00f3n<\/h3>\n<\/header>\n<\/div>\n<\/div>\n<p class=\"v-p\" style=\"text-align: justify;\">El aterrizaje de Adia Lab en Granada es otro de los proyectos pendiente. El Ejecutivo sigue sin aprobar los cuatro millones de euros comprometidos en mayo, cuando present\u00f3 a bombo y platillo junto a representantes de Emiratos \u00c1rabes Unidos, el pa\u00eds promotor, una iniciativa llamada a ser la punta de lanza tecnol\u00f3gica de la ciudad. En febrero, el presidente S\u00e1nchez mantuvo un encuentro con el pr\u00edncipe de Abu Dhabi para pactar la puesta en marcha de un centro de investigaci\u00f3n sobre tecnolog\u00edas disruptoras. La secretaria de Estado Carme Artigas sugiri\u00f3 la posibilidad de que Granada fuera sede. En mayo, el convenio se firm\u00f3 en el Cuarto Real. Entonces se manifest\u00f3 el compromiso de financiar parte del aterrizaje con fondos que deb\u00edan ser aprobados por el Consejo de Ministros. El adelanto electoral paraliz\u00f3 la operaci\u00f3n. En octubre, IDEAL contact\u00f3 con la Subdelegaci\u00f3n para conocer la situaci\u00f3n del expediente y si se esperaba que la partida fuese aprobada a corto plazo. La instituci\u00f3n no respondi\u00f3.<\/p>\n<div class=\"v-c-cmp v-c-cmp--t2\" style=\"text-align: justify;\">\n<div class=\"v-d-cmp-chp\">\n<header class=\"v-d-cmp-chp__h\">\n<div class=\"v-d-cmp-chp__image\"><img data-recalc-dims=\"1\" decoding=\"async\" class=\"v-d-cmp-chp__img\" src=\"https:\/\/i0.wp.com\/s3.ppllstatics.com\/ideal\/www\/multimedia\/2023\/11\/20\/cetarsa-kA0F--208x112%40Ideal.jpg?w=640&#038;ssl=1\" alt=\"La restauraci\u00f3n de las instalaciones, a punto\" data-src=\"https:\/\/s3.ppllstatics.com\/ideal\/www\/multimedia\/2023\/11\/20\/cetarsa-kA0F--208x112@Ideal.jpg\" \/><\/div>\n<div class=\"v-d-cmp-chp__c\">\n<h2 class=\"v-d-cmp-chp__pre-t\">5 <span class=\"v-d-cmp-chp__nd-pre-t\">Cetarsa<\/span><\/h2>\n<\/div>\n<h3 class=\"v-d-cmp-chp__t\">La restauraci\u00f3n de las instalaciones, a punto<\/h3>\n<\/header>\n<\/div>\n<\/div>\n<p class=\"v-p\" style=\"text-align: justify;\">Es, quiz\u00e1, uno de los m\u00e1s avanzados, aunque por ahora las obras siguen sin arrancar. Este proyecto, que pretende el desarrollo de un &#8216;hub digital&#8217;, fue impulsado en el mandato anterior por el Ayuntamiento, el Gobierno y el C\u00edrculo Tecnol\u00f3gico. El anterior gobierno local se comprometi\u00f3 a colaborar con el sector para buscar asiento a empresas. El Ejecutivo deb\u00eda renovar el edificio con una inversi\u00f3n superior al mill\u00f3n de euros. Aunque el Gobierno no ha dado pistas, las fuentes consultadas s\u00ed han confirmado que las reuniones han continuado estos meses y que todo avanza seg\u00fan lo programado, por lo que se espera que sea uno de los primeros temas a abordar.<\/p>\n<div class=\"v-c-cmp v-c-cmp--t2\" style=\"text-align: justify;\">\n<div class=\"v-d-cmp-chp\">\n<header class=\"v-d-cmp-chp__h\">\n<div class=\"v-d-cmp-chp__image\"><img data-recalc-dims=\"1\" decoding=\"async\" class=\"v-d-cmp-chp__img\" src=\"https:\/\/i0.wp.com\/s2.ppllstatics.com\/ideal\/www\/multimedia\/2023\/11\/20\/variante-loja-kA0F--208x112%40Ideal.jpg?w=640&#038;ssl=1\" alt=\"La provincia aguarda el avance en el tramo de Salar\" data-src=\"https:\/\/s2.ppllstatics.com\/ideal\/www\/multimedia\/2023\/11\/20\/variante-loja-kA0F--208x112@Ideal.jpg\" \/><\/div>\n<div class=\"v-d-cmp-chp__c\">\n<h2 class=\"v-d-cmp-chp__pre-t\">6 <span class=\"v-d-cmp-chp__nd-pre-t\">Variante de Loja<\/span><\/h2>\n<\/div>\n<h3 class=\"v-d-cmp-chp__t\">La provincia aguarda el avance en el tramo de Salar<\/h3>\n<\/header>\n<\/div>\n<\/div>\n<p class=\"v-p\" style=\"text-align: justify;\">El impulso definitivo de la variante de Loja sigue siendo uno de los principales deberes pendientes del Ejecutivo. Aunque hace unas semanas sac\u00f3 a licitaci\u00f3n el tramo de Riofr\u00edo, la tramitaci\u00f3n se realiz\u00f3 con meses de retraso y sin conllevar avances en el resto de partes pendientes. El nuevo Gobierno deber\u00e1 reactivar los tramos m\u00e1s cercanos a Salar, que est\u00e1n a\u00fan pendiente de que se culminen las expropiaciones y se finalicen las catas arqueol\u00f3gicas necesarias para su ejecuci\u00f3n. Son los \u00faltimos detalles de una iniciativa que lleva Granada demasiado tiempo esperando y que tiene efecto sobre otro de los &#8216;debes&#8217; del Ejecutivo, la mejora de la frecuencia. Esta demanda lleva a\u00f1os sobre la mesa de los diferentes gobiernos que se han sucedido y estaba entre las principales del listado que la Mesa de Granada que impuls\u00f3 el anterior alcalde marc\u00f3 como objetivo irrenunciables para la provincia. Las quejas se han seguido sucediendo en los \u00faltimos meses y as\u00ed ha sido trasladado tanto por la nueva regidora de la capital como por el presidente de la Diputaci\u00f3n. Los viajes dest\u00e1n aumentando los tiempos en lugar de reducirlos y la reducci\u00f3n de frecuencias est\u00e1 perjudicando a sectores como el tur\u00edstico.<\/p>\n<div class=\"v-c-cmp v-c-cmp--t2\" style=\"text-align: justify;\">\n<div class=\"v-d-cmp-chp\">\n<header class=\"v-d-cmp-chp__h\">\n<div class=\"v-d-cmp-chp__image\"><img data-recalc-dims=\"1\" decoding=\"async\" class=\"v-d-cmp-chp__img\" src=\"https:\/\/i0.wp.com\/s3.ppllstatics.com\/ideal\/www\/multimedia\/2023\/11\/20\/Protestas-ultimo-tren-kA0F--208x112%40Ideal.jpg?w=640&#038;ssl=1\" alt=\"Un estudio informativo que no termina de acabarse\" data-src=\"https:\/\/s3.ppllstatics.com\/ideal\/www\/multimedia\/2023\/11\/20\/Protestas-ultimo-tren-kA0F--208x112@Ideal.jpg\" \/><\/div>\n<div class=\"v-d-cmp-chp__c\">\n<h2 class=\"v-d-cmp-chp__pre-t\">7 <span class=\"v-d-cmp-chp__nd-pre-t\">Guadix-Baza-Lorca<\/span><\/h2>\n<\/div>\n<h3 class=\"v-d-cmp-chp__t\">Un estudio informativo que no termina de acabarse<\/h3>\n<\/header>\n<\/div>\n<\/div>\n<p class=\"v-p\" style=\"text-align: justify;\">La Guadix-Baza-Lorca es otra de las demandas de Granada. Se trata de una de las conexiones m\u00e1s reclamadas por el impacto para algunas de las comarcas m\u00e1s afectadas por la despoblaci\u00f3n. El Gobierno se comprometi\u00f3 a realizar estudios para su reapertura, pero el avance no ha sido todo lo \u00e1gil que se esperaba. Recientemente el grupo parlamentario Sumar se interes\u00f3 en el Congreso por el estado del estudio informativo sobre el que trabaja Transporte. La respuesta del Ejecutivo, seg\u00fan desvel\u00f3 la formaci\u00f3n, revel\u00f3 que, a finales de octubre, a\u00fan no se hab\u00edan podido extraer \u00ablas primeras conclusiones\u00bb respecto a la viabilidad t\u00e9cnica, ambiental y econ\u00f3mica de los trazados planteados en 2017, cuando se propusieron alternativas para el corredor.<\/p>\n<div class=\"v-c-cmp v-c-cmp--t2\" style=\"text-align: justify;\">\n<div class=\"v-d-cmp-chp\">\n<header class=\"v-d-cmp-chp__h\">\n<div class=\"v-d-cmp-chp__image\"><img data-recalc-dims=\"1\" decoding=\"async\" class=\"v-d-cmp-chp__img\" src=\"https:\/\/i0.wp.com\/s2.ppllstatics.com\/ideal\/www\/multimedia\/2023\/11\/20\/espigones-kA0F--208x112%40Ideal.jpg?w=640&#038;ssl=1\" alt=\"Otro verano m\u00e1s sin espigones en las playas de Granada\" data-src=\"https:\/\/s2.ppllstatics.com\/ideal\/www\/multimedia\/2023\/11\/20\/espigones-kA0F--208x112@Ideal.jpg\" \/><\/div>\n<div class=\"v-d-cmp-chp__c\">\n<h2 class=\"v-d-cmp-chp__pre-t\">8 <span class=\"v-d-cmp-chp__nd-pre-t\">Espigones<\/span><\/h2>\n<\/div>\n<h3 class=\"v-d-cmp-chp__t\">Otro verano m\u00e1s sin espigones en las playas de Granada<\/h3>\n<\/header>\n<\/div>\n<\/div>\n<p class=\"v-p\" style=\"text-align: justify;\">La Costa asume que afrontar\u00e1 un nuevo verano sin espigones en sus playas tras los reiterados retrasos del Gobierno. Las perspectivas eran que en 2022 se sacara a concurso la adjudicaci\u00f3n de las obras de las seis escolleras previstas. El sue\u00f1o de que este a\u00f1o las playas de Granada cuenten con sus defensas es irrealizable, mientras que la \u00fanica escollera que podr\u00eda ejecutarse en 2024, la de Playa Granada, sigue sin licitarse. De los otros cinco proyectos, el de Salobre\u00f1a lleva un a\u00f1o ya atascado en su tramitaci\u00f3n ambiental, mientras que la regeneraci\u00f3n de la playa de Polopos-La Mamola se desaconsej\u00f3 por Transici\u00f3n Ecol\u00f3gica este verano. Los otros tres proyectos restantes, uno en Castell de Ferro y dos en Albu\u00f1ol, que ya estaban redactados tendr\u00e1n que volver a empezar de cero tras detectar cambios en la din\u00e1mica de las playas.<\/p>\n<div class=\"v-c-cmp v-c-cmp--t2\" style=\"text-align: justify;\">\n<div class=\"v-d-cmp-chp\">\n<header class=\"v-d-cmp-chp__h\">\n<div class=\"v-d-cmp-chp__image\"><img data-recalc-dims=\"1\" decoding=\"async\" class=\"v-d-cmp-chp__img\" src=\"https:\/\/i0.wp.com\/s2.ppllstatics.com\/ideal\/www\/multimedia\/2023\/11\/20\/turista-arqueologico-kA0F--208x112%40Ideal.jpg?w=640&#038;ssl=1\" alt=\"Cinco a\u00f1os sin avances en la restauraci\u00f3n pendiente\" data-src=\"https:\/\/s2.ppllstatics.com\/ideal\/www\/multimedia\/2023\/11\/20\/turista-arqueologico-kA0F--208x112@Ideal.jpg\" \/><\/div>\n<div class=\"v-d-cmp-chp__c\">\n<h2 class=\"v-d-cmp-chp__pre-t\">9 <span class=\"v-d-cmp-chp__nd-pre-t\">Museo Arqueol\u00f3gico<\/span><\/h2>\n<\/div>\n<h3 class=\"v-d-cmp-chp__t\">Cinco a\u00f1os sin avances en la restauraci\u00f3n pendiente<\/h3>\n<\/header>\n<\/div>\n<\/div>\n<p class=\"v-p\" style=\"text-align: justify;\">La restauraci\u00f3n del Museo Arqueol\u00f3gico es otro de los proyectos pendientes. Aunque las instalaciones se reabrieron en 2018, se trat\u00f3 de una puesta en marcha parcial. Las salas disponibles apenas permiten mostrar una peque\u00f1\u00edsima parte de la colecci\u00f3n y queda por restaurar el resto del palacio para, al menos, poder exponer todo lo que se expon\u00eda antes de que la ca\u00edda de un cascote obligara a cerrar el museo durante diez a\u00f1os. Las previsiones sobre esta obra no son halag\u00fce\u00f1as. No hay partidas en los presupuestos de la \u00faltima legislatura.<\/p>\n<div class=\"v-c-cmp v-c-cmp--t2\" style=\"text-align: justify;\">\n<div class=\"v-d-cmp-chp\">\n<header class=\"v-d-cmp-chp__h\">\n<div class=\"v-d-cmp-chp__image\"><img data-recalc-dims=\"1\" decoding=\"async\" class=\"v-d-cmp-chp__img\" src=\"https:\/\/i0.wp.com\/s1.ppllstatics.com\/ideal\/www\/multimedia\/2023\/11\/20\/obras-autovia-cordoba-kA0F--208x112%40Ideal.jpg?w=640&#038;ssl=1\" alt=\"Arrancan las obras en el tramo entre Atarfe y Granada\" data-src=\"https:\/\/s1.ppllstatics.com\/ideal\/www\/multimedia\/2023\/11\/20\/obras-autovia-cordoba-kA0F--208x112@Ideal.jpg\" \/><\/div>\n<div class=\"v-d-cmp-chp__c\">\n<h2 class=\"v-d-cmp-chp__pre-t\">10 <span class=\"v-d-cmp-chp__nd-pre-t\">Autov\u00eda de Badajoz<\/span><\/h2>\n<\/div>\n<h3 class=\"v-d-cmp-chp__t\">Arrancan las obras en el tramo entre Atarfe y Granada<\/h3>\n<\/header>\n<\/div>\n<\/div>\n<p class=\"v-p\" style=\"text-align: justify;\">La autov\u00eda de Badajoz-Granada tambi\u00e9n est\u00e1 pendiente. No obstante, al igual que ocurre con Cetarsa, su avance no se ha detenido del todo mientras el Ejecutivo estaba en funciones. De hecho, esta semana pasada se iniciaron los trabajos finalmente en el tramo entre Atarfe y la capital. Por ahora, seg\u00fan detall\u00f3 la Subdelegaci\u00f3n en una nota, se est\u00e1 realizando el desbroce y la preparaci\u00f3n de la zona. Se espera que esta parte de la autov\u00eda culmine en algo m\u00e1s de un a\u00f1o y medio. El estado de avance del resto de la v\u00eda, que seguir\u00e1 el trazado de la nacional que conecta con C\u00f3rdoba, es mucho menor. La mayor parte de los tramos que conectan con la capital cordobesa se encuentran a\u00fan en diferentes etapas administrativas, por lo que el inicio de las obras se antoja a\u00fan lejano.<\/p>\n<p style=\"text-align: justify;\"><a href=\"https:\/\/www.ideal.es\/autor\/pablo-rodriguez-369.html\"><strong>Pablo Rodr\u00edguez<\/strong><\/a><\/p>\n<article class=\"v-a v-a--d v-a--d-bs v-a--p-b\">\n<div class=\"v-a-img-c v-a-img-c--fw-xs\">\n<figure class=\"v-a-fig\"><figcaption class=\"v-fc\"><span class=\"v-fc__text\">FOTO: Acceso del AVE a Granada que se quiere soterrar.<\/span> <span class=\"v-fc__ath\">RAM\u00d3N L. P\u00c9REZ<\/span><\/figcaption><\/figure>\n<\/div>\n<div class=\"v-a-info-c \">\u00a0<\/div>\n<\/article>\n<div class=\"v-d v-d--ab-c v-d--bs\">\n<div class=\"v-mdl-ath\" data-voc-component=\"viewport-not-visible\">\n<div class=\"v-mdl-ath__c v-mdl-ath__c--1\">\n<figure class=\"v-mdl-ath__fig\">https:\/\/www.ideal.es\/granada\/diez-proyectos-pendientes-gobierno-granada-20231120000020-nt.html<\/figure>\n<div class=\"v-mdl-ath__info\">\n<p class=\"v-mdl-ath__p v-mdl-ath__p--name\">\u00a0<\/p>\n<\/div>\n<\/div>\n<\/div>\n<\/div>\n","protected":false},"excerpt":{"rendered":"<p>Superada la investidura, el Ejecutivo est\u00e1 llamado a afrontar iniciativas que la provincia aguarda desde&#8230;<\/p>\n","protected":false},"author":1,"featured_media":65041,"comment_status":"closed","ping_status":"closed","sticky":false,"template":"","format":"standard","meta":{"_coblocks_attr":"","_coblocks_dimensions":"","_coblocks_responsive_height":"","_coblocks_accordion_ie_support":"","jetpack_post_was_ever_published":false,"_jetpack_newsletter_access":"","_jetpack_dont_email_post_to_subs":false,"_jetpack_newsletter_tier_id":0,"_jetpack_memberships_contains_paywalled_content":false,"_jetpack_memberships_contains_paid_content":false,"footnotes":"","jetpack_publicize_message":"","jetpack_publicize_feature_enabled":true,"jetpack_social_post_already_shared":false,"jetpack_social_options":{"image_generator_settings":{"template":"highway","default_image_id":0,"enabled":false},"version":2}},"categories":[1161,10781,44,7671],"tags":[],"class_list":["post-65040","post","type-post","status-publish","format-standard","has-post-thumbnail","hentry","category-ciudadania","category-granada","category-noticias-de-hoy","category-politica"],"jetpack_publicize_connections":[],"jetpack_featured_media_url":"https:\/\/i0.wp.com\/miradordeatarfe.es\/wp-content\/uploads\/2023\/11\/ave-chana-kA0F-U210772266160gAC-1200x840%40Ideal.webp?fit=1200%2C840&ssl=1","jetpack_likes_enabled":true,"jetpack_sharing_enabled":true,"_links":{"self":[{"href":"https:\/\/miradordeatarfe.es\/index.php?rest_route=\/wp\/v2\/posts\/65040","targetHints":{"allow":["GET"]}}],"collection":[{"href":"https:\/\/miradordeatarfe.es\/index.php?rest_route=\/wp\/v2\/posts"}],"about":[{"href":"https:\/\/miradordeatarfe.es\/index.php?rest_route=\/wp\/v2\/types\/post"}],"author":[{"embeddable":true,"href":"https:\/\/miradordeatarfe.es\/index.php?rest_route=\/wp\/v2\/users\/1"}],"replies":[{"embeddable":true,"href":"https:\/\/miradordeatarfe.es\/index.php?rest_route=%2Fwp%2Fv2%2Fcomments&post=65040"}],"version-history":[{"count":1,"href":"https:\/\/miradordeatarfe.es\/index.php?rest_route=\/wp\/v2\/posts\/65040\/revisions"}],"predecessor-version":[{"id":65042,"href":"https:\/\/miradordeatarfe.es\/index.php?rest_route=\/wp\/v2\/posts\/65040\/revisions\/65042"}],"wp:featuredmedia":[{"embeddable":true,"href":"https:\/\/miradordeatarfe.es\/index.php?rest_route=\/wp\/v2\/media\/65041"}],"wp:attachment":[{"href":"https:\/\/miradordeatarfe.es\/index.php?rest_route=%2Fwp%2Fv2%2Fmedia&parent=65040"}],"wp:term":[{"taxonomy":"category","embeddable":true,"href":"https:\/\/miradordeatarfe.es\/index.php?rest_route=%2Fwp%2Fv2%2Fcategories&post=65040"},{"taxonomy":"post_tag","embeddable":true,"href":"https:\/\/miradordeatarfe.es\/index.php?rest_route=%2Fwp%2Fv2%2Ftags&post=65040"}],"curies":[{"name":"wp","href":"https:\/\/api.w.org\/{rel}","templated":true}]}}