{"id":65056,"date":"2023-11-22T09:11:59","date_gmt":"2023-11-22T08:11:59","guid":{"rendered":"https:\/\/miradordeatarfe.es\/?p=65056"},"modified":"2023-11-22T09:40:01","modified_gmt":"2023-11-22T08:40:01","slug":"los-retos-de-la-reelegida-alegria","status":"publish","type":"post","link":"https:\/\/miradordeatarfe.es\/?p=65056","title":{"rendered":"Los retos de la reelegida Alegr\u00eda"},"content":{"rendered":"<h3 style=\"text-align: justify;\">Tras varias jornadas de quinielas, de baile de nombres y de incertidumbre, <a href=\"http:\/\/t.newsletter.elpais.com\/r\/?id=h77dd344e,c2bbd44,4c1f011&amp;p1=educacion_2023.11.20&amp;p2=educacion_2023.11.20\" target=\"_blank\" rel=\"noopener\" data-saferedirecturl=\"https:\/\/www.google.com\/url?q=http:\/\/t.newsletter.elpais.com\/r\/?id%3Dh77dd344e,c2bbd44,4c1f011%26p1%3Deducacion_2023.11.20%26p2%3Deducacion_2023.11.20&amp;source=gmail&amp;ust=1700656945986000&amp;usg=AOvVaw1pnpa3XKJPJVxGoYj52ayO\">Pilar Alegr\u00eda ha sido reelegida como ministra de Educaci\u00f3n<\/a> en el nuevo Gobierno de Pedro S\u00e1nchez. Una apuesta por la continuidad.<\/h3>\n<p class=\"a_st\">La dirigente socialista se incorpor\u00f3 al Ejecutivo en 2021 para continuar la reforma educativa iniciada por su predecesora, Cela\u00e1, y pacificar el mundo de la ense\u00f1anza, y en el \u00faltimo a\u00f1o ha sido, adem\u00e1s, una de las referentes del PSOE<\/p>\n<p style=\"text-align: justify;\">La zaragozana de 46 a\u00f1os repite en una cartera donde tambi\u00e9n se incluir\u00e1n las competencias de Deporte y ha sido nombrada portavoz del Gobierno, un cargo de notable relevancia que corrobora su ascenso en el partido. <a href=\"http:\/\/t.newsletter.elpais.com\/r\/?id=h77dd344e,c2bbd44,4c1f012&amp;p1=educacion_2023.11.20&amp;p2=educacion_2023.11.20\" target=\"_blank\" rel=\"noopener\" data-saferedirecturl=\"https:\/\/www.google.com\/url?q=http:\/\/t.newsletter.elpais.com\/r\/?id%3Dh77dd344e,c2bbd44,4c1f012%26p1%3Deducacion_2023.11.20%26p2%3Deducacion_2023.11.20&amp;source=gmail&amp;ust=1700656945986000&amp;usg=AOvVaw05UIARdP9hGLnsxUdNvjdR\">En 2021, S\u00e1nchez le encarg\u00f3 dirigir el Ministerio de Educaci\u00f3n<\/a> para pacificar el conflicto con la escuela concertada y privada tras la aprobaci\u00f3n de la LOMLOE, que gener\u00f3 una fuerte movilizaci\u00f3n de la derecha, y para culminar la aplicaci\u00f3n de la ley, que se ha instaurado progresivamente por cursos. En 2022, satisfecho con su perfil dialogante, el presidente del Gobierno la eligi\u00f3 para encargarse de la portavoc\u00eda del PSOE. Veamos a qu\u00e9 retos se enfrenta Alegr\u00eda en esta nueva legislatura.\u00a0<\/p>\n<p style=\"text-align: justify;\">\u200c<strong>El primero<\/strong> de ellos es la reforma del profesorado. Esta modificaci\u00f3n, que lleva atascada desde hace m\u00e1s de una d\u00e9cada, pretende incidir tanto en la formaci\u00f3n inicial del cuerpo de docentes como en el modo de incorporarse al trabajo y en la carrera profesional. En la propuesta presentada por Educaci\u00f3n a principios de 2022, cuando Alegr\u00eda ya ocupaba la direcci\u00f3n de la cartera, se baraj\u00f3 la posibilidad de introducir ex\u00e1menes para entrar en las carreras de Magisterio (educaci\u00f3n infantil y primaria), as\u00ed como nuevos requisitos para acceder al m\u00e1ster de profesorado de secundaria (habilitante para poder impartir clases). Adem\u00e1s, se abri\u00f3 la puerta a cambiar el modelo de oposici\u00f3n para actualizar el temario y a realizar una evaluaci\u00f3n de la labor de los docentes, cuya superaci\u00f3n supondr\u00eda mejoras salariales. La propuesta <a href=\"http:\/\/t.newsletter.elpais.com\/r\/?id=h77dd344e,c2bbd44,4c1f013&amp;p1=educacion_2023.11.20&amp;p2=educacion_2023.11.20\" target=\"_blank\" rel=\"noopener\" data-saferedirecturl=\"https:\/\/www.google.com\/url?q=http:\/\/t.newsletter.elpais.com\/r\/?id%3Dh77dd344e,c2bbd44,4c1f013%26p1%3Deducacion_2023.11.20%26p2%3Deducacion_2023.11.20&amp;source=gmail&amp;ust=1700656945986000&amp;usg=AOvVaw0GVTcHWDQ4jckwva38F49M\">no fue recibida con gran entusiasmo por parte del profesorado<\/a> y fue calificada de <a href=\"http:\/\/t.newsletter.elpais.com\/r\/?id=h77dd344e,c2bbd44,4c1f014&amp;p1=educacion_2023.11.20&amp;p2=educacion_2023.11.20\" target=\"_blank\" rel=\"noopener\" data-saferedirecturl=\"https:\/\/www.google.com\/url?q=http:\/\/t.newsletter.elpais.com\/r\/?id%3Dh77dd344e,c2bbd44,4c1f014%26p1%3Deducacion_2023.11.20%26p2%3Deducacion_2023.11.20&amp;source=gmail&amp;ust=1700656945986000&amp;usg=AOvVaw3tK_At0gQa73fR1UBtJ5yM\">\u201cinsuficiente y difusa\u201d por los sindicatos.<\/a><\/p>\n<p style=\"text-align: justify;\">\u200c<strong>El segundo<\/strong> desaf\u00edo consiste en aplicar <a href=\"http:\/\/t.newsletter.elpais.com\/r\/?id=h77dd344e,c2bbd44,4c1f015&amp;p1=educacion_2023.11.20&amp;p2=educacion_2023.11.20\" target=\"_blank\" rel=\"noopener\" data-saferedirecturl=\"https:\/\/www.google.com\/url?q=http:\/\/t.newsletter.elpais.com\/r\/?id%3Dh77dd344e,c2bbd44,4c1f015%26p1%3Deducacion_2023.11.20%26p2%3Deducacion_2023.11.20&amp;source=gmail&amp;ust=1700656945986000&amp;usg=AOvVaw0s7vJPZmDkQ1miEJZLAVNq\">el nuevo examen de selectivo dise\u00f1ado en la LOMLOE,<\/a> tras varias intentonas que no terminan de concretarse. En la \u00faltima, la de 2023, el adelanto electoral al mes de julio fren\u00f3 la aprobaci\u00f3n de la nueva Selectividad, ya que los servicios jur\u00eddicos del Gobierno concluyeron que, estando en funciones, el Ejecutivo no pod\u00eda aprobar decretos. La nueva prueba busca que los estudiantes tengan que razonar m\u00e1s y repetir menos contenidos memorizados, con el objetivo de que el sistema educativo se dirija hacia una ense\u00f1anza m\u00e1s competencial. En principio, este nuevo modelo se legislar\u00e1 ahora para que empiece a funcionar en el verano de 2025.\u00a0<\/p>\n<p style=\"text-align: justify;\">\u200c<strong>Un tercer<\/strong> objetivo ser\u00e1 <a href=\"http:\/\/t.newsletter.elpais.com\/r\/?id=h77dd344e,c2bbd44,4c1f016&amp;p1=educacion_2023.11.20&amp;p2=educacion_2023.11.20\" target=\"_blank\" rel=\"noopener\" data-saferedirecturl=\"https:\/\/www.google.com\/url?q=http:\/\/t.newsletter.elpais.com\/r\/?id%3Dh77dd344e,c2bbd44,4c1f016%26p1%3Deducacion_2023.11.20%26p2%3Deducacion_2023.11.20&amp;source=gmail&amp;ust=1700656945986000&amp;usg=AOvVaw1LmXc-3gb6TJ95Gk2W2Ka8\">la aprobaci\u00f3n definitiva de la Ley de Ense\u00f1anzas Art\u00edsticas,<\/a> tambi\u00e9n paralizada por las elecciones generales, que conllevar\u00e1 la creaci\u00f3n de un cuerpo de profesores de Ense\u00f1anzas Art\u00edsticas Superiores y de un cuerpo de catedr\u00e1ticos de esta misma rama. As\u00ed, se fomentar\u00e1n las labores de investigaci\u00f3n del profesorado y le permitir\u00e1 compaginar sus funciones con su respectiva disciplina art\u00edstica. Adem\u00e1s, abre las puertas a una mayor flexibilidad para que el alumnado pueda compaginar los estudios con su pr\u00e1ctica art\u00edstica.\u00a0<\/p>\n<p style=\"text-align: justify;\">\u200c<strong>Por \u00faltimo<\/strong>, Alegr\u00eda y su equipo deber\u00e1n gestionar <a href=\"http:\/\/t.newsletter.elpais.com\/r\/?id=h77dd344e,c2bbd44,4c1f017&amp;p1=educacion_2023.11.20&amp;p2=educacion_2023.11.20\" target=\"_blank\" rel=\"noopener\" data-saferedirecturl=\"https:\/\/www.google.com\/url?q=http:\/\/t.newsletter.elpais.com\/r\/?id%3Dh77dd344e,c2bbd44,4c1f017%26p1%3Deducacion_2023.11.20%26p2%3Deducacion_2023.11.20&amp;source=gmail&amp;ust=1700656945986000&amp;usg=AOvVaw3Ag34LoZp7zMNTGM4iyTr3\">la integraci\u00f3n de la inteligencia artificial generativa en el mundo educativo.<\/a> La irrupci\u00f3n abrupta de Chat GPT hace un a\u00f1o en la vida p\u00fablica hace necesaria la adaptaci\u00f3n a esta nueva tecnolog\u00eda para que, tanto profesores como alumnos, aprendan a hacer un uso razonable de ella. Porque la inteligencia artificial generativa va a ser transversal en todas las asignaturas. <a href=\"http:\/\/t.newsletter.elpais.com\/r\/?id=h77dd344e,c2bbd44,4c1f018&amp;p1=educacion_2023.11.20&amp;p2=educacion_2023.11.20\" target=\"_blank\" rel=\"noopener\" data-saferedirecturl=\"https:\/\/www.google.com\/url?q=http:\/\/t.newsletter.elpais.com\/r\/?id%3Dh77dd344e,c2bbd44,4c1f018%26p1%3Deducacion_2023.11.20%26p2%3Deducacion_2023.11.20&amp;source=gmail&amp;ust=1700656945986000&amp;usg=AOvVaw1CpTKWm5GhSOJgZHiyCwFO\">En un art\u00edculo publicado esta semana,<\/a> el peri\u00f3dico se preguntaba si era una aliada o una adversaria en el aprendizaje de idiomas.\u00a0<\/p>\n<p>Rese\u00f1a del PAIS<\/p>\n<p><strong><a class=\"a_md_a_n\" title=\"Ver todas las noticias de Ignacio Zafra\" href=\"https:\/\/elpais.com\/autor\/ignacio-zafra\/#?rel=author_top\" data-mrf-link=\"https:\/\/elpais.com\/autor\/ignacio-zafra\/\">Ignacio Zafra<\/a><\/strong><\/p>\n<header class=\"a_e _g _g-xs\">\n<div class=\"a_e_m\">\n<figure class=\"a_m a_m-h \"><figcaption class=\"a_m_p\">FOTO: Pilar Alegr\u00eda, en el Ministerio de Educaci\u00f3n, en agosto del a\u00f1o pasado.<span class=\"a_m_m\">Luis Sevillano<\/span><\/figcaption><\/figure>\n<\/div>\n<\/header>\n<div class=\"a_md _g _g-xs \">\n<figure class=\"a_md_i a_m-h c_m--nf\"><span class=\"a_m_w _db\">\u00a0<\/span><\/figure>\n<div class=\"a_md_txt\">\n<div class=\"a_md_a\" data-dtm-region=\"articulo_firma\">\u00a0<\/div>\n<\/div>\n<\/div>\n","protected":false},"excerpt":{"rendered":"<p>Tras varias jornadas de quinielas, de baile de nombres y de incertidumbre, Pilar Alegr\u00eda ha&#8230;<\/p>\n","protected":false},"author":1,"featured_media":65057,"comment_status":"closed","ping_status":"closed","sticky":false,"template":"","format":"standard","meta":{"_coblocks_attr":"","_coblocks_dimensions":"","_coblocks_responsive_height":"","_coblocks_accordion_ie_support":"","jetpack_post_was_ever_published":false,"_jetpack_newsletter_access":"","_jetpack_dont_email_post_to_subs":false,"_jetpack_newsletter_tier_id":0,"_jetpack_memberships_contains_paywalled_content":false,"_jetpack_memberships_contains_paid_content":false,"footnotes":"","jetpack_publicize_message":"","jetpack_publicize_feature_enabled":true,"jetpack_social_post_already_shared":true,"jetpack_social_options":{"image_generator_settings":{"template":"highway","default_image_id":0,"enabled":false},"version":2}},"categories":[187,1161,44,7671],"tags":[],"class_list":["post-65056","post","type-post","status-publish","format-standard","has-post-thumbnail","hentry","category-centros-educativos","category-ciudadania","category-noticias-de-hoy","category-politica"],"jetpack_publicize_connections":[],"jetpack_featured_media_url":"https:\/\/i0.wp.com\/miradordeatarfe.es\/wp-content\/uploads\/2023\/11\/Screenshot-2023-11-21-at-14-14-19-Pilar-Alegria-la-ministra-de-Educacion-que-gana-peso-con-la-portavocia-del-Gobierno.png?fit=429%2C394&ssl=1","jetpack_likes_enabled":true,"jetpack_sharing_enabled":true,"_links":{"self":[{"href":"https:\/\/miradordeatarfe.es\/index.php?rest_route=\/wp\/v2\/posts\/65056","targetHints":{"allow":["GET"]}}],"collection":[{"href":"https:\/\/miradordeatarfe.es\/index.php?rest_route=\/wp\/v2\/posts"}],"about":[{"href":"https:\/\/miradordeatarfe.es\/index.php?rest_route=\/wp\/v2\/types\/post"}],"author":[{"embeddable":true,"href":"https:\/\/miradordeatarfe.es\/index.php?rest_route=\/wp\/v2\/users\/1"}],"replies":[{"embeddable":true,"href":"https:\/\/miradordeatarfe.es\/index.php?rest_route=%2Fwp%2Fv2%2Fcomments&post=65056"}],"version-history":[{"count":1,"href":"https:\/\/miradordeatarfe.es\/index.php?rest_route=\/wp\/v2\/posts\/65056\/revisions"}],"predecessor-version":[{"id":65058,"href":"https:\/\/miradordeatarfe.es\/index.php?rest_route=\/wp\/v2\/posts\/65056\/revisions\/65058"}],"wp:featuredmedia":[{"embeddable":true,"href":"https:\/\/miradordeatarfe.es\/index.php?rest_route=\/wp\/v2\/media\/65057"}],"wp:attachment":[{"href":"https:\/\/miradordeatarfe.es\/index.php?rest_route=%2Fwp%2Fv2%2Fmedia&parent=65056"}],"wp:term":[{"taxonomy":"category","embeddable":true,"href":"https:\/\/miradordeatarfe.es\/index.php?rest_route=%2Fwp%2Fv2%2Fcategories&post=65056"},{"taxonomy":"post_tag","embeddable":true,"href":"https:\/\/miradordeatarfe.es\/index.php?rest_route=%2Fwp%2Fv2%2Ftags&post=65056"}],"curies":[{"name":"wp","href":"https:\/\/api.w.org\/{rel}","templated":true}]}}